{"id":91154,"date":"2021-03-05T17:42:44","date_gmt":"2021-03-05T17:42:44","guid":{"rendered":"https:\/\/dimensionturistica.com\/es\/?p=91154"},"modified":"2021-03-05T17:42:44","modified_gmt":"2021-03-05T17:42:44","slug":"cinco-personas-heridas-en-accidente-carretero","status":"publish","type":"post","link":"https:\/\/dimensionturistica.com\/es\/cinco-personas-heridas-en-accidente-carretero\/","title":{"rendered":"Cinco personas heridas en accidente carretero"},"content":{"rendered":"<p> <br \/>\n<\/p>\n<div><!--Foto--><\/p>\n<div class=\"slider default-slick main-slider slick-inside-nav\">\n<div>\n<div class=\"thumb\"><img decoding=\"async\" src=\"https:\/\/dimensionturistica.com\/es\/wp-content\/uploads\/2021\/03\/Cinco-personas-heridas-en-accidente-carretero.jpg\" alt=\"Cinco personas heridas en accidente carretero\" title=\"Cinco personas heridas en accidente carretero\"\/><a rel=\"nofollow noopener\" target=\"_blank\" href=\"https:\/\/cuartopoderrm.blob.core.windows.net.optimalcdn.com\/images\/2021\/03\/05\/r1-3.jpg\" class=\"viewmore-overlay photo-fbx\"><i class=\"fa fa-image\"\/><\/a><\/div>\n<p><span class=\"photo-desc\"\/><\/div>\n<\/div>\n<p><!--Foto--><!--Cuerpo--><\/p>\n<p>El choque de dos unidades dej\u00f3 como saldo a cinco personas lesionadas sobre el tramo carretero San Crist\u00f3bal de Las Casas-Teopisca, a la altura del crucero de la comunidad Rancho Nuevo.<\/p>\n<p>El accidente ocurri\u00f3 cuando por evitar chocar contra un veh\u00edculo marca Nissan tipo Tsuru, el conductor de un volteo perdi\u00f3 el management de la pesada unidad, lo que provoc\u00f3 que se impactara contra una unidad tipo Urvan del servicio p\u00fablico.<\/p>\n<p>El veh\u00edculo de acarreo de materials p\u00e9treo, coloration blanco, con placas CW-7086-A, period manejado por Jaime No\u00e9 Gonz\u00e1lez Espinoza (38 a\u00f1os), quien narr\u00f3 c\u00f3mo en el crucero de Rancho Nuevo un veh\u00edculo marca Nissan tipo Tsuru se le atraves\u00f3 y para evitar que se impactara dio un giro, lo que provoc\u00f3 que volcara y se estrellara contra la Urvan.<\/p>\n<p>De este hecho resultaron lesionados Jeovany H\u00e9ctor (20 a\u00f1os), Ram\u00f3n \u201cN\u201d (39), Carlos David \u201cN\u201d (18) y uno m\u00e1s que se neg\u00f3 dar sus datos, de los cuales s\u00f3lo tres fueron trasladados a un hospital de San Crist\u00f3bal de Las Casas.<\/p>\n<p>La autoridad inform\u00f3 que al lugar acudieron elementos de Protecci\u00f3n Civil y Cruz Roja para el traslado de los lesionados, y fue una gr\u00faa la que remolc\u00f3 a las unidades involucradas; adem\u00e1s acudieron elementos de la guardia Nacional para deslindar responsabilidades.<\/p>\n<p>El responsable del accidente se dio a la fuga.<\/p>\n<p><!--Cuerpo--><\/div>\n\n<p><em> &#8221; Fuentes www.cuartopoder.mx &#8221; <\/em><\/p>\n","protected":false},"excerpt":{"rendered":"<p>El choque de dos unidades dej\u00f3 como saldo a cinco personas lesionadas sobre el tramo carretero San Crist\u00f3bal de Las Casas-Teopisca, a la altura del crucero de la comunidad Rancho Nuevo. El accidente ocurri\u00f3 cuando por evitar chocar contra un veh\u00edculo marca Nissan tipo Tsuru, el conductor de un volteo perdi\u00f3 el management de la [&hellip;]<\/p>\n","protected":false},"author":4,"featured_media":91155,"comment_status":"open","ping_status":"closed","sticky":false,"template":"","format":"standard","meta":{"om_disable_all_campaigns":false,"jnews-multi-image_gallery":[],"jnews_single_post":[],"jnews_primary_category":[],"jnews_social_meta":[],"footnotes":""},"categories":[41],"tags":[],"class_list":["post-91154","post","type-post","status-publish","format-standard","has-post-thumbnail","hentry","category-cruceros"],"_links":{"self":[{"href":"https:\/\/dimensionturistica.com\/es\/wp-json\/wp\/v2\/posts\/91154","targetHints":{"allow":["GET"]}}],"collection":[{"href":"https:\/\/dimensionturistica.com\/es\/wp-json\/wp\/v2\/posts"}],"about":[{"href":"https:\/\/dimensionturistica.com\/es\/wp-json\/wp\/v2\/types\/post"}],"author":[{"embeddable":true,"href":"https:\/\/dimensionturistica.com\/es\/wp-json\/wp\/v2\/users\/4"}],"replies":[{"embeddable":true,"href":"https:\/\/dimensionturistica.com\/es\/wp-json\/wp\/v2\/comments?post=91154"}],"version-history":[{"count":0,"href":"https:\/\/dimensionturistica.com\/es\/wp-json\/wp\/v2\/posts\/91154\/revisions"}],"wp:featuredmedia":[{"embeddable":true,"href":"https:\/\/dimensionturistica.com\/es\/wp-json\/wp\/v2\/media\/91155"}],"wp:attachment":[{"href":"https:\/\/dimensionturistica.com\/es\/wp-json\/wp\/v2\/media?parent=91154"}],"wp:term":[{"taxonomy":"category","embeddable":true,"href":"https:\/\/dimensionturistica.com\/es\/wp-json\/wp\/v2\/categories?post=91154"},{"taxonomy":"post_tag","embeddable":true,"href":"https:\/\/dimensionturistica.com\/es\/wp-json\/wp\/v2\/tags?post=91154"}],"curies":[{"name":"wp","href":"https:\/\/api.w.org\/{rel}","templated":true}]}}