{"id":91131,"date":"2021-03-05T17:09:07","date_gmt":"2021-03-05T17:09:07","guid":{"rendered":"https:\/\/dimensionturistica.com\/es\/?p=91131"},"modified":"2021-03-05T17:09:07","modified_gmt":"2021-03-05T17:09:07","slug":"aida-cruises-extiende-temporada-de-cruceros-por-islas-canarias-hasta-mediados-de-mayo-de-2021","status":"publish","type":"post","link":"https:\/\/dimensionturistica.com\/es\/aida-cruises-extiende-temporada-de-cruceros-por-islas-canarias-hasta-mediados-de-mayo-de-2021\/","title":{"rendered":"AIDA Cruises extiende temporada de cruceros por Islas Canarias hasta mediados de mayo de 2021"},"content":{"rendered":"<p> <br \/>\n<\/p>\n<div style=\"margin-top:0px;\">\n<p><span id=\"more-88158\"\/><strong>Por Redacci\u00f3n PortalCruceros.cl<\/strong><\/p>\n<p><strong>@PortalCruceros<\/strong><\/p>\n<hr\/>\n<p style=\"text-align: justify;\"><strong>AIDA Cruises<\/strong> anunci\u00f3 que extender\u00e1 su temporada de cruceros por las <strong>Islas Canarias abordo del AIDAperla<\/strong> hasta mediados de mayo de 2021. El puerto de inicio y destino de los viajes de siete d\u00edas es Las Palmas, Gran Canaria.<\/p>\n<p style=\"text-align: justify;\"><img decoding=\"async\" loading=\"lazy\" class=\"alignright  wp-image-87829\" src=\"https:\/\/dimensionturistica.com\/es\/wp-content\/uploads\/2021\/02\/AIDA-Cruises-abre-la-temporada-de-cruceros-2021-el-20.jpg\" alt=\"\" width=\"405\" height=\"228\"  \/>La empresa recalc\u00f3 que implement\u00f3 un conjunto de protocolos mejorados de salud para sus pasajeros y tripulaci\u00f3n.<\/p>\n<p style=\"text-align: justify;\">\u201cEn los \u00faltimos meses, las islas de la eterna primavera han sido un destino de vacaciones en Europa con tasas de incidencia consistentemente bajas. Como resultado de las regulaciones del gobierno espa\u00f1ol para viajes seguros, que coinciden con los protocolos mejorados de salud y seguridad de AIDA, los hu\u00e9spedes de la l\u00ednea de cruceros han podido disfrutar de unas relajantes vacaciones en las Islas Canarias\u201d, precis\u00f3 AIDA.<\/p>\n<p style=\"text-align: justify;\">Los protocolos mejorados de salud y seguridad, probados por SGS Institut Fresenius y confirmados por DNV GL, incluyen un PCR obligatorio antes de viajar, as\u00ed como controles de salud peri\u00f3dicos, extensos normas de distancia e higiene, atenci\u00f3n m\u00e9dica, incluida la capacidad de prueba a bordo y otras medidas.<\/p>\n<p style=\"text-align: justify;\">Actualmente no es posible realizar vacaciones en crucero en otros destinos de AIDA. Sin embargo, con la extensi\u00f3n de su temporada de cruceros por las Islas Canarias con AIDAperla, AIDA Cruises podr\u00e1 ofrecer a todos los pasajeros una opci\u00f3n de vacaciones.<\/p>\n<p style=\"text-align: justify;\">Esto se aplica a los hu\u00e9spedes que originalmente reservaron un crucero por el Mediterr\u00e1neo en <strong>AIDAstella<\/strong> con fechas de salida desde el 20 de marzo hasta el 11 de mayo de 2021 inclusive; en AIDAperla con fechas de salida hasta el 14 de mayo de 2021 inclusive; en <strong>AIDAblu<\/strong> entre el 4 de abril y hasta el 25 de abril de 2021 inclusive; y en <strong>AIDAmar<\/strong> entre el 21 de marzo y hasta el 18 de abril de 2021 inclusive.<\/p>\n<p style=\"text-align: justify;\">Lo mismo se aplica a todos los hu\u00e9spedes que originalmente estaban programados para partir con<strong> AIDAsol<\/strong> desde Hamburgo y Rotterdam hacia el norte de Europa y Noruega entre el 20 de marzo y el 3 de abril de 2021, o con <strong>AIDAluna<\/strong> desde Hamburgo el 31 de marzo y el 4 de abril de 2021.<\/p>\n<p style=\"text-align: justify;\">Los cruceros de posicionamiento con <strong>AIDAmira<\/strong> programados para partir el 16 de abril de 2021 y con AIDAvita el 20 de abril de 2021 tambi\u00e9n deben cancelarse.<\/p>\n<p style=\"text-align: justify;\">Se informar\u00e1 de inmediato a todos los pasajeros cuyo viaje no pueda realizarse seg\u00fan lo programado originalmente.<\/p>\n<hr\/>\n<p>\t\t <!-- banner --><br \/>\n<!--\t \n\n<div style=\"margin-top: 15px;\"><\/div>\n\n\n<a rel=\"nofollow noopener\" target=\"_blank\" href=\"https:\/\/www.linkedin.com\/company\/portalcruceros-cl\/\">\n\t<img decoding=\"async\" src=\"https:\/\/dimensionturistica.com\/es\/wp-content\/uploads\/2020\/09\/Knud-E-Hansen-disena-nuevo-crucero-de-expedicion-rompehielos.gif\" \/>\n\t<\/a> --><\/p>\n<p>\t<!-- banner end --><\/p>\n<p>\t\t <!-- notas relacionadas --><\/p>\n<hr\/>\n<p>\t\t   <!-- fin notas relacionadas --><\/p><\/div>\n\n<p><em> &#8221; Fuentes portalcruceros.cl &#8221; <\/em><\/p>\n","protected":false},"excerpt":{"rendered":"<p>Por Redacci\u00f3n PortalCruceros.cl @PortalCruceros AIDA Cruises anunci\u00f3 que extender\u00e1 su temporada de cruceros por las Islas Canarias abordo del AIDAperla hasta mediados de mayo de 2021. El puerto de inicio y destino de los viajes de siete d\u00edas es Las Palmas, Gran Canaria. La empresa recalc\u00f3 que implement\u00f3 un conjunto de protocolos mejorados de salud [&hellip;]<\/p>\n","protected":false},"author":4,"featured_media":82381,"comment_status":"open","ping_status":"closed","sticky":false,"template":"","format":"standard","meta":{"om_disable_all_campaigns":false,"jnews-multi-image_gallery":[],"jnews_single_post":[],"jnews_primary_category":[],"jnews_social_meta":[],"footnotes":""},"categories":[41],"tags":[],"class_list":["post-91131","post","type-post","status-publish","format-standard","has-post-thumbnail","hentry","category-cruceros"],"_links":{"self":[{"href":"https:\/\/dimensionturistica.com\/es\/wp-json\/wp\/v2\/posts\/91131","targetHints":{"allow":["GET"]}}],"collection":[{"href":"https:\/\/dimensionturistica.com\/es\/wp-json\/wp\/v2\/posts"}],"about":[{"href":"https:\/\/dimensionturistica.com\/es\/wp-json\/wp\/v2\/types\/post"}],"author":[{"embeddable":true,"href":"https:\/\/dimensionturistica.com\/es\/wp-json\/wp\/v2\/users\/4"}],"replies":[{"embeddable":true,"href":"https:\/\/dimensionturistica.com\/es\/wp-json\/wp\/v2\/comments?post=91131"}],"version-history":[{"count":0,"href":"https:\/\/dimensionturistica.com\/es\/wp-json\/wp\/v2\/posts\/91131\/revisions"}],"wp:featuredmedia":[{"embeddable":true,"href":"https:\/\/dimensionturistica.com\/es\/wp-json\/wp\/v2\/media\/82381"}],"wp:attachment":[{"href":"https:\/\/dimensionturistica.com\/es\/wp-json\/wp\/v2\/media?parent=91131"}],"wp:term":[{"taxonomy":"category","embeddable":true,"href":"https:\/\/dimensionturistica.com\/es\/wp-json\/wp\/v2\/categories?post=91131"},{"taxonomy":"post_tag","embeddable":true,"href":"https:\/\/dimensionturistica.com\/es\/wp-json\/wp\/v2\/tags?post=91131"}],"curies":[{"name":"wp","href":"https:\/\/api.w.org\/{rel}","templated":true}]}}