{"id":91016,"date":"2021-03-05T14:12:46","date_gmt":"2021-03-05T14:12:46","guid":{"rendered":"https:\/\/dimensionturistica.com\/es\/?p=91016"},"modified":"2021-03-05T14:12:46","modified_gmt":"2021-03-05T14:12:46","slug":"mujeres-como-avanza-su-participacion-en-la-logistica","status":"publish","type":"post","link":"https:\/\/dimensionturistica.com\/es\/mujeres-como-avanza-su-participacion-en-la-logistica\/","title":{"rendered":"Mujeres, \u00bfc\u00f3mo avanza su participaci\u00f3n en la log\u00edstica?"},"content":{"rendered":"<p> <br \/>\n<\/p>\n<div>\n<p><span><span>Con el paso de los a\u00f1os las mujeres han ido ganando terreno en <strong>diferentes posiciones y puestos claves dentro del transporte y la log\u00edstica<\/strong>, tanto en el \u00e1mbito p\u00fablico como en el privado; aunque siguen siendo sectores con l\u00edderes preponderantemente hombres. <\/span><\/span><\/p>\n<p><span><span>Por poner un ejemplo, en la edici\u00f3n de febrero de la revista T21 se public\u00f3 un reportaje titulado \u201c<a rel=\"nofollow noopener\" target=\"_blank\" href=\"http:\/\/t21.com.mx\/revista-pdf\/2021\/01\/29\/revista-t21-febrero-2021\">Desigualdad portuaria<\/a>\u201d, en donde se daba cuenta que, desde la creaci\u00f3n de las Administraciones Portuarias Integrales (API) hace casi 30 a\u00f1os, <strong>un whole de 150 funcionarios hab\u00edan ocupado las direcciones generales, pero s\u00f3lo 5 han sido mujeres<\/strong>.<\/span><\/span><\/p>\n<p><span><span>La historia no es muy diferente en dependencias gubernamentales y empresas de otro tipo de modos de transporte como el ferroviario, el a\u00e9reo, el autotransporte federal y la log\u00edstica en normal. <\/span><\/span><\/p>\n<p><span><span>En el sector mar\u00edtimo, la <a rel=\"nofollow noopener\" target=\"_blank\" href=\"https:\/\/www.imo.org\/es\">Organizaci\u00f3n Mar\u00edtima Internacional (OMI)<\/a> estima que las mujeres representan s\u00f3lo el 2% de los 1.2 millones de marinos a nivel mundial, y que el 94% de las mujeres que se dedican a las carreras mar\u00edtimas trabajan en el sector de los cruceros.<\/span><\/span><\/p>\n<p><span><span>Bajo este escenario, Grupo T21 ha organizado\u00a0dentro del programa <a rel=\"nofollow noopener\" target=\"_blank\" href=\"https:\/\/www.youtube.com\/c\/T21TV\/videos\">Di\u00e1logos Empresariales de Log\u00edstica<\/a> el panel digital <em><strong>\u201cMujeres, \u00bfc\u00f3mo avanza su participaci\u00f3n en la log\u00edstica?\u201d<\/strong><\/em>, mismo que se llevar\u00e1 a cabo este 8 de marzo, en el D\u00eda Internacional de la Mujer. <\/span><\/span><\/p>\n<p><span><span>Moderar\u00e1 <strong>Adriana \u00c1vila Z\u00fa\u00f1iga Nordfjeld<\/strong>, presidenta de <a rel=\"nofollow noopener\" target=\"_blank\" href=\"https:\/\/wistainternational.com\/association\/wista-mexico\/\">Women&#8217;s International Shipping &amp; Trading Association (WISTA) M\u00e9xico<\/a>. Es doctora en Asuntos Mar\u00edtimos con especializaci\u00f3n en Administraci\u00f3n Mar\u00edtima, Seguridad y Protecci\u00f3n Mar\u00edtima y Portuaria, egresada de la World Maritime College, establecida en el marco de la OMI en Suecia. Actualmente es investigadora y catedr\u00e1tica en sistemas mar\u00edtimos de defensa de la Universidad de Defensa de ese pa\u00eds.<\/span><\/span><\/p>\n<p><span><span>Tiene una licenciatura en Comercio Internacional y Aduanas de la Universidad Univer de M\u00e9xico, una maestr\u00eda de Ciencias en Administraci\u00f3n Mar\u00edtima con especializaci\u00f3n en administraci\u00f3n de riesgos en seguridad y protecci\u00f3n mar\u00edtima, de la Universidad Tecnol\u00f3gica de Chalmers (Suecia); as\u00ed como una maestr\u00eda de leyes en Derecho Mar\u00edtimo del Instituto Escandinavo de Derecho Mar\u00edtimo de la Universidad de Oslo, Noruega. <\/span><\/span><\/p>\n<p><span><span>La doctora Nordfjeld tiene m\u00e1s de 15 a\u00f1os de experiencia laboral en el sector mar\u00edtimo, en torno a la gesti\u00f3n de riesgos, la seguridad y protecci\u00f3n mar\u00edtima. Durante la recolecci\u00f3n de datos para la investigaci\u00f3n doctoral, presenci\u00f3 varias situaciones en diferentes instituciones del sector mar\u00edtimo donde algunas mujeres sufrieron violencia y discriminaci\u00f3n de g\u00e9nero, lo que la llev\u00f3 al establecimiento de WISTA M\u00e9xico, que tiene como objetivo principal el empoderamiento de las mujeres en los sectores mar\u00edtimo, portuario y naval. <\/span><\/span><\/p>\n<p><span><span>Como panelista estar\u00e1 <strong>Marliz Berm\u00fadez<\/strong>, precise directora comercial en Am\u00e9rica Latina de <a rel=\"nofollow noopener\" target=\"_blank\" href=\"https:\/\/www.apmterminals.com\/\">APM Terminals<\/a>. Tiene experiencia de 14 a\u00f1os dentro del sector mar\u00edtimo y portuario ocupando diferentes posiciones dentro del mismo conglomerado empresarial, conquistando el puesto de gerente de proyectos en Maersk, para despu\u00e9s convertirse en pieza angular dentro del desarrollo de la terminal de contenedores APM Terminals L\u00e1zaro C\u00e1rdenas en M\u00e9xico, y despu\u00e9s su cargo precise, liderado desde Panam\u00e1. <\/span><\/span><\/p>\n<p><span><span>Tambi\u00e9n participar\u00e1 desde Panam\u00e1, <strong>Guimara Tu\u00f1\u00f3n Guerra<\/strong>, gerente de operaciones y desarrollo de <a rel=\"nofollow noopener\" target=\"_blank\" href=\"https:\/\/mpbureau.com\/\">Maritime Policy Bureau<\/a>. Fue galardonada por la <a rel=\"nofollow noopener\" target=\"_blank\" href=\"http:\/\/portalcip.org\/?lang=es\">Comisi\u00f3n Interamericana de Puertos (CIP)<\/a> de la <a rel=\"nofollow noopener\" target=\"_blank\" href=\"http:\/\/www.oas.org\/es\/\">Organizaci\u00f3n de Estados Americanos (OEA)<\/a> como \u201cMujer Sobresaliente del Sector Mar\u00edtimo-Portuario\u201d en 2018, cuando se desempe\u00f1aba como directora Basic de Puertos e Industrias Mar\u00edtimas Auxiliares de la Autoridad Mar\u00edtima de Panam\u00e1, pero ha tenido una gran trayectoria dentro del sector ocupando diversas posiciones. <\/span><\/span><\/p>\n<p><span><span>Con 23 a\u00f1os de experiencia estar\u00e1 presente <strong>Mar\u00eda Florencia V\u00e1zquez<\/strong>, directora de Importaciones de <a rel=\"nofollow noopener\" target=\"_blank\" href=\"https:\/\/www.walmartmexico.com\/\">Walmart M\u00e9xico y Centroam\u00e9rica<\/a>. Se ha desempe\u00f1ado a lo largo de la cadena de suministro\u00a0en \u00e1reas de planeaci\u00f3n, inventarios, procurement, importaciones, involucrada en dise\u00f1o e implementaci\u00f3n de redes log\u00edsticas utilizando modelos de transporte. Ha trabajado en compa\u00f1\u00edas trasnacionales dedicadas a productos, bebidas, 3PL y actualmente Retail, teniendo en varias ocasiones\u00a0roles regionales.<\/span><\/span><\/p>\n<p><span><span>Asimismo, con una larga trayectoria participar\u00e1 <strong>Susana D\u00edaz Virgen<\/strong>, gerente normal de <a rel=\"nofollow noopener\" target=\"_blank\" href=\"http:\/\/hutchisonportsicave.com\/\">Hutchison Ports ICAVE<\/a>. Comenz\u00f3 su desempe\u00f1o en el sector dentro de Grupo TMM y en Hutchison Ports ha ocupado diferentes cargos hasta dirigir ICAVE, siendo pieza clave en la migraci\u00f3n de la terminal de contenedores en el puerto de Veracruz, de sus antiguas instalaciones a las que actualmente opera, donde es l\u00edder en el movimiento de carga contenerizada en el Golfo de M\u00e9xico.<\/span><\/span><\/p>\n<p>Por su parte abonar\u00e1 al di\u00e1logo <strong>Alma Medina V\u00e9lez<\/strong>, gerente comercial de <a rel=\"nofollow noopener\" target=\"_blank\" href=\"https:\/\/www.anditerminals.com\/en\/empresa\/anditerminal\">Andino Terminales M\u00e9xico (Anditerminals)<\/a>, quien ha trabajado con Andino Holding Worldwide para apoyar el arranque de sus actividades en M\u00e9xico, a trav\u00e9s de Andikem M\u00e9xico y Anditerminals, que ofrecen servicio de almacenaje, envasado de producto, soluciones integrales que incluyen\u00a0servicio mar\u00edtimo y almacenaje, y pr\u00f3ximamente, trasvase para petrol\u00edferos. Se ha desempe\u00f1ado en diversos ramos como el industrial, automotriz, educaci\u00f3n y en los \u00faltimos 6 a\u00f1os en log\u00edstica.<\/p>\n<p><img decoding=\"async\" alt=\"DEL - 8 de marzo - 21-2\" data-entity-type=\"file\" data-entity-uuid=\"7f8dcd7d-52f1-427e-a1ff-2fd72565bdb8\" src=\"https:\/\/dimensionturistica.com\/es\/wp-content\/uploads\/2021\/03\/Mujeres-\u00bfcomo-avanza-su-participacion-en-la-logistica.png\" class=\"align-center\"\/><\/p>\n<p>\u00a0<\/p>\n<p>Comenta y s\u00edguenos en Twitter:\u00a0\u00a0<a rel=\"nofollow noopener\" target=\"_blank\" href=\"https:\/\/twitter.com\/GrupoT21\">@GrupoT21<\/a><\/p>\n<ul>\n<li><em>Consulta la edici\u00f3n electr\u00f3nica de la revista T21 de marzo <a rel=\"nofollow noopener\" target=\"_blank\" href=\"http:\/\/t21.com.mx\/2021\/03\/01\/revista-t21-marzo-2021\"><strong>en este link<\/strong><\/a>.<\/em><\/li>\n<li><em><strong><a rel=\"nofollow noopener\" target=\"_blank\" href=\"https:\/\/mailchi.mp\/t21\/suscripcion\">Suscr\u00edbete aqu\u00ed<\/a><\/strong> al bolet\u00edn de noticias de T21<\/em><\/li>\n<li><em><em>Solicita tu suscripci\u00f3n a la revista impresa en: suscripciones@t21.com.mx<\/em><\/em><\/li>\n<\/ul>\n<\/div>\n<p><script async src=\"\/\/platform.twitter.com\/widgets.js\" charset=\"utf-8\"><\/script><script>(function(d, s, id) {\n  var js, fjs = d.getElementsByTagName(s)[0];\n  if (d.getElementById(id)) {return;}\n  js = d.createElement(s); js.id = id;\n  js.src = \"http:\/\/connect.facebook.net\/es_LA\/all.js#xfbml=1\";\n  fjs.parentNode.insertBefore(js, fjs);\n}(document, \"script\", \"facebook-jssdk\"));<\/script><br \/>\n<br \/><\/p>\n<p><em> &#8221; Fuentes t21.com.mx &#8221; <\/em><\/p>\n","protected":false},"excerpt":{"rendered":"<p>Con el paso de los a\u00f1os las mujeres han ido ganando terreno en diferentes posiciones y puestos claves dentro del transporte y la log\u00edstica, tanto en el \u00e1mbito p\u00fablico como en el privado; aunque siguen siendo sectores con l\u00edderes preponderantemente hombres. Por poner un ejemplo, en la edici\u00f3n de febrero de la revista T21 se [&hellip;]<\/p>\n","protected":false},"author":4,"featured_media":91017,"comment_status":"open","ping_status":"closed","sticky":false,"template":"","format":"standard","meta":{"om_disable_all_campaigns":false,"jnews-multi-image_gallery":[],"jnews_single_post":[],"jnews_primary_category":[],"jnews_social_meta":[],"footnotes":""},"categories":[41],"tags":[],"class_list":["post-91016","post","type-post","status-publish","format-standard","has-post-thumbnail","hentry","category-cruceros"],"_links":{"self":[{"href":"https:\/\/dimensionturistica.com\/es\/wp-json\/wp\/v2\/posts\/91016","targetHints":{"allow":["GET"]}}],"collection":[{"href":"https:\/\/dimensionturistica.com\/es\/wp-json\/wp\/v2\/posts"}],"about":[{"href":"https:\/\/dimensionturistica.com\/es\/wp-json\/wp\/v2\/types\/post"}],"author":[{"embeddable":true,"href":"https:\/\/dimensionturistica.com\/es\/wp-json\/wp\/v2\/users\/4"}],"replies":[{"embeddable":true,"href":"https:\/\/dimensionturistica.com\/es\/wp-json\/wp\/v2\/comments?post=91016"}],"version-history":[{"count":0,"href":"https:\/\/dimensionturistica.com\/es\/wp-json\/wp\/v2\/posts\/91016\/revisions"}],"wp:featuredmedia":[{"embeddable":true,"href":"https:\/\/dimensionturistica.com\/es\/wp-json\/wp\/v2\/media\/91017"}],"wp:attachment":[{"href":"https:\/\/dimensionturistica.com\/es\/wp-json\/wp\/v2\/media?parent=91016"}],"wp:term":[{"taxonomy":"category","embeddable":true,"href":"https:\/\/dimensionturistica.com\/es\/wp-json\/wp\/v2\/categories?post=91016"},{"taxonomy":"post_tag","embeddable":true,"href":"https:\/\/dimensionturistica.com\/es\/wp-json\/wp\/v2\/tags?post=91016"}],"curies":[{"name":"wp","href":"https:\/\/api.w.org\/{rel}","templated":true}]}}