{"id":91008,"date":"2021-03-05T14:06:36","date_gmt":"2021-03-05T14:06:36","guid":{"rendered":"https:\/\/dimensionturistica.com\/es\/?p=91008"},"modified":"2021-03-05T14:06:37","modified_gmt":"2021-03-05T14:06:37","slug":"el-skoda-kushaq-nos-muestra-su-juvenil-interior-en-bocetos-oficiales","status":"publish","type":"post","link":"https:\/\/dimensionturistica.com\/es\/el-skoda-kushaq-nos-muestra-su-juvenil-interior-en-bocetos-oficiales\/","title":{"rendered":"El \u0160koda KUSHAQ nos muestra su juvenil interior en bocetos oficiales"},"content":{"rendered":"<p> <br \/>\n<\/p>\n<div>\n<p>Junto a las im\u00e1genes oficiales de <a rel=\"nofollow noopener\" target=\"_blank\" href=\"https:\/\/www.autonocion.com\/el-skoda-kushaq-se-deja-ver-antes-de-su-debut-el-primero-en-hacer-uso-de-la-mqb-a0-in\/\">coches camuflados<\/a> que \u0160koda lanz\u00f3 hace unas semanas y los primeros <a rel=\"nofollow noopener\" target=\"_blank\" href=\"https:\/\/www.autonocion.com\/el-skoda-kushaq-da-la-cara-en-forma-de-boceto\/\">bocetos oficiales<\/a>, hoy la marca nos ha mostrado dos bocetos que nos ofrece una vista previa detallada del inside del nuevo KUSHAQ. A pesar de no estar relacionado con el Kamiq, tiene un salpicadero related a este, con detalles en naranja muy coloridos.<\/p>\n<p>En \u00e9l tambi\u00e9n podemos ver una l\u00ednea central que recorre todo su ancho. En posici\u00f3n privilegiada se encuentra la pantalla del sistema de infoentretenimiento, en tama\u00f1o de <strong>10 pulgadas<\/strong>, seguida de las salidas de ventilaci\u00f3n y una inclinada consola central. Para la climatizaci\u00f3n, la firma checa recurre a un<strong> panel t\u00e1ctil<\/strong> en los acabados m\u00e1s completos.<\/p>\n<p><a rel=\"nofollow noopener\" target=\"_blank\" href=\"https:\/\/dimensionturistica.com\/es\/wp-content\/uploads\/2021\/03\/El-Skoda-KUSHAQ-nos-muestra-su-juvenil-interior-en-bocetos.jpg\"><img decoding=\"async\" class=\"alignnone size-full wp-image-507350\" src=\"data:image\/svg+xml,%3Csvg%20xmlns=\" http:=\"\" alt=\"\" width=\"1600\" height=\"826\" data-lazy- data-lazy- data-lazy-src=\"https:\/\/dimensionturistica.com\/es\/wp-content\/uploads\/2021\/03\/El-Skoda-KUSHAQ-nos-muestra-su-juvenil-interior-en-bocetos.jpg\"\/><noscript><img decoding=\"async\" class=\"alignnone size-full wp-image-507350\" src=\"https:\/\/dimensionturistica.com\/es\/wp-content\/uploads\/2021\/03\/El-Skoda-KUSHAQ-nos-muestra-su-juvenil-interior-en-bocetos.jpg\" alt=\"\" width=\"1600\" height=\"826\"  \/><\/noscript><\/a><\/p>\n<p>A nivel de equipamiento no faltar\u00e1n la <strong>recarga inal\u00e1mbrica<\/strong> de\u00a0<em>smartphone<\/em>, tomas USB y 12V,<strong> instrumentaci\u00f3n digital<\/strong>, volante multifunci\u00f3n, salidas de aire en la segunda fila de asientos, freno de mano tradicional, faros LED y elevalunas el\u00e9ctricos. Como es routine, los huecos portaobjetos ser\u00e1n abundantes y notablemente espaciosos.<\/p>\n<p>En el exterior, el dise\u00f1o del SUV mediano para el <strong>mercado indio<\/strong> se inspira en el aspecto atrevido del prototipo \u0160koda VISION IN. La marca ha adaptado la versi\u00f3n <strong>MQB-A0-IN<\/strong> para enfocarla al mercado indio. Aunque el\u00a0estreno mundial del KUSHAQ\u00a0tendr\u00e1 lugar el <strong>18 de marzo de 2021<\/strong>, la marca est\u00e1 muy interesada en que todo el mundo conozca sus planes.<\/p>\n<p><a rel=\"nofollow noopener\" target=\"_blank\" href=\"https:\/\/dimensionturistica.com\/es\/wp-content\/uploads\/2021\/03\/1614953195_353_El-Skoda-KUSHAQ-nos-muestra-su-juvenil-interior-en-bocetos.jpg\"><img decoding=\"async\" class=\"alignnone size-full wp-image-503776\" src=\"data:image\/svg+xml,%3Csvg%20xmlns=\" http:=\"\" alt=\"\" width=\"1312\" height=\"779\" data-lazy- data-lazy- data-lazy-src=\"https:\/\/dimensionturistica.com\/es\/wp-content\/uploads\/2021\/03\/1614953195_353_El-Skoda-KUSHAQ-nos-muestra-su-juvenil-interior-en-bocetos.jpg\"\/><noscript><img decoding=\"async\" class=\"alignnone size-full wp-image-503776\" src=\"https:\/\/dimensionturistica.com\/es\/wp-content\/uploads\/2021\/03\/1614953195_353_El-Skoda-KUSHAQ-nos-muestra-su-juvenil-interior-en-bocetos.jpg\" alt=\"\" width=\"1312\" height=\"779\"  \/><\/noscript><\/a><\/p>\n<p>En dimensiones, el KUSHAQ cuenta con una larga distancia entre ejes de<strong> 2.651 mm<\/strong>, aspecto robusto y grandes ruedas. Con mucho espacio para cinco ocupantes y un maletero grande, el inside del SUV tambi\u00e9n es impresionante. Bajo el cap\u00f3 encontraremos eficientes motores de<strong> gasolina TSI<\/strong>: un 1.0 o un 1.5 TSI, ambos con tracci\u00f3n delantera.<\/p>\n<p>Dependiendo del nivel de acabado, el KUSHAQ est\u00e1 equipado con una <strong>caja de cambios guide<\/strong> de seis relaciones, una <strong>transmisi\u00f3n autom\u00e1tica<\/strong> de seis velocidades o una <strong>DSG<\/strong> de siete. Los ocupantes est\u00e1n protegidos por hasta seis airbags, mientras que el ESC garantiza una mayor seguridad.<\/p>\n<p><a rel=\"nofollow noopener\" target=\"_blank\" href=\"https:\/\/dimensionturistica.com\/es\/wp-content\/uploads\/2021\/03\/1614953195_163_El-Skoda-KUSHAQ-nos-muestra-su-juvenil-interior-en-bocetos.jpg\"><img decoding=\"async\" class=\"alignnone size-full wp-image-503775\" src=\"data:image\/svg+xml,%3Csvg%20xmlns=\" http:=\"\" alt=\"\" width=\"1202\" height=\"768\" data-lazy- data-lazy- data-lazy-src=\"https:\/\/dimensionturistica.com\/es\/wp-content\/uploads\/2021\/03\/1614953195_163_El-Skoda-KUSHAQ-nos-muestra-su-juvenil-interior-en-bocetos.jpg\"\/><noscript><img decoding=\"async\" class=\"alignnone size-full wp-image-503775\" src=\"https:\/\/dimensionturistica.com\/es\/wp-content\/uploads\/2021\/03\/1614953195_163_El-Skoda-KUSHAQ-nos-muestra-su-juvenil-interior-en-bocetos.jpg\" alt=\"\" width=\"1202\" height=\"768\"  \/><\/noscript><\/a><\/p>\n<p>El <strong>management Hill-Maintain<\/strong>, los sensores de lluvia y luz y un sistema de management de crucero mejoran a\u00fan m\u00e1s la seguridad y el confort. El modelo tambi\u00e9n puede equiparse con un monitor de presi\u00f3n de neum\u00e1ticos. Tan pronto como el modelo sea presentado, os haremos saber todos los detalles.<\/p>\n<\/div>\n\n<p><em> &#8221; Fuentes www.autonocion.com &#8221; <\/em><\/p>\n","protected":false},"excerpt":{"rendered":"<p>Junto a las im\u00e1genes oficiales de coches camuflados que \u0160koda lanz\u00f3 hace unas semanas y los primeros bocetos oficiales, hoy la marca nos ha mostrado dos bocetos que nos ofrece una vista previa detallada del inside del nuevo KUSHAQ. A pesar de no estar relacionado con el Kamiq, tiene un salpicadero related a este, con [&hellip;]<\/p>\n","protected":false},"author":4,"featured_media":91009,"comment_status":"open","ping_status":"closed","sticky":false,"template":"","format":"standard","meta":{"om_disable_all_campaigns":false,"jnews-multi-image_gallery":[],"jnews_single_post":[],"jnews_primary_category":[],"jnews_social_meta":[],"footnotes":""},"categories":[41],"tags":[],"class_list":["post-91008","post","type-post","status-publish","format-standard","has-post-thumbnail","hentry","category-cruceros"],"_links":{"self":[{"href":"https:\/\/dimensionturistica.com\/es\/wp-json\/wp\/v2\/posts\/91008","targetHints":{"allow":["GET"]}}],"collection":[{"href":"https:\/\/dimensionturistica.com\/es\/wp-json\/wp\/v2\/posts"}],"about":[{"href":"https:\/\/dimensionturistica.com\/es\/wp-json\/wp\/v2\/types\/post"}],"author":[{"embeddable":true,"href":"https:\/\/dimensionturistica.com\/es\/wp-json\/wp\/v2\/users\/4"}],"replies":[{"embeddable":true,"href":"https:\/\/dimensionturistica.com\/es\/wp-json\/wp\/v2\/comments?post=91008"}],"version-history":[{"count":0,"href":"https:\/\/dimensionturistica.com\/es\/wp-json\/wp\/v2\/posts\/91008\/revisions"}],"wp:featuredmedia":[{"embeddable":true,"href":"https:\/\/dimensionturistica.com\/es\/wp-json\/wp\/v2\/media\/91009"}],"wp:attachment":[{"href":"https:\/\/dimensionturistica.com\/es\/wp-json\/wp\/v2\/media?parent=91008"}],"wp:term":[{"taxonomy":"category","embeddable":true,"href":"https:\/\/dimensionturistica.com\/es\/wp-json\/wp\/v2\/categories?post=91008"},{"taxonomy":"post_tag","embeddable":true,"href":"https:\/\/dimensionturistica.com\/es\/wp-json\/wp\/v2\/tags?post=91008"}],"curies":[{"name":"wp","href":"https:\/\/api.w.org\/{rel}","templated":true}]}}