{"id":90999,"date":"2021-03-05T13:55:43","date_gmt":"2021-03-05T13:55:43","guid":{"rendered":"https:\/\/dimensionturistica.com\/es\/?p=90999"},"modified":"2021-03-05T13:55:43","modified_gmt":"2021-03-05T13:55:43","slug":"el-plan-para-vacunar-en-tiempo-record","status":"publish","type":"post","link":"https:\/\/dimensionturistica.com\/es\/el-plan-para-vacunar-en-tiempo-record\/","title":{"rendered":"el plan para vacunar en tiempo &#8216;record&#8217;"},"content":{"rendered":"<p> <br \/>\n<\/p>\n<div>\n<a rel=\"nofollow noopener\" target=\"_blank\" href=\"https:\/\/www.redaccionmedica.com\/eventos\/@directivosandalucia\" class=\"banner_res\" style=\"display: none; float: none; margin: 0 auto 20px; width: 100%; max-width: 320px;\"><br \/>\n<img decoding=\"async\" src=\"https:\/\/dimensionturistica.com\/es\/wp-content\/uploads\/2021\/03\/el-plan-para-vacunar-en-tiempo-record.gif\" \/><br \/>\n<\/a><\/p>\n<p>La <strong>Consejer\u00eda de Salud de la Junta de Andaluc\u00eda <\/strong>ha publicado este viernes su estrategia de vacunaci\u00f3n masiva contra el Covid-19 de la comunidad bajo el t\u00edtulo de<strong> \u2018Plan 500.000 x semana\u2019<\/strong>, por el que pretende administrar medio mill\u00f3n de dosis cada siete d\u00edas. Con este proyecto, la regi\u00f3n espera responder a un n\u00famero de dosis de inyecciones contra el coronavirus que se prev\u00e9 que sea muy superior al precise a partir de finales de marzo de 2021.<\/p>\n<p>Para alcanzar la velocidad de crucero, se permitir\u00e1 la <strong>actividad continuada de lunes a domingo e incluyendo puntos de vacunaci\u00f3n masiva<\/strong> que se sumar\u00edan a los puntos de vacunaci\u00f3n ya establecidos. Adem\u00e1s de los puntos de vacunaci\u00f3n habituales, contempla \u201cuna serie de espacios con unas caracter\u00edsticas determinadas, para la vacunaci\u00f3n masiva de grandes cantidades de vacunas a unos grupos de poblaci\u00f3n determinados de forma muy coordinada y segura\u201d, <a rel=\"nofollow noopener\" target=\"_blank\" href=\"https:\/\/www.juntadeandalucia.es\/boja\/2021\/43\/BOJA21-043-00039-3665-01_00187575.pdf\">seg\u00fan el documento del plan<\/a>.<\/p>\n<p>Los grandes espacios para la vacunaci\u00f3n masiva incluidos en este Plan, as\u00ed como las adaptaciones de tipo organizativo, permitir\u00e1n a cada equipo de profesionales <strong>la administraci\u00f3n de cada vacuna a cada persona en un tiempo medio de 2-3 minutos<\/strong>, si bien el proceso completo puede ocupar un complete de 20-30 minutos desde que llega la persona hasta que abandona el lugar.\n<\/p>\n<h2 style=\"color:#2a6ba3;\">\n<br \/>Hasta 3.000 dosis al d\u00eda por punto de vacunaci\u00f3n<\/h2>\n<p>\n\u201cRealizando un c\u00e1lculo matem\u00e1tico simple, cada equipo vacunador, a 2 minutos por cada vacunaci\u00f3n, durante 12 horas de forma ininterrumpida, puede llegar a administrar hasta 360 dosis al d\u00eda\u201d, asegura el plan. De esta forma, <strong>en un espacio de vacunaci\u00f3n masiva con 10 puestos se podr\u00edan administrar hasta 3.600 dosis al d\u00eda<\/strong>, lo que en una semana ser\u00eda 25.200 dosis.<\/p>\n<p>La mayor\u00eda de los espacios ser\u00e1n grandes lugares al aire libre en los que, incluso, se pueda vacunar desde el coche y en las que se respeten las distancias de seguridad. Estos puntos se localizar\u00e1n en grandes ciudades y, en normal, se trata de <strong>recintos feriales, estadios o palacios de congresos<\/strong>. En el caso de los municipios m\u00e1s peque\u00f1os, se emplear\u00e1n polideportivos u otros espacios similares, y en las zonas rurales, se har\u00e1 uso de unidades m\u00f3viles para zonas de dif\u00edcil acceso.<\/p>\n<p>En los primeros meses, se espera que el primer grupo en vacunarse de manera masiva sean los <strong>mayores de 65 a\u00f1os<\/strong>, antes de continuar con el resto de rangos de edad. As\u00ed, su activaci\u00f3n se prolongar\u00e1 todo el tiempo que sea necesario hasta completar la vacunaci\u00f3n de toda la poblaci\u00f3n.<\/p>\n<p>La distribuci\u00f3n de recursos y la designaci\u00f3n del n\u00famero de puntos de vacunaci\u00f3n se ha planificado en funci\u00f3n de la proporci\u00f3n de personas de los distintos grupos existentes en las \u00e1reas y distritos de Andaluc\u00eda, as\u00ed como las caracter\u00edsticas geogr\u00e1ficas de los mismos, conjugando accesibilidad y eficiencia.<br \/>\n<a rel=\"nofollow noopener\" target=\"_blank\" class=\"banner_hospitales_noticias\" href=\"https:\/\/www.redaccionmedica.com\/recursos-salud\/hospitales-espana\/andalucia\"><br \/>\n<img decoding=\"async\" src=\"https:\/\/dimensionturistica.com\/es\/wp-content\/uploads\/2021\/03\/el-plan-para-vacunar-en-tiempo-record.jpeg\" \/><br \/>\n<\/a><br \/>\n<a rel=\"nofollow noopener\" target=\"_blank\" class=\"banner_centros_de_salud\" href=\"https:\/\/www.redaccionmedica.com\/recursos-salud\/centros-de-salud-espana\/andalucia\"><br \/>\n<img decoding=\"async\" style=\"margin-top: 10px\" src=\"https:\/\/dimensionturistica.com\/es\/wp-content\/uploads\/2021\/03\/1614952543_808_el-plan-para-vacunar-en-tiempo-record.jpeg\" \/><br \/>\n<\/a><\/p>\n<hr style=\"margin:30px 0;\" \/>\n<p>\nAunque pueda contener afirmaciones, datos o apuntes procedentes de instituciones o profesionales sanitarios, la informaci\u00f3n contenida en Redacci\u00f3n M\u00e9dica est\u00e1 editada y elaborada por periodistas. Recomendamos al lector que cualquier duda relacionada con la salud sea consultada con un profesional del \u00e1mbito sanitario.\n<\/p>\n<p><noscript>Please allow JavaScript to view the <a rel=\"nofollow noopener\" target=\"_blank\" href=\"https:\/\/disqus.com\/?ref_noscript\">comments powered by Disqus.<\/a><\/noscript>\n<\/div>\n<p><script type=\"43aa108d9792d85e78261f16-text\/javascript\">!function(f,b,e,v,n,t,s){if(f.fbq)return;n=f.fbq=function(){n.callMethod?n.callMethod.apply(n,arguments):n.queue.push(arguments)};if(!f._fbq)f._fbq=n;n.push=n;n.loaded=!0;n.version='2.0';n.queue=[];t=b.createElement(e);t.async=!0;t.src=v;s=b.getElementsByTagName(e)[0];s.parentNode.insertBefore(t,s)}(window,document,'script','https:\/\/connect.facebook.net\/en_US\/fbevents.js'); fbq('init', '663416421132668'); fbq('track', 'PageView');<\/script><br \/>\n<br \/><\/p>\n<p><em> &#8221; Fuentes www.redaccionmedica.com &#8221; <\/em><\/p>\n","protected":false},"excerpt":{"rendered":"<p>La Consejer\u00eda de Salud de la Junta de Andaluc\u00eda ha publicado este viernes su estrategia de vacunaci\u00f3n masiva contra el Covid-19 de la comunidad bajo el t\u00edtulo de \u2018Plan 500.000 x semana\u2019, por el que pretende administrar medio mill\u00f3n de dosis cada siete d\u00edas. Con este proyecto, la regi\u00f3n espera responder a un n\u00famero de [&hellip;]<\/p>\n","protected":false},"author":4,"featured_media":91000,"comment_status":"open","ping_status":"closed","sticky":false,"template":"","format":"standard","meta":{"om_disable_all_campaigns":false,"jnews-multi-image_gallery":[],"jnews_single_post":[],"jnews_primary_category":[],"jnews_social_meta":[],"footnotes":""},"categories":[41],"tags":[],"class_list":["post-90999","post","type-post","status-publish","format-standard","has-post-thumbnail","hentry","category-cruceros"],"_links":{"self":[{"href":"https:\/\/dimensionturistica.com\/es\/wp-json\/wp\/v2\/posts\/90999","targetHints":{"allow":["GET"]}}],"collection":[{"href":"https:\/\/dimensionturistica.com\/es\/wp-json\/wp\/v2\/posts"}],"about":[{"href":"https:\/\/dimensionturistica.com\/es\/wp-json\/wp\/v2\/types\/post"}],"author":[{"embeddable":true,"href":"https:\/\/dimensionturistica.com\/es\/wp-json\/wp\/v2\/users\/4"}],"replies":[{"embeddable":true,"href":"https:\/\/dimensionturistica.com\/es\/wp-json\/wp\/v2\/comments?post=90999"}],"version-history":[{"count":0,"href":"https:\/\/dimensionturistica.com\/es\/wp-json\/wp\/v2\/posts\/90999\/revisions"}],"wp:featuredmedia":[{"embeddable":true,"href":"https:\/\/dimensionturistica.com\/es\/wp-json\/wp\/v2\/media\/91000"}],"wp:attachment":[{"href":"https:\/\/dimensionturistica.com\/es\/wp-json\/wp\/v2\/media?parent=90999"}],"wp:term":[{"taxonomy":"category","embeddable":true,"href":"https:\/\/dimensionturistica.com\/es\/wp-json\/wp\/v2\/categories?post=90999"},{"taxonomy":"post_tag","embeddable":true,"href":"https:\/\/dimensionturistica.com\/es\/wp-json\/wp\/v2\/tags?post=90999"}],"curies":[{"name":"wp","href":"https:\/\/api.w.org\/{rel}","templated":true}]}}