{"id":90964,"date":"2021-03-05T12:46:08","date_gmt":"2021-03-05T12:46:08","guid":{"rendered":"https:\/\/dimensionturistica.com\/es\/?p=90964"},"modified":"2021-03-05T12:46:08","modified_gmt":"2021-03-05T12:46:08","slug":"alcudia-garden-abre-la-temporada-2021","status":"publish","type":"post","link":"https:\/\/dimensionturistica.com\/es\/alcudia-garden-abre-la-temporada-2021\/","title":{"rendered":"Alcudia Garden abre la temporada 2021"},"content":{"rendered":"<p> <br \/>\n<\/p>\n<div>\n<p>Backyard Accommodations, ha seguido mejorando todos los protocolos de seguridad e higiene que garantizan el bienestar de sus clientes. El elemento m\u00e1s innovador ha sido la aplicaci\u00f3n de la tecnolog\u00eda NCC, que a trav\u00e9s de un catalizador genera antioxidantes naturales que limpian el aire de virus y bacterias, incluyendo el COVID 19.<\/p>\n<p>La gastronom\u00eda, con una cuidad oferta de kil\u00f3metro 0 de excelentes productos de Mallorca y un programa de animaci\u00f3n para toda la familia, ser\u00e1n uno de los mejores alicientes para estas primeras vacaciones del a\u00f1o.<\/p>\n<p>Adem\u00e1s, los clientes del Alcudia Backyard Aparthotel, podr\u00e1n conocer de forma directa las pr\u00e1cticas de sostenibilidad y econom\u00eda round, que convierten a la compa\u00f1\u00eda, en una de las empresas l\u00edderes en la adaptaci\u00f3n y puesta en marcha de pr\u00e1cticas responsables en sus hoteles como elemento diferencial.<\/p>\n<p>Se ha lanzado una oferta exclusiva al mercado a trav\u00e9s de todos los canales de venta, desde 64\u20ac en r\u00e9gimen de pensi\u00f3n completa, por noche y persona, con las bebidas incluidas. Todas las tarifas ofrecen condiciones flexibles, adaptadas a las necesidades de los clientes. Se puede reservar directamente en la net de Backyard Accommodations www.gardenhotels.com o escribiendo a reserving.callcenter@gardenhotels.com<\/p>\n<p>\u201cUna vez m\u00e1s Garden Hotels cumple con Mallorca y sus clientes, abriendo uno de sus hoteles emblem\u00e1ticos para esta Semana Santa. Lo importante es poder volver a disfrutar en condiciones normales lo antes posible y estamos seguros de que muchos mallorquines aprovechar\u00e1n esta Semana Santa para descansar y disfrutar en familia o con amigos en la Isla.\u201d Manifiesta Gabriel Llobera CEO de Backyard Accommodations.<\/p>\n<p>Backyard Accommodations es una empresa acquainted de Mallorca fundada en el a\u00f1o 1986, con m\u00e1s de 30 a\u00f1os de experiencia en la explotaci\u00f3n hotelera. La cadena cuenta con 11 hoteles de 3 y 4 estrellas en 4 destinos espa\u00f1oles: Mallorca, Menorca, Ibiza y Huelva, con amplia gama de servicios y una gran oferta gastron\u00f3mica nacional e internacional<\/p>\n<div class=\"wysiwyg-photo\"><img decoding=\"async\" src=\"https:\/\/static.hosteltur.com\/app\/public\/uploads\/img\/releases\/2021\/03\/05\/L_132954_alg-012-baja.jpg\" alt=\"Imagen nota de prensa Hosteltur\" width=\"1200\" height=\"801\"\/><\/div><\/div>\n\n<p><em> &#8221; Fuentes www.hosteltur.com &#8221; <\/em><\/p>\n","protected":false},"excerpt":{"rendered":"<p>Backyard Accommodations, ha seguido mejorando todos los protocolos de seguridad e higiene que garantizan el bienestar de sus clientes. El elemento m\u00e1s innovador ha sido la aplicaci\u00f3n de la tecnolog\u00eda NCC, que a trav\u00e9s de un catalizador genera antioxidantes naturales que limpian el aire de virus y bacterias, incluyendo el COVID 19. La gastronom\u00eda, con [&hellip;]<\/p>\n","protected":false},"author":4,"featured_media":90965,"comment_status":"open","ping_status":"closed","sticky":false,"template":"","format":"standard","meta":{"om_disable_all_campaigns":false,"jnews-multi-image_gallery":[],"jnews_single_post":[],"jnews_primary_category":[],"jnews_social_meta":[],"footnotes":""},"categories":[39],"tags":[1140],"class_list":["post-90964","post","type-post","status-publish","format-standard","has-post-thumbnail","hentry","category-viajes","tag-hoteles-y-alojamientos"],"_links":{"self":[{"href":"https:\/\/dimensionturistica.com\/es\/wp-json\/wp\/v2\/posts\/90964","targetHints":{"allow":["GET"]}}],"collection":[{"href":"https:\/\/dimensionturistica.com\/es\/wp-json\/wp\/v2\/posts"}],"about":[{"href":"https:\/\/dimensionturistica.com\/es\/wp-json\/wp\/v2\/types\/post"}],"author":[{"embeddable":true,"href":"https:\/\/dimensionturistica.com\/es\/wp-json\/wp\/v2\/users\/4"}],"replies":[{"embeddable":true,"href":"https:\/\/dimensionturistica.com\/es\/wp-json\/wp\/v2\/comments?post=90964"}],"version-history":[{"count":0,"href":"https:\/\/dimensionturistica.com\/es\/wp-json\/wp\/v2\/posts\/90964\/revisions"}],"wp:featuredmedia":[{"embeddable":true,"href":"https:\/\/dimensionturistica.com\/es\/wp-json\/wp\/v2\/media\/90965"}],"wp:attachment":[{"href":"https:\/\/dimensionturistica.com\/es\/wp-json\/wp\/v2\/media?parent=90964"}],"wp:term":[{"taxonomy":"category","embeddable":true,"href":"https:\/\/dimensionturistica.com\/es\/wp-json\/wp\/v2\/categories?post=90964"},{"taxonomy":"post_tag","embeddable":true,"href":"https:\/\/dimensionturistica.com\/es\/wp-json\/wp\/v2\/tags?post=90964"}],"curies":[{"name":"wp","href":"https:\/\/api.w.org\/{rel}","templated":true}]}}