{"id":90961,"date":"2021-03-05T12:41:51","date_gmt":"2021-03-05T12:41:51","guid":{"rendered":"https:\/\/dimensionturistica.com\/es\/?p=90961"},"modified":"2021-03-05T12:41:52","modified_gmt":"2021-03-05T12:41:52","slug":"san-lorenzo-ponen-en-valor-la-plaza-crucero-general-belgrano-el-litoral-noticias-santa-fe-argentina","status":"publish","type":"post","link":"https:\/\/dimensionturistica.com\/es\/san-lorenzo-ponen-en-valor-la-plaza-crucero-general-belgrano-el-litoral-noticias-santa-fe-argentina\/","title":{"rendered":"San Lorenzo: ponen en valor la plaza Crucero General Belgrano : : El Litoral &#8211; Noticias &#8211; Santa Fe &#8211; Argentina"},"content":{"rendered":"<p> <br \/>\n<\/p>\n<p>En el espacio se desarroll\u00f3 un breve acto, del que participaron el intendente Leonardo Raimundo, el concejal Gustavo Oggero y ex combatientes de Malvinas. Homenajearon a Miguel \u00c1ngel Burgos, ciudadano sanlorencino que resguard\u00f3 la plaza durante a\u00f1os.<\/p>\n<p><span property=\"keywords\" style=\"display:none\">En el sur provincial  San Lorenzo: ponen en valor la plaza Crucero Common Belgrano  En el espacio se desarroll\u00f3 un breve acto, del que participaron el intendente Leonardo Raimundo, el concejal Gustavo Oggero y ex combatientes de Malvinas. Homenajearon a Miguel \u00c1ngel Burgos, ciudadano sanlorencino que resguard\u00f3 la plaza durante a\u00f1os.  <\/span>&#13;\n<\/p>\n<div id=\"cuerpo_interior\" property=\"articleBody\">\n<p>El intendente Leonardo Raimundo y el concejal Gustavo Oggero participaron este jueves de un breve acto en la plaza Crucero Common Belgrano, recientemente restaurada por la Municipalidad de San Lorenzo. En este marco fue homenajeado Miguel \u00c1ngel Burgos, ciudadano San Lorenzo que durante a\u00f1os se encarg\u00f3 de resguardar el espacio p\u00fablico.<\/p>\n<p>\u00a0<\/p>\n<p>Tras el izamiento de la bandera, a cargo del primer mandatario, el edil y los ex combatientes, tom\u00f3 la palabra Ra\u00fal Santuoro, sobreviviente del hundimiento del Belgrano. \u201cSe suele decir que el pueblo que no recuerda su pasado no tiene futuro y los veteranos decimos que el soldado no muere en el campo del combate; muere si lo olvida el pueblo por el cual fue a luchar. La revalorizaci\u00f3n de este espacio habla del recuerdo de nuestros ca\u00eddos. Muchachos, no los olvidamos\u201d, dijo con emoci\u00f3n.<\/p>\n<p>\u00a0<\/p>\n<p>Por su parte, Raimundo expres\u00f3: \u201cVamos a estar el 2 de mayo haciendo el acto que honra a los tripulantes del Ara General Belgrano, pero quer\u00edamos mostrar c\u00f3mo hab\u00eda quedado este lugar que tambi\u00e9n es producto del cari\u00f1o que durante muchos a\u00f1os le puso el se\u00f1or Burgos, vecino del barrio. Esta puesta en valor es una forma de decir que acompa\u00f1amos a los que est\u00e1n presentes y que San Lorenzo no olvida a quienes ya no est\u00e1n\u201d.<\/p>\n<p>\u00a0<\/p>\n<p>Tambi\u00e9n se dieron cita el secretario de Gobierno y Cultura, Alejandro Cabral, la concejala Andrea Soria y la concejala Luciana Resqu\u00edn.<\/p>\n<p>\u00a0<\/p>\n<h2><strong>Cine M\u00f3vil<\/strong><\/h2>\n<p>\u00a0<\/p>\n<p>Tras las restricciones impuestas por la pandemia de Covid-19, el pr\u00f3ximo domingo volver\u00e1 el Cine M\u00f3vil, ciclo surgido del Presupuesto Participativo Joven, que organiza la Secretar\u00eda de Coordinaci\u00f3n de la Municipalidad de San Lorenzo. La funci\u00f3n, con entrada libre y gratuita, se llevar\u00e1 a cabo en la plaza Jos\u00e9 Camilo Otero (Sargento Cabral y Catamarca) a partir de las 19.30 h.<\/p>\n<p>\u00a0<\/p>\n<p>Los concurrentes deber\u00e1n utilizar barbijo en todo momento y mantener el distanciamiento social.<\/p>\n<p>\u00a0<\/p>\n<p>Adem\u00e1s se recomienda llevar reposera para disfrutar de la pel\u00edcula con m\u00e1s comodidad. En este sentido, la Municipalidad servir\u00e1 pochoclo y jugo.<\/p>\n<p>\u00a0<\/p>\n<p>Soul es una pel\u00edcula animada de aventura, drama y comedia dirigida por Pete Docter y producida por Pixar Animation Studios. Narra la historia de un profesor de m\u00fasica que sufre un accidente antes de poder cumplir su sue\u00f1o de convertirse en un reconocido exponente del jazz, por lo que debe embarcarse en un viaje al m\u00e1s all\u00e1 para volver a la vida.<\/p>\n<p>\u00a0<\/p>\n<p>Fue aclamada la cr\u00edtica, que alab\u00f3 la animaci\u00f3n, la banda sonora y la representaci\u00f3n, y la consider\u00f3 uno de los mejores trabajos del estudio.<\/p>\n<p>\u00a0<\/p>\n<h2><strong>Formaci\u00f3n laboral<\/strong><\/h2>\n<p>\u00a0<\/p>\n<p>En un encuentro del que particip\u00f3 el intendente Leonardo Raimundo, la Municipalidad de San Lorenzo suscribi\u00f3 convenios con dos empresas de la ciudad en las que cuatro j\u00f3venes tendr\u00e1n su primera experiencia laboral. Las pasant\u00edas pagas se desarrollar\u00e1n en Femaco Materiales y MED Centro de Formaci\u00f3n Profesional.<\/p>\n<p>\u00a0<\/p>\n<p>El acuerdo de Acciones de Entrenamiento se estableci\u00f3 en el marco del programa nacional Proemplear, que vincula a los postulantes con unidades productivas y de servicios a trav\u00e9s de la Oficina de Empleo de la Municipalidad.<\/p>\n<p>\u00a0<\/p>\n<p>Se trata de pr\u00e1cticas remuneradas en ambientes de trabajo, que incluyen procesos de formaci\u00f3n y tutor\u00eda para enriquecer las destrezas y habilidades de trabajadoras y trabajadores desocupados.<\/p>\n<p>\u00a0<\/p>\n<p>Luego del acto, Raimundo destac\u00f3 que gracias a las gestiones de la Oficina de Empleo cientos de chicos han tenido su primera experiencia laboral en los \u00faltimos a\u00f1os. \u201cMuchos quedaron de forma permanente en esos puestos laborales y a otros les sirvi\u00f3 como la experiencia que se les requiri\u00f3 en trabajos posteriores. Es importante que comercios y empresas se sumen a este programa, ya que tambi\u00e9n obtienen beneficios\u201d, concluy\u00f3 el mandatario, a quien acompa\u00f1\u00f3 la subsecretaria Laura Vera.<\/p>\n<\/p><\/div>\n\n<p><em> &#8221; Fuentes www.ellitoral.com &#8221; <\/em><\/p>\n","protected":false},"excerpt":{"rendered":"<p>En el espacio se desarroll\u00f3 un breve acto, del que participaron el intendente Leonardo Raimundo, el concejal Gustavo Oggero y ex combatientes de Malvinas. Homenajearon a Miguel \u00c1ngel Burgos, ciudadano sanlorencino que resguard\u00f3 la plaza durante a\u00f1os. En el sur provincial San Lorenzo: ponen en valor la plaza Crucero Common Belgrano En el espacio se [&hellip;]<\/p>\n","protected":false},"author":4,"featured_media":90962,"comment_status":"open","ping_status":"closed","sticky":false,"template":"","format":"standard","meta":{"om_disable_all_campaigns":false,"jnews-multi-image_gallery":[],"jnews_single_post":[],"jnews_primary_category":[],"jnews_social_meta":[],"footnotes":""},"categories":[41],"tags":[],"class_list":["post-90961","post","type-post","status-publish","format-standard","has-post-thumbnail","hentry","category-cruceros"],"_links":{"self":[{"href":"https:\/\/dimensionturistica.com\/es\/wp-json\/wp\/v2\/posts\/90961","targetHints":{"allow":["GET"]}}],"collection":[{"href":"https:\/\/dimensionturistica.com\/es\/wp-json\/wp\/v2\/posts"}],"about":[{"href":"https:\/\/dimensionturistica.com\/es\/wp-json\/wp\/v2\/types\/post"}],"author":[{"embeddable":true,"href":"https:\/\/dimensionturistica.com\/es\/wp-json\/wp\/v2\/users\/4"}],"replies":[{"embeddable":true,"href":"https:\/\/dimensionturistica.com\/es\/wp-json\/wp\/v2\/comments?post=90961"}],"version-history":[{"count":0,"href":"https:\/\/dimensionturistica.com\/es\/wp-json\/wp\/v2\/posts\/90961\/revisions"}],"wp:featuredmedia":[{"embeddable":true,"href":"https:\/\/dimensionturistica.com\/es\/wp-json\/wp\/v2\/media\/90962"}],"wp:attachment":[{"href":"https:\/\/dimensionturistica.com\/es\/wp-json\/wp\/v2\/media?parent=90961"}],"wp:term":[{"taxonomy":"category","embeddable":true,"href":"https:\/\/dimensionturistica.com\/es\/wp-json\/wp\/v2\/categories?post=90961"},{"taxonomy":"post_tag","embeddable":true,"href":"https:\/\/dimensionturistica.com\/es\/wp-json\/wp\/v2\/tags?post=90961"}],"curies":[{"name":"wp","href":"https:\/\/api.w.org\/{rel}","templated":true}]}}