{"id":90944,"date":"2021-03-05T12:15:02","date_gmt":"2021-03-05T12:15:02","guid":{"rendered":"https:\/\/dimensionturistica.com\/es\/?p=90944"},"modified":"2021-03-05T12:15:02","modified_gmt":"2021-03-05T12:15:02","slug":"abuelo-en-libertad-tras-muerte-de-su-nieta","status":"publish","type":"post","link":"https:\/\/dimensionturistica.com\/es\/abuelo-en-libertad-tras-muerte-de-su-nieta\/","title":{"rendered":"Abuelo en libertad tras muerte de su nieta"},"content":{"rendered":"<p> <br \/>\n<\/p>\n<div>\n<p class=\"\"> En julio de 2019, Anello iba a bordo del crucero Freedom of the Seas de la empresa Royal Caribbean Cruises con su familia cuando ocurri\u00f3 la muerte. Dijo que no sab\u00eda que la ventana en el \u00e1rea de juegos infantiles estaba abierta y que carg\u00f3 a su nieta de 18 meses, Chloe Wiegand, para que pudiera golpear el vidrio como lo hab\u00eda hecho en los juegos de hockey de su hermano.<\/p>\n<\/p><\/div>\n\n<p><em> &#8221; Fuentes www.chicagotribune.com &#8221; <\/em><\/p>\n","protected":false},"excerpt":{"rendered":"<p>En julio de 2019, Anello iba a bordo del crucero Freedom of the Seas de la empresa Royal Caribbean Cruises con su familia cuando ocurri\u00f3 la muerte. Dijo que no sab\u00eda que la ventana en el \u00e1rea de juegos infantiles estaba abierta y que carg\u00f3 a su nieta de 18 meses, Chloe Wiegand, para que [&hellip;]<\/p>\n","protected":false},"author":4,"featured_media":90945,"comment_status":"open","ping_status":"closed","sticky":false,"template":"","format":"standard","meta":{"om_disable_all_campaigns":false,"jnews-multi-image_gallery":[],"jnews_single_post":[],"jnews_primary_category":[],"jnews_social_meta":[],"footnotes":""},"categories":[41],"tags":[],"class_list":["post-90944","post","type-post","status-publish","format-standard","has-post-thumbnail","hentry","category-cruceros"],"_links":{"self":[{"href":"https:\/\/dimensionturistica.com\/es\/wp-json\/wp\/v2\/posts\/90944","targetHints":{"allow":["GET"]}}],"collection":[{"href":"https:\/\/dimensionturistica.com\/es\/wp-json\/wp\/v2\/posts"}],"about":[{"href":"https:\/\/dimensionturistica.com\/es\/wp-json\/wp\/v2\/types\/post"}],"author":[{"embeddable":true,"href":"https:\/\/dimensionturistica.com\/es\/wp-json\/wp\/v2\/users\/4"}],"replies":[{"embeddable":true,"href":"https:\/\/dimensionturistica.com\/es\/wp-json\/wp\/v2\/comments?post=90944"}],"version-history":[{"count":0,"href":"https:\/\/dimensionturistica.com\/es\/wp-json\/wp\/v2\/posts\/90944\/revisions"}],"wp:featuredmedia":[{"embeddable":true,"href":"https:\/\/dimensionturistica.com\/es\/wp-json\/wp\/v2\/media\/90945"}],"wp:attachment":[{"href":"https:\/\/dimensionturistica.com\/es\/wp-json\/wp\/v2\/media?parent=90944"}],"wp:term":[{"taxonomy":"category","embeddable":true,"href":"https:\/\/dimensionturistica.com\/es\/wp-json\/wp\/v2\/categories?post=90944"},{"taxonomy":"post_tag","embeddable":true,"href":"https:\/\/dimensionturistica.com\/es\/wp-json\/wp\/v2\/tags?post=90944"}],"curies":[{"name":"wp","href":"https:\/\/api.w.org\/{rel}","templated":true}]}}