{"id":909299,"date":"2025-01-14T21:52:29","date_gmt":"2025-01-14T21:52:29","guid":{"rendered":"https:\/\/dimensionturistica.com\/es\/?p=909299"},"modified":"2025-01-14T21:52:29","modified_gmt":"2025-01-14T21:52:29","slug":"estilos-de-cabello-largo-para-la-temporada-primavera-verano-2025","status":"publish","type":"post","link":"https:\/\/dimensionturistica.com\/es\/estilos-de-cabello-largo-para-la-temporada-primavera-verano-2025\/","title":{"rendered":"Estilos de Cabello Largo para la Temporada Primavera-Verano 2025"},"content":{"rendered":"<p><strong>Tendencias de Cortes de Cabello para la Primavera-Verano 2025: Un Viaje de Estilo y Renovaci\u00f3n<\/strong><\/p>\n<p>La llegada de una nueva temporada siempre trae consigo la oportunidad de reinventarse. Especialmente en el mundo del turismo, donde la exploraci\u00f3n y el cambio son constantes, el estilo personal se convierte en una forma poderosa de expresar el esp\u00edritu aventurero que cada viajero lleva dentro. Con la primavera y el verano de 2025 a la vista, los cortes de cabello largo se est\u00e1n posicionando como una declaraci\u00f3n de moda irresistible que suma frescura a cualquier look.<\/p>\n<p>La versatilidad de los cortes largos es uno de los aspectos m\u00e1s destacados que capturan la atenci\u00f3n de fashionistas y trotamundos por igual. Desde el elegante y cl\u00e1sico estilo cascadeado, que a\u00f1ade movimiento y volumen, hasta las capas sutiles que enmarcan el rostro y aportan un toque de suavidad, estas tendencias ofrecen infinitas posibilidades para quien desee lucir un cabello espectacular durante sus escapadas.<\/p>\n<p>Imagina caminar por las calles vibrantes de Barcelona o dejarte llevar por la brisa del aire marino en Canc\u00fan, mientras tus largos mechones se mueven al ritmo de cada paso. Este largo vers\u00e1til no s\u00f3lo se adapta a diversas formas de rostro, sino que tambi\u00e9n combina a la perfecci\u00f3n con peinados veraniegos como las trenzas bohemias o las coletas deshechas que invitan a disfrutar de cada momento bajo el sol.<\/p>\n<p>Adem\u00e1s, los cortes en capas que presentan un acabado de puntas desiguales est\u00e1n marcando tendencia, aportando un aire despreocupado y juvenil que es ideal para aquellos que buscan un look fresco sin complicaciones. Este estilo tambi\u00e9n se presta perfectamente para transitar de actividades diurnas a noches en la ciudad, convirti\u00e9ndose en la opci\u00f3n ideal para los turistas que desean maximizar su estilo sin perder de vista la comodidad.<\/p>\n<p>Los colores tambi\u00e9n juegan un papel fundamental en esta pr\u00f3xima temporada. Los tonos naturales y suaves est\u00e1n en auge, as\u00ed como las mechas que simulan el efecto del sol sobre el cabello. Este enfoque se traduce en un look aut\u00e9ntico y fresco, que se puede lograr f\u00e1cilmente despu\u00e9s de un d\u00eda de exploraci\u00f3n en la playa o de paseos por la monta\u00f1a, donde el ambiente libre y natural se entrelaza con el arte del estilismo.<\/p>\n<p>Sin duda, el viaje no solo se trata de destinos lejanos, sino de llevar contigo una sensaci\u00f3n de renovaci\u00f3n y libertad. Antes de embarcarte en tu pr\u00f3xima aventura, considera un cambio en tu imagen que refleje ese deseo de descubrir, explorar y disfrutar. Un corte de cabello largo, fresco e innovador puede ser el complemento perfecto para hacer que tu viaje sea a\u00fan m\u00e1s memorable.<\/p>\n<p>As\u00ed, al planear tus pr\u00f3ximos destinos tur\u00edsticos, no olvides que un estilo cuidado y en sinton\u00eda con las tendencias puede elevar no solo tu imagen, sino tambi\u00e9n tu confianza. Porque al final del d\u00eda, cada viaje es una aventura tanto exterior como interior, y cada nuevo corte de cabello puede simbolizar un nuevo cap\u00edtulo en tu historia viajera. As\u00ed que prep\u00e1rate para realizar un cambio que no solo se refleje en tu cabello, sino tambi\u00e9n en cada experiencia que decidas vivir. \u00a1La temporada de primavera-verano 2025 promete ser llena de estilo y diversi\u00f3n!<\/p>\n<p><em> &#8221; Sources www.vogue.mx &#8221; <\/em><\/p>\n<p><em> &#8221; Fuentes www.vogue.mx &#8221; <\/em><\/p>\n","protected":false},"excerpt":{"rendered":"<p>Tendencias de Cortes de Cabello para la Primavera-Verano 2025: Un Viaje de Estilo y Renovaci\u00f3n La llegada de una nueva temporada siempre trae consigo la oportunidad de reinventarse. Especialmente en el mundo del turismo, donde la exploraci\u00f3n y el cambio son constantes, el estilo personal se convierte en una forma poderosa de expresar el esp\u00edritu [&hellip;]<\/p>\n","protected":false},"author":4,"featured_media":909300,"comment_status":"open","ping_status":"closed","sticky":false,"template":"","format":"standard","meta":{"om_disable_all_campaigns":false,"jnews-multi-image_gallery":[],"jnews_single_post":[],"jnews_primary_category":[],"jnews_social_meta":[],"footnotes":""},"categories":[144872],"tags":[27305,3381,200508,7758,6656,659,66168,1252],"class_list":["post-909299","post","type-post","status-publish","format-standard","has-post-thumbnail","hentry","category-fashion","tag-27305","tag-belleza","tag-cortes-de-cabello","tag-estilo","tag-largo","tag-moda","tag-primavera-verano","tag-tendencia"],"_links":{"self":[{"href":"https:\/\/dimensionturistica.com\/es\/wp-json\/wp\/v2\/posts\/909299","targetHints":{"allow":["GET"]}}],"collection":[{"href":"https:\/\/dimensionturistica.com\/es\/wp-json\/wp\/v2\/posts"}],"about":[{"href":"https:\/\/dimensionturistica.com\/es\/wp-json\/wp\/v2\/types\/post"}],"author":[{"embeddable":true,"href":"https:\/\/dimensionturistica.com\/es\/wp-json\/wp\/v2\/users\/4"}],"replies":[{"embeddable":true,"href":"https:\/\/dimensionturistica.com\/es\/wp-json\/wp\/v2\/comments?post=909299"}],"version-history":[{"count":0,"href":"https:\/\/dimensionturistica.com\/es\/wp-json\/wp\/v2\/posts\/909299\/revisions"}],"wp:featuredmedia":[{"embeddable":true,"href":"https:\/\/dimensionturistica.com\/es\/wp-json\/wp\/v2\/media\/909300"}],"wp:attachment":[{"href":"https:\/\/dimensionturistica.com\/es\/wp-json\/wp\/v2\/media?parent=909299"}],"wp:term":[{"taxonomy":"category","embeddable":true,"href":"https:\/\/dimensionturistica.com\/es\/wp-json\/wp\/v2\/categories?post=909299"},{"taxonomy":"post_tag","embeddable":true,"href":"https:\/\/dimensionturistica.com\/es\/wp-json\/wp\/v2\/tags?post=909299"}],"curies":[{"name":"wp","href":"https:\/\/api.w.org\/{rel}","templated":true}]}}