{"id":90904,"date":"2021-03-05T10:10:39","date_gmt":"2021-03-05T10:10:39","guid":{"rendered":"https:\/\/dimensionturistica.com\/es\/?p=90904"},"modified":"2021-03-05T10:10:39","modified_gmt":"2021-03-05T10:10:39","slug":"hoy-tamaulipas-choque-en-tamaulipas-se-pasa-alto-y-causa-choque-con-volcadura-en-nuevo-laredo","status":"publish","type":"post","link":"https:\/\/dimensionturistica.com\/es\/hoy-tamaulipas-choque-en-tamaulipas-se-pasa-alto-y-causa-choque-con-volcadura-en-nuevo-laredo\/","title":{"rendered":"Hoy Tamaulipas &#8211; Choque en Tamaulipas Se pasa alto y causa choque con volcadura en Nuevo Laredo"},"content":{"rendered":"<p> <br \/>\n<\/p>\n<p>El accidente se registr esta tarde en el crucero de la Avenida Jess Carranza y la calle Mina, y lo provoc Eliseo, de 80 aos, quien conduca una camioneta Ford Explorer modelo 1997<\/p>\n<p>&#13;<br \/>\n\t\t\t\t\t<em>Del impacto que sufri, la camioneta se volc y ya sobre su costado izquierdo, sigui su trayectoria chocando contra un Nissan Versa 2021 estacionado, y da tambin un sealamiento<\/em>&#13;<br \/>\n\t\t\t\t\t<br \/><strong><em>Autor: HT Agencia<\/em><\/strong>&#13;\n\t\t\t\t<\/p>\n<div>\n<p class=\"yiv7863044663gmail-MsoNoSpacing\"><strong><em>Nuevo Laredo, Tamaulipas. \u2500<\/em><\/strong> Un adulto mayor olvid\u00f3 la se\u00f1al de alto y choc\u00f3 contra una camioneta de reciente modelo, misma que por lo fuerte del impacto termin\u00f3 volcada en calles del sector Centro de <strong>Nuevo Laredo<\/strong>.<\/p>\n<p class=\"yiv7863044663gmail-MsoNoSpacing\">Adem\u00e1s, la unidad afectada se impact\u00f3 contra un autom\u00f3vil estacionado \u00faltimo modelo y le caus\u00f3 da\u00f1os considerables, as\u00ed como a un se\u00f1alamiento vial del municipio.<\/p>\n<p class=\"yiv7863044663gmail-MsoNoSpacing\">El accidente se registr\u00f3 esta tarde en el crucero de la Avenida Jes\u00fas Carranza y la calle Mina, y lo provoc\u00f3 Eliseo, de 80 a\u00f1os.<\/p>\n<p class=\"yiv7863044663gmail-MsoNoSpacing\"><img decoding=\"async\" src=\"https:\/\/www.hoytamaulipas.net\/notas\/448701\/fotos\/158574.jpg\" alt=\"\" width=\"100%\" height=\"100%\"\/><\/p>\n<h5 class=\"yiv7863044663gmail-MsoNoSpacing\">\u00c9l conduc\u00eda una camioneta Ford Explorer modelo 1997 y se desplazaba de poniente a oriente por la calle Mina, de acuerdo con su versi\u00f3n.<\/h5>\n<h5 class=\"yiv7863044663gmail-MsoNoSpacing\">Al llegar al cruce con la Avenida Jes\u00fas Carranza, acept\u00f3 que se le olvid\u00f3 la se\u00f1al de alto y choc\u00f3 contra una camioneta Nissan NP300 modelo 2020.<\/h5>\n<h5 class=\"yiv7863044663gmail-MsoNoSpacing\">La unidad afectada la manejaba Isaac, de 27 a\u00f1os, quien se desplazaba con v\u00eda libre por la Avenida Jes\u00fas Carranza, de norte a sur.<\/h5>\n<p class=\"yiv7863044663gmail-MsoNoSpacing\">Del impacto que sufri\u00f3, la camioneta se volc\u00f3 y ya sobre su costado izquierdo, sigui\u00f3 su trayectoria chocando contra un Nissan Versa 2021 estacionado, y da\u00f1\u00f3 tambi\u00e9n un se\u00f1alamiento.<\/p>\n<p class=\"yiv7863044663gmail-MsoNoSpacing\"><img decoding=\"async\" src=\"https:\/\/www.hoytamaulipas.net\/notas\/448701\/fotos\/158575.jpg\" alt=\"\" width=\"100%\" height=\"100%\"\/><\/p>\n<p class=\"yiv7863044663gmail-MsoNoSpacing\">El adulto mayor y el otro conductor fueron atendidos por param\u00e9dicos de Cruz Roja Mexicana, quienes confirmaron que estaban fuera de peligro, aunque algo asustados.<\/p>\n<p class=\"yiv7863044663gmail-MsoNoSpacing\">Agentes de Tr\u00e1nsito arribaron al lugar, con el fin de llevar a cabo el peritaje y luego ordenar el traslado de las unidades al corral\u00f3n central para su resguardo.<\/p>\n<p class=\"yiv7863044663gmail-MsoNoSpacing\">oal<\/p>\n<\/p><\/div>\n<p><script>\n!function(f,b,e,v,n,t,s)\n{if(f.fbq)return;n=f.fbq=function(){n.callMethod?\nn.callMethod.apply(n,arguments):n.queue.push(arguments)};\nif(!f._fbq)f._fbq=n;n.push=n;n.loaded=!0;n.version='2.0';\nn.queue=[];t=b.createElement(e);t.async=!0;\nt.src=v;s=b.getElementsByTagName(e)[0];\ns.parentNode.insertBefore(t,s)}(window,document,'script',\n'https:\/\/connect.facebook.net\/en_US\/fbevents.js');\n fbq('init', '606855386696613'); \nfbq('track', 'PageView');\n<\/script><script>(function(d, s, id) {\n\t\tvar js, fjs = d.getElementsByTagName(s)[0];\n\t\tif (d.getElementById(id)) return;\n\t\tjs = d.createElement(s); js.id = id;\n\t\tjs.src = \"https:\/\/connect.facebook.net\/es_LA\/sdk.js#xfbml=1&version=v2.5\";\n\t\tfjs.parentNode.insertBefore(js, fjs);\n\t\t}(document, 'script', 'facebook-jssdk'));\n    <\/script><br \/>\n<br \/><\/p>\n<p><em> &#8221; Fuentes www.hoytamaulipas.net &#8221; <\/em><\/p>\n","protected":false},"excerpt":{"rendered":"<p>El accidente se registr esta tarde en el crucero de la Avenida Jess Carranza y la calle Mina, y lo provoc Eliseo, de 80 aos, quien conduca una camioneta Ford Explorer modelo 1997 &#13; Del impacto que sufri, la camioneta se volc y ya sobre su costado izquierdo, sigui su trayectoria chocando contra un Nissan [&hellip;]<\/p>\n","protected":false},"author":4,"featured_media":90905,"comment_status":"open","ping_status":"closed","sticky":false,"template":"","format":"standard","meta":{"om_disable_all_campaigns":false,"jnews-multi-image_gallery":[],"jnews_single_post":[],"jnews_primary_category":[],"jnews_social_meta":[],"footnotes":""},"categories":[41],"tags":[19001],"class_list":["post-90904","post","type-post","status-publish","format-standard","has-post-thumbnail","hentry","category-cruceros","tag-choque-en-tamaulipas-se-pasa-alto-y-causa-choque-con-volcadura-en-nuevo-laredo"],"_links":{"self":[{"href":"https:\/\/dimensionturistica.com\/es\/wp-json\/wp\/v2\/posts\/90904","targetHints":{"allow":["GET"]}}],"collection":[{"href":"https:\/\/dimensionturistica.com\/es\/wp-json\/wp\/v2\/posts"}],"about":[{"href":"https:\/\/dimensionturistica.com\/es\/wp-json\/wp\/v2\/types\/post"}],"author":[{"embeddable":true,"href":"https:\/\/dimensionturistica.com\/es\/wp-json\/wp\/v2\/users\/4"}],"replies":[{"embeddable":true,"href":"https:\/\/dimensionturistica.com\/es\/wp-json\/wp\/v2\/comments?post=90904"}],"version-history":[{"count":0,"href":"https:\/\/dimensionturistica.com\/es\/wp-json\/wp\/v2\/posts\/90904\/revisions"}],"wp:featuredmedia":[{"embeddable":true,"href":"https:\/\/dimensionturistica.com\/es\/wp-json\/wp\/v2\/media\/90905"}],"wp:attachment":[{"href":"https:\/\/dimensionturistica.com\/es\/wp-json\/wp\/v2\/media?parent=90904"}],"wp:term":[{"taxonomy":"category","embeddable":true,"href":"https:\/\/dimensionturistica.com\/es\/wp-json\/wp\/v2\/categories?post=90904"},{"taxonomy":"post_tag","embeddable":true,"href":"https:\/\/dimensionturistica.com\/es\/wp-json\/wp\/v2\/tags?post=90904"}],"curies":[{"name":"wp","href":"https:\/\/api.w.org\/{rel}","templated":true}]}}