{"id":90901,"date":"2021-03-05T10:01:10","date_gmt":"2021-03-05T10:01:10","guid":{"rendered":"https:\/\/dimensionturistica.com\/es\/?p=90901"},"modified":"2021-03-05T10:01:10","modified_gmt":"2021-03-05T10:01:10","slug":"la-europa-league-de-america-latina-uefa-europa-league","status":"publish","type":"post","link":"https:\/\/dimensionturistica.com\/es\/la-europa-league-de-america-latina-uefa-europa-league\/","title":{"rendered":"La Europa League de Am\u00e9rica Latina | UEFA Europa League"},"content":{"rendered":"<p> <br \/>\n<\/p>\n<div>\n<p>Tottenham, Manchester United, Milan, Roma, Arsenal, Villarreal, Ajax o Granada son algunos de los nombres ilustres o procedentes de las grandes ligas que siguen pugnando por conquistar la UEFA Europa League. Muchos de ellos cuentan con una gran colonia llegada desde Am\u00e9rica Latina.<\/p>\n<p>En este art\u00edculo destacamos a algunos de los protagonistas llegados desde el otro lado del charco con origen latino. Comparte con nosotros tus impresiones en <b><a rel=\"nofollow noopener\" target=\"_blank\" href=\"https:\/\/twitter.com\/uefacom_es\">@UEFAcom_es<\/a><\/b>.<\/p>\n<h4>&#x26bd;&#x1f57a; Carlos Vin\u00edcius aspira a todo<\/h4>\n<div class=\"article-embedded_video pull-right d3-plugin\" data-plugin=\"videoavailability\" data-options=\"{&quot;videoIds&quot;:[&quot;0266-11ab8e644aac-3133fc801aa5-1000&quot;]}\">\n<div class=\"d3-plugin ovplayer-plugin\" data-plugin=\"ovplayer\" data-options=\"{&quot;videoid&quot;:&quot;0266-11ab8e644aac-3133fc801aa5-1000&quot;,&quot;videoURLhls&quot;:&quot;https:\/\/voduefa-vh.akamaihd.net\/i\/delivery\/video\/10093013004_UEL_Skills_Showcase_2020_21_Round_of_32_2nd_Leg_3763c1_,8,25,15,4,10,6,2,00k.mp4.csmil\/master.m3u8&quot;,&quot;videoURLhds&quot;:null,&quot;videoTitle&quot;:&quot;Los mejores gestos de calidad en la vuelta de los dieciseisavos&quot;,&quot;videoComment&quot;:&quot;&quot;,&quot;videoAdvTag&quot;:&quot;https:\/\/pubads.g.doubleclick.net\/gampad\/ads?iu=\/5874\/universal_videou0026description_url=[description_url]u0026tfcd=0u0026npa=0u0026sz=512x288u0026gdfp_req=1u0026output=vastu0026unviewed_position_start=1u0026env=vpu0026impl=su0026correlator=[timestamp]u0026cust_params=application%3Dweb.uefacom%26section%3D[section]%26kind%3D[kind]&quot;,&quot;videoSubType&quot;:&quot;SKILLS&quot;,&quot;videoSection&quot;:&quot;Editorial&quot;,&quot;videoKind&quot;:&quot;Skills&quot;,&quot;videoContext&quot;:&quot;Competition&quot;,&quot;posterpath&quot;:&quot;https:\/\/editorial.uefa.com\/resources\/0266-11ab8ce13d6e-fdc7bbdca563-1000\/format\/wide1\/uefa_europa_league_ajax_amsterdam_v_lille_osc_.jpeg&quot;,&quot;autoPlayOnScroll&quot;:true,&quot;minimizeOnScroll&quot;:true,&quot;autostart&quot;:false,&quot;sharing&quot;:false,&quot;sharingurl&quot;:&quot;#&quot;,&quot;sharingtxt&quot;:&quot;Compartir&quot;,&quot;skin&quot;:&quot;uefacom&quot;,&quot;activecolor&quot;:&quot;&quot;,&quot;flashplayer&quot;:null,&quot;url&quot;:&quot;#&quot;,&quot;publicationDate&quot;:null,&quot;maxTimeAgo&quot;:24,&quot;blockHighlights&quot;:true,&quot;showFullWindow&quot;:false}\">\n<div class=\"jw-poster\">\n<figure class=\"article_picture\">\n<div class=\"pflazyload-wrapper pflazyload-wrapper-xxl-wide pflazyload-wrapper-xl-wide pflazyload-wrapper-lg-wide pflazyload-wrapper-md-wide pflazyload-wrapper-sm-wide\">\n<picture>&#13;<br \/>\n<!--[if IE 9]><video style=\"display: none;\"><![endif]-->&#13;<source media=\"(min-width: 1440px)\"  data- data-format=\"w1\">&#13;<source media=\"(min-width: 960px)\"  data- data-format=\"w1\">&#13;<source media=\"(min-width: 768px)\"  data- data-format=\"w1\">&#13;<source media=\"(min-width: 440px)\"  data- data-format=\"w1\">&#13;<source media=\"(min-width: 0px)\"  data- data-format=\"w1\">&#13;<br \/>\n<!--[if IE 9]><\/video><![endif]-->&#13;<br \/>\n<img alt=\"Los mejores gestos de calidad en la vuelta de los dieciseisavos\" title=\"Los mejores gestos de calidad en la vuelta de los dieciseisavos\" data- loading=\"lazy\"  data-format=\"s1\" data-fallback=\"https:\/\/img.uefa.com\/imgml\/uefacom\/uel\/fallback.jpg\" class=\"pflazyload lazyfade picture article--img img-responsive\"\/>&#13;<br \/>\n<\/source><\/source><\/source><\/source><\/source><\/picture>\n<\/div>\n<p>&#13;<br \/>\n<\/figure>\n<\/div>\n<\/div>\n<p><span class=\"article-embedded_caption\">Los mejores gestos de calidad en la vuelta de los dieciseisavos<\/span><\/div>\n<p>El Tottenham camina con paso firme en la UEFA Europa League. Carlos Vin\u00edcius est\u00e1 aprovechando sus minutos y es el tercer m\u00e1ximo goleador de la competici\u00f3n con seis dianas. Adem\u00e1s, Pizzi y Yusuf Yaz\u0131c\u0131, ambos con siete, ya est\u00e1n eliminados. Al igual que Munas Dabbur (el otro que lleva seis) o varios de los que acumulan cinco dianas. El brasile\u00f1o ha hecho sus goles en los cuatro \u00faltimos partidos que ha disputado (dos ante el Ludogorest, uno contra el Antwerp, uno frente al Wolfsberg y otros dos en la vuelta contra los austriacos). \u00bfSer\u00e1 el m\u00e1ximo goleador de la UEL cuando termine la competici\u00f3n?<br \/><b>Tottenham &#8211; D\u00ednamo de Zagreb, jueves 11. 21:00 HEC<\/b><\/p>\n<h4>&#x23f0;&#x1f9c9; La hora de Cavani<\/h4>\n<div class=\"article-embedded_video pull-right d3-plugin\" data-plugin=\"videoavailability\" data-options=\"{&quot;videoIds&quot;:[&quot;0266-11ab40094093-d566c95a0543-1000&quot;]}\">\n<div class=\"d3-plugin ovplayer-plugin\" data-plugin=\"ovplayer\" data-options=\"{&quot;videoid&quot;:&quot;0266-11ab40094093-d566c95a0543-1000&quot;,&quot;videoURLhls&quot;:&quot;https:\/\/voduefa-vh.akamaihd.net\/i\/delivery\/video\/10092746004_UEL_R16_Draw_Teams_VT_b9c68d_,8,25,15,4,10,6,2,00k.mp4.csmil\/master.m3u8&quot;,&quot;videoURLhds&quot;:null,&quot;videoTitle&quot;:&quot;Conoce a los equipos de octavos&quot;,&quot;videoComment&quot;:&quot;&quot;,&quot;videoAdvTag&quot;:&quot;https:\/\/pubads.g.doubleclick.net\/gampad\/ads?iu=\/5874\/universal_videou0026description_url=[description_url]u0026tfcd=0u0026npa=0u0026sz=512x288u0026gdfp_req=1u0026output=vastu0026unviewed_position_start=1u0026env=vpu0026impl=su0026correlator=[timestamp]u0026cust_params=application%3Dweb.uefacom%26section%3D[section]%26kind%3D[kind]&quot;,&quot;videoSubType&quot;:&quot;VIDEO&quot;,&quot;videoSection&quot;:&quot;Editorial&quot;,&quot;videoKind&quot;:&quot;Video&quot;,&quot;videoContext&quot;:&quot;Competition&quot;,&quot;posterpath&quot;:&quot;https:\/\/editorial.uefa.com\/resources\/0266-11ab38d03a93-58d3995fc5de-1000\/format\/wide1\/uefa_europa_league_202021_round_of_16_draw_20210226130656.jpg.jpeg&quot;,&quot;autoPlayOnScroll&quot;:true,&quot;minimizeOnScroll&quot;:true,&quot;autostart&quot;:false,&quot;sharing&quot;:false,&quot;sharingurl&quot;:&quot;#&quot;,&quot;sharingtxt&quot;:&quot;Compartir&quot;,&quot;skin&quot;:&quot;uefacom&quot;,&quot;activecolor&quot;:&quot;&quot;,&quot;flashplayer&quot;:null,&quot;url&quot;:&quot;#&quot;,&quot;publicationDate&quot;:null,&quot;maxTimeAgo&quot;:24,&quot;blockHighlights&quot;:true,&quot;showFullWindow&quot;:false}\">\n<div class=\"jw-poster\">\n<figure class=\"article_picture\">\n<div class=\"pflazyload-wrapper pflazyload-wrapper-xxl-wide pflazyload-wrapper-xl-wide pflazyload-wrapper-lg-wide pflazyload-wrapper-md-wide pflazyload-wrapper-sm-wide\">\n<picture>&#13;<br \/>\n<!--[if IE 9]><video style=\"display: none;\"><![endif]-->&#13;<source media=\"(min-width: 1440px)\"  data- data-format=\"w1\">&#13;<source media=\"(min-width: 960px)\"  data- data-format=\"w1\">&#13;<source media=\"(min-width: 768px)\"  data- data-format=\"w1\">&#13;<source media=\"(min-width: 440px)\"  data- data-format=\"w1\">&#13;<source media=\"(min-width: 0px)\"  data- data-format=\"w1\">&#13;<br \/>\n<!--[if IE 9]><\/video><![endif]-->&#13;<br \/>\n<img alt=\"Conoce a los equipos de octavos\" title=\"Conoce a los equipos de octavos\" data- loading=\"lazy\"  data-format=\"s1\" data-fallback=\"https:\/\/img.uefa.com\/imgml\/uefacom\/uel\/fallback.jpg\" class=\"pflazyload lazyfade picture article--img img-responsive\"\/>&#13;<br \/>\n<\/source><\/source><\/source><\/source><\/source><\/picture>\n<\/div>\n<p>&#13;<br \/>\n<\/figure>\n<\/div>\n<\/div>\n<p><span class=\"article-embedded_caption\">Conoce a los equipos de octavos<\/span><\/div>\n<p>Muchos recuerdos para el uruguayo Edinson Cavani cuando empiece la eliminatoria del Manchester United contra el AC Milan. En 2007 aterriz\u00f3 en Europa para jugar en el Palermo italiano, membership en el que estuvo hasta completar la temporada 2009\/10 y despu\u00e9s poner rumbo al N\u00e1poles, con el que anot\u00f3 78 goles en 104 partidos de Serie A en las tres temporadas que estuvo. Ahora, ya con 34 a\u00f1os y disfrutando del f\u00fatbol ingl\u00e9s, Cavani quiere conquistar su primer t\u00edtulo UEFA. Delante tendr\u00e1 a un Milan al que conoce muy bien. &#8216;El Matador&#8217; sabe que llega la hora de la verdad.<br \/><b>Manchester United &#8211; AC Milan, jueves 11. 18:55 HEC<\/b><\/p>\n<h4>&#x1f60e;&#x1f3c6; Morelos quiere ser el hombre UEL<\/h4>\n<div class=\"article-embedded_video pull-right d3-plugin\" data-plugin=\"videoavailability\" data-options=\"{&quot;videoIds&quot;:[&quot;0266-11ab077e2ef0-abb47ce63699-1000&quot;]}\">\n<div class=\"d3-plugin ovplayer-plugin\" data-plugin=\"ovplayer\" data-options=\"{&quot;videoid&quot;:&quot;0266-11ab077e2ef0-abb47ce63699-1000&quot;,&quot;videoURLhls&quot;:&quot;https:\/\/voduefa-vh.akamaihd.net\/i\/delivery\/video\/10092416004_UEL_Great_Goals_2020_21_Round_of_32_d4f307_,8,25,15,4,10,6,2,00k.mp4.csmil\/master.m3u8&quot;,&quot;videoURLhds&quot;:null,&quot;videoTitle&quot;:&quot;Los mejores goles de los dieciseisavos de final&quot;,&quot;videoComment&quot;:&quot;&quot;,&quot;videoAdvTag&quot;:&quot;https:\/\/pubads.g.doubleclick.net\/gampad\/ads?iu=\/5874\/universal_videou0026description_url=[description_url]u0026tfcd=0u0026npa=0u0026sz=512x288u0026gdfp_req=1u0026output=vastu0026unviewed_position_start=1u0026env=vpu0026impl=su0026correlator=[timestamp]u0026cust_params=application%3Dweb.uefacom%26section%3D[section]%26kind%3D[kind]&quot;,&quot;videoSubType&quot;:&quot;VIDEO&quot;,&quot;videoSection&quot;:&quot;Editorial&quot;,&quot;videoKind&quot;:&quot;Video&quot;,&quot;videoContext&quot;:&quot;Competition&quot;,&quot;posterpath&quot;:&quot;https:\/\/editorial.uefa.com\/resources\/0266-11ab060948d9-bde231a51e9c-1000\/format\/wide1\/leicester_city_v_slavia_praha_-_uefa_europa_league_round_of_32_leg_two.jpeg&quot;,&quot;autoPlayOnScroll&quot;:true,&quot;minimizeOnScroll&quot;:true,&quot;autostart&quot;:false,&quot;sharing&quot;:false,&quot;sharingurl&quot;:&quot;#&quot;,&quot;sharingtxt&quot;:&quot;Compartir&quot;,&quot;skin&quot;:&quot;uefacom&quot;,&quot;activecolor&quot;:&quot;&quot;,&quot;flashplayer&quot;:null,&quot;url&quot;:&quot;#&quot;,&quot;publicationDate&quot;:null,&quot;maxTimeAgo&quot;:24,&quot;blockHighlights&quot;:true,&quot;showFullWindow&quot;:false}\">\n<div class=\"jw-poster\">\n<figure class=\"article_picture\">\n<div class=\"pflazyload-wrapper pflazyload-wrapper-xxl-wide pflazyload-wrapper-xl-wide pflazyload-wrapper-lg-wide pflazyload-wrapper-md-wide pflazyload-wrapper-sm-wide\">\n<picture>&#13;<br \/>\n<!--[if IE 9]><video style=\"display: none;\"><![endif]-->&#13;<source media=\"(min-width: 1440px)\"  data- data-format=\"w1\">&#13;<source media=\"(min-width: 960px)\"  data- data-format=\"w1\">&#13;<source media=\"(min-width: 768px)\"  data- data-format=\"w1\">&#13;<source media=\"(min-width: 440px)\"  data- data-format=\"w1\">&#13;<source media=\"(min-width: 0px)\"  data- data-format=\"w1\">&#13;<br \/>\n<!--[if IE 9]><\/video><![endif]-->&#13;<br \/>\n<img alt=\"Los mejores goles de los dieciseisavos de final\" title=\"Los mejores goles de los dieciseisavos de final\" data- loading=\"lazy\"  data-format=\"s1\" data-fallback=\"https:\/\/img.uefa.com\/imgml\/uefacom\/uel\/fallback.jpg\" class=\"pflazyload lazyfade picture article--img img-responsive\"\/>&#13;<br \/>\n<\/source><\/source><\/source><\/source><\/source><\/picture>\n<\/div>\n<p>&#13;<br \/>\n<\/figure>\n<\/div>\n<\/div>\n<p><span class=\"article-embedded_caption\">Los mejores goles de los dieciseisavos de ultimate<\/span><\/div>\n<p>Con tres goles y cuatro asistencias, el colombiano Alfredo Morelos es una de las sensaciones de esta UEFA Europa League. El conjunto escoc\u00e9s, que camina con velocidad de crucero para conquistar el t\u00edtulo liguero, quiere tambi\u00e9n dejar huella en Europa. Los de Steven Gerrard se miden a un Slavia de Praga que super\u00f3 al Leicester Metropolis en la ronda anterior. El Rangers cuenta con un Morelos que a sus 24 a\u00f1os est\u00e1 llamando la atenci\u00f3n de todo el continente.<br \/><b>Slavia de Praga &#8211; Rangers, jueves 11. 18:55 HEC<\/b><\/p>\n<h4>&#x1f634;&#x26aa;&#x1f534; Sigue el sue\u00f1o del Granada<\/h4>\n<div class=\"article-embedded_video pull-right d3-plugin\" data-plugin=\"videoavailability\" data-options=\"{&quot;videoIds&quot;:[&quot;0266-11a33ffec8a1-1a4db688cee7-1000&quot;]}\">\n<div class=\"d3-plugin ovplayer-plugin\" data-plugin=\"ovplayer\" data-options=\"{&quot;videoid&quot;:&quot;0266-11a33ffec8a1-1a4db688cee7-1000&quot;,&quot;videoURLhls&quot;:&quot;https:\/\/voduefa-vh.akamaihd.net\/i\/delivery\/video\/10084213004_UEL_Granada_16x9_ES_Subs_939be9_,8,25,15,4,10,6,2,00k.mp4.csmil\/master.m3u8&quot;,&quot;videoURLhds&quot;:null,&quot;videoTitle&quot;:&quot;Nada estu0026#225; escrito: Granada&quot;,&quot;videoComment&quot;:&quot;&quot;,&quot;videoAdvTag&quot;:&quot;https:\/\/pubads.g.doubleclick.net\/gampad\/ads?iu=\/5874\/universal_videou0026description_url=[description_url]u0026tfcd=0u0026npa=0u0026sz=512x288u0026gdfp_req=1u0026output=vastu0026unviewed_position_start=1u0026env=vpu0026impl=su0026correlator=[timestamp]u0026cust_params=application%3Dweb.uefacom%26section%3D[section]%26kind%3D[kind]&quot;,&quot;videoSubType&quot;:&quot;VIDEO&quot;,&quot;videoSection&quot;:&quot;Editorial&quot;,&quot;videoKind&quot;:&quot;Video&quot;,&quot;videoContext&quot;:&quot;Competition&quot;,&quot;posterpath&quot;:&quot;https:\/\/editorial.uefa.com\/resources\/0266-11a33ffec8a0-8ce9495de01c-1000\/format\/wide1\/fbl-eur-c3-granada-napoli.jpeg&quot;,&quot;autoPlayOnScroll&quot;:true,&quot;minimizeOnScroll&quot;:true,&quot;autostart&quot;:false,&quot;sharing&quot;:false,&quot;sharingurl&quot;:&quot;#&quot;,&quot;sharingtxt&quot;:&quot;Compartir&quot;,&quot;skin&quot;:&quot;uefacom&quot;,&quot;activecolor&quot;:&quot;&quot;,&quot;flashplayer&quot;:null,&quot;url&quot;:&quot;#&quot;,&quot;publicationDate&quot;:null,&quot;maxTimeAgo&quot;:24,&quot;blockHighlights&quot;:true,&quot;showFullWindow&quot;:false}\">\n<div class=\"jw-poster\">\n<figure class=\"article_picture\">\n<div class=\"pflazyload-wrapper pflazyload-wrapper-xxl-wide pflazyload-wrapper-xl-wide pflazyload-wrapper-lg-wide pflazyload-wrapper-md-wide pflazyload-wrapper-sm-wide\">\n<picture>&#13;<br \/>\n<!--[if IE 9]><video style=\"display: none;\"><![endif]-->&#13;<source media=\"(min-width: 1440px)\"  data- data-format=\"w1\">&#13;<source media=\"(min-width: 960px)\"  data- data-format=\"w1\">&#13;<source media=\"(min-width: 768px)\"  data- data-format=\"w1\">&#13;<source media=\"(min-width: 440px)\"  data- data-format=\"w1\">&#13;<source media=\"(min-width: 0px)\"  data- data-format=\"w1\">&#13;<br \/>\n<!--[if IE 9]><\/video><![endif]-->&#13;<br \/>\n<img alt=\"Nada est\u00e1 escrito: Granada\" title=\"Nada est\u00e1 escrito: Granada\" data- loading=\"lazy\"  data-format=\"s1\" data-fallback=\"https:\/\/img.uefa.com\/imgml\/uefacom\/uel\/fallback.jpg\" class=\"pflazyload lazyfade picture article--img img-responsive\"\/>&#13;<br \/>\n<\/source><\/source><\/source><\/source><\/source><\/picture>\n<\/div>\n<p>&#13;<br \/>\n<\/figure>\n<\/div>\n<\/div>\n<p><span class=\"article-embedded_caption\">Nada est\u00e1 escrito: Granada<\/span><\/div>\n<p>Se empiezan a agotar los calificativos para lo que est\u00e1 haciendo el Granada en esta UEFA Europa League. Entr\u00f3 en competici\u00f3n en la segunda ronda de clasificaci\u00f3n y ya se ha convertido en el \u00fanico membership procedente de la fase previa que sigue en liza. Gran parte de este logro lo tienen los latinos del Granada: Yangel Herrera, Kenedy y Darwin Mach\u00eds son una bendici\u00f3n para el t\u00e9cnico Diego Mart\u00ednez. Los andaluces quieren seguir so\u00f1ando.<br \/><b>Granada &#8211; Molde, jueves 11. 21:00 HEC<\/b><\/p>\n<\/p><\/div>\n<p><script async src=\"\/\/platform.twitter.com\/widgets.js\" charset=\"utf-8\"><\/script><br \/>\n<br \/><\/p>\n<p><em> &#8221; Fuentes es.uefa.com &#8221; <\/em><\/p>\n","protected":false},"excerpt":{"rendered":"<p>Tottenham, Manchester United, Milan, Roma, Arsenal, Villarreal, Ajax o Granada son algunos de los nombres ilustres o procedentes de las grandes ligas que siguen pugnando por conquistar la UEFA Europa League. Muchos de ellos cuentan con una gran colonia llegada desde Am\u00e9rica Latina. En este art\u00edculo destacamos a algunos de los protagonistas llegados desde el [&hellip;]<\/p>\n","protected":false},"author":4,"featured_media":90902,"comment_status":"open","ping_status":"closed","sticky":false,"template":"","format":"standard","meta":{"om_disable_all_campaigns":false,"jnews-multi-image_gallery":[],"jnews_single_post":[],"jnews_primary_category":[],"jnews_social_meta":[],"footnotes":""},"categories":[41],"tags":[],"class_list":["post-90901","post","type-post","status-publish","format-standard","has-post-thumbnail","hentry","category-cruceros"],"_links":{"self":[{"href":"https:\/\/dimensionturistica.com\/es\/wp-json\/wp\/v2\/posts\/90901","targetHints":{"allow":["GET"]}}],"collection":[{"href":"https:\/\/dimensionturistica.com\/es\/wp-json\/wp\/v2\/posts"}],"about":[{"href":"https:\/\/dimensionturistica.com\/es\/wp-json\/wp\/v2\/types\/post"}],"author":[{"embeddable":true,"href":"https:\/\/dimensionturistica.com\/es\/wp-json\/wp\/v2\/users\/4"}],"replies":[{"embeddable":true,"href":"https:\/\/dimensionturistica.com\/es\/wp-json\/wp\/v2\/comments?post=90901"}],"version-history":[{"count":0,"href":"https:\/\/dimensionturistica.com\/es\/wp-json\/wp\/v2\/posts\/90901\/revisions"}],"wp:featuredmedia":[{"embeddable":true,"href":"https:\/\/dimensionturistica.com\/es\/wp-json\/wp\/v2\/media\/90902"}],"wp:attachment":[{"href":"https:\/\/dimensionturistica.com\/es\/wp-json\/wp\/v2\/media?parent=90901"}],"wp:term":[{"taxonomy":"category","embeddable":true,"href":"https:\/\/dimensionturistica.com\/es\/wp-json\/wp\/v2\/categories?post=90901"},{"taxonomy":"post_tag","embeddable":true,"href":"https:\/\/dimensionturistica.com\/es\/wp-json\/wp\/v2\/tags?post=90901"}],"curies":[{"name":"wp","href":"https:\/\/api.w.org\/{rel}","templated":true}]}}