{"id":90892,"date":"2021-03-05T09:37:49","date_gmt":"2021-03-05T09:37:49","guid":{"rendered":"https:\/\/dimensionturistica.com\/es\/?p=90892"},"modified":"2021-03-05T09:37:49","modified_gmt":"2021-03-05T09:37:49","slug":"cierres-perimetrales-y-toque-de-queda-a-las-22-00","status":"publish","type":"post","link":"https:\/\/dimensionturistica.com\/es\/cierres-perimetrales-y-toque-de-queda-a-las-22-00\/","title":{"rendered":"cierres perimetrales y toque de queda a las 22.00"},"content":{"rendered":"<p> <br \/>\n<\/p>\n<div>\n<p class=\"intro\">Si ten\u00edas esperanzas en viajar a otra comunidad durante la Semana Santa 2021, vete olvid\u00e1ndolo, ya que el borrador que ha desarrollado el Gobierno no es muy halag\u00fce\u00f1o.<\/p>\n<p>\t<img decoding=\"async\" class=\"main-photo\" src=\"https:\/\/dimensionturistica.com\/es\/wp-content\/uploads\/2021\/03\/cierres-perimetrales-y-toque-de-queda-a-las-2200.jpg\" alt=\"\" width=\"620\" height=\"413\"\/><\/p>\n<p><strong>El primer borrador del Gobierno sobre c\u00f3mo ser\u00e1 la Semana Santa 2021<\/strong> ya est\u00e1 escrito y en \u00e9l, se recogen ciertas obligaciones que deben ser cumplidas por las comunidades aut\u00f3nomas, que pueden variar sus restricciones siempre seg\u00fan lo establecido por el Gobierno central.<\/p>\n<p>En concreto, <strong>el Gobierno insiste en obligar a las comunidades aut\u00f3nomas a cerrar perimetralmente<\/strong>, de modo que los viajes no justificados no est\u00e9n permitidos. Con ello, se busca blindar a la poblaci\u00f3n espa\u00f1ola y librarla de una cuarta ola, ahora que las vacunas est\u00e1n comenzando a coger velocidad de crucero.<\/p>\n<p>En esto, todas las comunidades aut\u00f3nomas est\u00e1n de acuerdo, salvo Madrid, que pretende mantener sus fronteras abiertas, aunque todo parece indicar que aunque esto suceda, a los madrile\u00f1os no les quedar\u00e1 m\u00e1s remedio que quedarse en la capital por el cierre del resto.<\/p>\n<p>\t<img decoding=\"async\" class=\"main-photo\" src=\"https:\/\/dimensionturistica.com\/es\/wp-content\/uploads\/2021\/03\/1614937068_108_cierres-perimetrales-y-toque-de-queda-a-las-2200.jpg\" alt=\"\" width=\"620\" height=\"413\"\/><\/p>\n<p>Otro punto en el que<strong> todas las comunidades aut\u00f3nomas est\u00e1n de acuerdo menos Madrid<\/strong> es en la implantaci\u00f3n de un toque de queda a las 22.00. Esto obligar\u00eda a algunos Gobiernos a adelantarlo, como sucede en la autonom\u00eda gobernada por D\u00edaz Ayuso, donde en estos momentos es a las 23.00.<\/p>\n<p><strong>Esto ser\u00e1 as\u00ed desde el 26 de marzo hasta el 9 de abril,<\/strong> por lo que Madrid quiz\u00e1 relaje sus medidas, eliminando antes de estas fechas el toque de queda o permitiendo reuniones de \u00e1mbito privado, hasta ahora prohibidas.<\/p>\n<p>\t<img decoding=\"async\" class=\"main-photo\" src=\"https:\/\/dimensionturistica.com\/es\/wp-content\/uploads\/2021\/03\/1614937068_832_cierres-perimetrales-y-toque-de-queda-a-las-2200.jpg\" alt=\"\" width=\"620\" height=\"413\"\/><\/p>\n<p><strong>En cuanto a las reuniones, todo seguir\u00e1 igual: entre 4 y 6 personas,<\/strong> algo que no ha sido concretado por el Gobierno. Para saberlo habr\u00e1 que esperar al mi\u00e9rcoles, cuando el documento se oficialice.<\/p>\n<p>Por tanto, si ten\u00edas esperanzas por viajar en Semana Santa a tu segunda residencia u otro lugar de Espa\u00f1a, te puedes ir olvidando por casi whole seguridad.<\/p>\n<\/p><\/div>\n<p><script async>\n\t!function(f,b,e,v,n,t,s)\n\t{if(f.fbq)return;n=f.fbq=function(){n.callMethod?\n\tn.callMethod.apply(n,arguments):n.queue.push(arguments)};\n\tif(!f._fbq)f._fbq=n;n.push=n;n.loaded=!0;n.version='2.0';\n\tn.queue=[];t=b.createElement(e);t.async=!0;\n\tt.src=v;s=b.getElementsByTagName(e)[0];\n\ts.parentNode.insertBefore(t,s)}(window,document,'script',\n\t'https:\/\/connect.facebook.net\/en_US\/fbevents.js');\n\t fbq('init', '677495122765649');\n\tfbq('track', 'PageView');\n\t<\/script><script async>(function(d, s, id) {\n\t var js, fjs = d.getElementsByTagName(s)[0];\n\t if (d.getElementById(id)) return;\n\t js = d.createElement(s); js.id = id;\n\t js.src = \"https:\/\/connect.facebook.net\/es_ES\/all.js#xfbml=1&appId=257023511140701\";\t js.src = \"https:\/\/connect.facebook.net\/es_ES\/all.js#xfbml=1&appId=257023511140701\";\n\t fjs.parentNode.insertBefore(js, fjs);\n\t}(document, 'script', 'facebook-jssdk'));<\/script><br \/>\n<br \/><\/p>\n<p><em> &#8221; Fuentes www.auto10.com &#8221; <\/em><\/p>\n","protected":false},"excerpt":{"rendered":"<p>Si ten\u00edas esperanzas en viajar a otra comunidad durante la Semana Santa 2021, vete olvid\u00e1ndolo, ya que el borrador que ha desarrollado el Gobierno no es muy halag\u00fce\u00f1o. El primer borrador del Gobierno sobre c\u00f3mo ser\u00e1 la Semana Santa 2021 ya est\u00e1 escrito y en \u00e9l, se recogen ciertas obligaciones que deben ser cumplidas por [&hellip;]<\/p>\n","protected":false},"author":4,"featured_media":90893,"comment_status":"open","ping_status":"closed","sticky":false,"template":"","format":"standard","meta":{"om_disable_all_campaigns":false,"jnews-multi-image_gallery":[],"jnews_single_post":[],"jnews_primary_category":[],"jnews_social_meta":[],"footnotes":""},"categories":[41],"tags":[],"class_list":["post-90892","post","type-post","status-publish","format-standard","has-post-thumbnail","hentry","category-cruceros"],"_links":{"self":[{"href":"https:\/\/dimensionturistica.com\/es\/wp-json\/wp\/v2\/posts\/90892","targetHints":{"allow":["GET"]}}],"collection":[{"href":"https:\/\/dimensionturistica.com\/es\/wp-json\/wp\/v2\/posts"}],"about":[{"href":"https:\/\/dimensionturistica.com\/es\/wp-json\/wp\/v2\/types\/post"}],"author":[{"embeddable":true,"href":"https:\/\/dimensionturistica.com\/es\/wp-json\/wp\/v2\/users\/4"}],"replies":[{"embeddable":true,"href":"https:\/\/dimensionturistica.com\/es\/wp-json\/wp\/v2\/comments?post=90892"}],"version-history":[{"count":0,"href":"https:\/\/dimensionturistica.com\/es\/wp-json\/wp\/v2\/posts\/90892\/revisions"}],"wp:featuredmedia":[{"embeddable":true,"href":"https:\/\/dimensionturistica.com\/es\/wp-json\/wp\/v2\/media\/90893"}],"wp:attachment":[{"href":"https:\/\/dimensionturistica.com\/es\/wp-json\/wp\/v2\/media?parent=90892"}],"wp:term":[{"taxonomy":"category","embeddable":true,"href":"https:\/\/dimensionturistica.com\/es\/wp-json\/wp\/v2\/categories?post=90892"},{"taxonomy":"post_tag","embeddable":true,"href":"https:\/\/dimensionturistica.com\/es\/wp-json\/wp\/v2\/tags?post=90892"}],"curies":[{"name":"wp","href":"https:\/\/api.w.org\/{rel}","templated":true}]}}