{"id":908854,"date":"2025-01-14T13:40:02","date_gmt":"2025-01-14T13:40:02","guid":{"rendered":"https:\/\/dimensionturistica.com\/es\/?p=908854"},"modified":"2025-01-14T13:40:02","modified_gmt":"2025-01-14T13:40:02","slug":"el-cre-de-buenos-aires-exige-la-restauracion-del-programa-de-viajes-de-imserso-para-el-continente-americano","status":"publish","type":"post","link":"https:\/\/dimensionturistica.com\/es\/el-cre-de-buenos-aires-exige-la-restauracion-del-programa-de-viajes-de-imserso-para-el-continente-americano\/","title":{"rendered":"El CRE de Buenos Aires exige la restauraci\u00f3n del programa de viajes de IMSERSO para el continente americano."},"content":{"rendered":"<h3>Buenos Aires: Un viaje hacia la memoria y la cultura<\/h3>\n<p>Buenos Aires, la vibrante capital de Argentina y un destino imperdible para los amantes de los viajes, se encuentra en el coraz\u00f3n de un reclamo que va m\u00e1s all\u00e1 de su belleza y su rica historia. En los \u00faltimos a\u00f1os, la ciudad ha sido el escenario de un movimiento que busca la restituci\u00f3n cultural de muchas de sus obras y monumentos que han sido desplazados o desaparecidos. Este fen\u00f3meno no solo es un acto de justicia hist\u00f3rica, sino tambi\u00e9n una invitaci\u00f3n a los viajeros a comprender la profundidad de la identidad porte\u00f1a.<\/p>\n<p>La historia de Buenos Aires est\u00e1 entrelazada con diversas corrientes culturales, desde la influencia colonial espa\u00f1ola hasta las olas de inmigrantes que llegaron buscando nuevas oportunidades. Esta confluencia de culturas ha dado lugar a un rico patrimonio que se manifiesta en la arquitectura, la gastronom\u00eda y las artes. Sin embargo, a lo largo de los a\u00f1os, muchos s\u00edmbolos de esta herencia han sido objeto de debates sobre su ubicaci\u00f3n y la necesidad de devolverlos a sus ra\u00edces.<\/p>\n<p>Uno de los hitos m\u00e1s destacados en esta lucha por la restituci\u00f3n es la reclamada devoluci\u00f3n de obras de arte que poseen un significado hist\u00f3rico. Imagina caminar por las bulliciosas calles de San Telmo o por la elegancia de la Recoleta, y tener la oportunidad de contemplar obras que relatan la historia de la ciudad de una manera tan visceral. Este esfuerzo no solo busca preservar el legado art\u00edstico, sino tambi\u00e9n conectar a las nuevas generaciones con su pasado, llenando los vac\u00edos que el tiempo ha dejado.<\/p>\n<p>Los viajeros que visitan Buenos Aires tienen la oportunidad de sumergirse en esta narrativa a trav\u00e9s de recorridos que destacan no solo los monumentos y museos, sino tambi\u00e9n las historias y an\u00e9cdotas que rodean a cada una de estas obras. Existen tours guiados que destacan el movimiento por la restituci\u00f3n, en los que se exploran espacios donde el arte perdido a\u00fan guarda memoria y en donde los ciudadanos luchan por recuperar su patrimonio.<\/p>\n<p>Adem\u00e1s, Buenos Aires es un verdadero fest\u00edn para los sentidos. Su gastronom\u00eda es un reflejo de su diversidad, desde las tradicionales parrillas que ofrecen exquisitas carnes hasta las pasteler\u00edas que seducen con dulces como la medialuna y el alfajor. Pasear por los mercados locales, como el Mercado de San Telmo, permite a los turistas explorar no solo los sabores, sino tambi\u00e9n la esencia de la vida cotidiana porte\u00f1a.<\/p>\n<p>Los eventos culturales y las exposiciones temporales que se celebran en la ciudad tambi\u00e9n juegan un rol fundamental en la restituci\u00f3n de la memoria. Festivales de m\u00fasica, teatro y danza, junto con ferias de arte, llenan las calles y revitalizan la cultura local, ofreciendo a los visitantes un vistazo fresco y din\u00e1mico de la vida art\u00edstica de Buenos Aires. En cada esquina, los murales y las instalaciones art\u00edsticas cuentan historias que invitan a la reflexi\u00f3n y al di\u00e1logo.<\/p>\n<p>En resumen, Buenos Aires no solo es un destino para aquellos que buscan experimentar la rica cultura argentina, sino tambi\u00e9n un lugar donde la memoria y el arte reclaman su lugar. Este reclamo por la restituci\u00f3n es una oportunidad para que los viajeros se conecten con la identidad de la ciudad de una manera m\u00e1s profunda, comprendiendo que cada rinc\u00f3n tiene una historia que contar. Al explorar estas narrativas, no solo se disfruta de un viaje, sino que tambi\u00e9n se participa en un movimiento que busca sanar y celebrar el patrimonio cultural.<\/p>\n<p>As\u00ed que la pr\u00f3xima vez que planes un viaje a Buenos Aires, considera no solo su gastronom\u00eda y sus paisajes, sino tambi\u00e9n la rica y compleja historia de su arte y su cultura. Al hacerlo, te convertir\u00e1s en parte de un relato m\u00e1s grande, uno que vivir\u00e1 en la memoria de la ciudad por generaciones.<\/p>\n<p><em> &#8221; Sources www.laregioninternacional.com &#8221; <\/em><\/p>\n<p><em> &#8221; Fuentes www.laregioninternacional.com &#8221; <\/em><\/p>\n","protected":false},"excerpt":{"rendered":"<p>Buenos Aires: Un viaje hacia la memoria y la cultura Buenos Aires, la vibrante capital de Argentina y un destino imperdible para los amantes de los viajes, se encuentra en el coraz\u00f3n de un reclamo que va m\u00e1s all\u00e1 de su belleza y su rica historia. En los \u00faltimos a\u00f1os, la ciudad ha sido el [&hellip;]<\/p>\n","protected":false},"author":4,"featured_media":908856,"comment_status":"open","ping_status":"closed","sticky":false,"template":"","format":"standard","meta":{"om_disable_all_campaigns":false,"jnews-multi-image_gallery":[],"jnews_single_post":[],"jnews_primary_category":[],"jnews_social_meta":[],"footnotes":""},"categories":[39],"tags":[764,557,203022,813,21943,1701,53091,544,545],"class_list":["post-908854","post","type-post","status-publish","format-standard","has-post-thumbnail","hentry","category-viajes","tag-america","tag-buenos-aires","tag-cre","tag-imserso","tag-programa-de-viajes","tag-recuperacion","tag-servicios-sociales","tag-turismo","tag-viajes"],"_links":{"self":[{"href":"https:\/\/dimensionturistica.com\/es\/wp-json\/wp\/v2\/posts\/908854","targetHints":{"allow":["GET"]}}],"collection":[{"href":"https:\/\/dimensionturistica.com\/es\/wp-json\/wp\/v2\/posts"}],"about":[{"href":"https:\/\/dimensionturistica.com\/es\/wp-json\/wp\/v2\/types\/post"}],"author":[{"embeddable":true,"href":"https:\/\/dimensionturistica.com\/es\/wp-json\/wp\/v2\/users\/4"}],"replies":[{"embeddable":true,"href":"https:\/\/dimensionturistica.com\/es\/wp-json\/wp\/v2\/comments?post=908854"}],"version-history":[{"count":0,"href":"https:\/\/dimensionturistica.com\/es\/wp-json\/wp\/v2\/posts\/908854\/revisions"}],"wp:featuredmedia":[{"embeddable":true,"href":"https:\/\/dimensionturistica.com\/es\/wp-json\/wp\/v2\/media\/908856"}],"wp:attachment":[{"href":"https:\/\/dimensionturistica.com\/es\/wp-json\/wp\/v2\/media?parent=908854"}],"wp:term":[{"taxonomy":"category","embeddable":true,"href":"https:\/\/dimensionturistica.com\/es\/wp-json\/wp\/v2\/categories?post=908854"},{"taxonomy":"post_tag","embeddable":true,"href":"https:\/\/dimensionturistica.com\/es\/wp-json\/wp\/v2\/tags?post=908854"}],"curies":[{"name":"wp","href":"https:\/\/api.w.org\/{rel}","templated":true}]}}