{"id":90748,"date":"2021-03-05T02:31:14","date_gmt":"2021-03-05T02:31:14","guid":{"rendered":"https:\/\/dimensionturistica.com\/es\/?p=90748"},"modified":"2021-03-05T02:31:14","modified_gmt":"2021-03-05T02:31:14","slug":"marchan-y-bloquean-trabajadores-de-salud-del-istmo","status":"publish","type":"post","link":"https:\/\/dimensionturistica.com\/es\/marchan-y-bloquean-trabajadores-de-salud-del-istmo\/","title":{"rendered":"Marchan y bloquean trabajadores de salud del Istmo"},"content":{"rendered":"<p> <br \/>\n<\/p>\n<div id=\"content\">\n<div class=\"\">\n                                     \t\t\t\t\t\t\t\t\t \t<!-- InText ADEQ\n\n\n<div id=\"scrollerads\"><\/div>\n\n\n--><\/p>\n<p><span style=\"font-weight: 400;\">Integrantes de 19 delegaciones sindicales pertenecientes a la subsecci\u00f3n 02 de la secci\u00f3n 35 del Sindicato Nacional de Trabajadores de la Salud (SNTSA), marcharon ayer por las principales calles de Juchit\u00e1n, y bloquearon la carretera federal Panamericana \u2018Crist\u00f3bal Col\u00f3n\u2019, en demanda de la vacunaci\u00f3n a m\u00e9dicos y enfermeras encargados en las cl\u00ednicas de salud en la regi\u00f3n del Istmo.<\/span><\/p>\n<p><span style=\"font-weight: 400;\">M\u00e1s de un millar de trabajadores del sector salud, partieron en marcha frente a las oficinas de la Jurisdicci\u00f3n Sanitaria n\u00famero 02 Istmo, con destino al crucero de acceso.<\/span><\/p>\n<p><span style=\"font-weight: 400;\">Los inconformes exigen la vacunaci\u00f3n de 1600 empleados, es decir, m\u00e1s del cincuenta por ciento de los trabajadores de primer nivel de la regi\u00f3n del Istmo, que est\u00e1n pendientes por recibir su primera dosis.<\/span><\/p>\n<p><span style=\"font-weight: 400;\">Al arribar al crucero de acceso, los manifestantes llevaron a cabo un mitin en donde dieron a conocer sus demandas, entre ellos la falta de medicamentos, e insumos, As\u00ed como equipo de protecci\u00f3n para prevenir el contagio de Covid-19; adem\u00e1s de exigir que el private de limpieza y vigilancia sean tomados en cuenta durante el proceso de vacunaci\u00f3n.<\/span><\/p>\n<p><img decoding=\"async\" loading=\"lazy\" class=\"alignnone wp-image-512322 size-full\" src=\"https:\/\/dimensionturistica.com\/es\/wp-content\/uploads\/2021\/03\/Marchan-y-bloquean-trabajadores-de-salud-del-Istmo.jpg\" alt=\"\" width=\"1280\" height=\"640\"  \/><\/p>\n<p><span style=\"font-weight: 400;\">Posteriormente, continuaron su recorrido hacia el canal 33 en donde obstruyeron la circulaci\u00f3n vehicular sobre la citada v\u00eda, y al llegar a su destino instalaron un bloqueo por espacio de dos horas como medida de presi\u00f3n.<\/span><\/p>\n<p><span style=\"font-weight: 400;\">Lorenzo Carrasco Castillo, secretario normal de la citada subsecci\u00f3n sindical, anunci\u00f3 que de no tener una respuesta favorable para el pr\u00f3ximo viernes, las movilizaciones y bloqueos carreteros en diversos puntos regresar\u00e1n nuevamente.<\/span><\/p>\n<p>\u00a0<\/p>\n<p><!-- AI CONTENT END 1 -->\n                                                                          <\/div>\n<p>\u00a0<\/p>\n<p>        <!-- \/227134889\/video_1x1 --><\/p><\/div>\n<p><script>(function(d, s, id) {\n      var js, fjs = d.getElementsByTagName(s)[0];\n      if (d.getElementById(id)) return;\n      js = d.createElement(s); js.id = id;\n      js.src = \"https:\/\/connect.facebook.net\/es_ES\/sdk.js#xfbml=1&version=v2.9&appId=130988260805150\";\n      fjs.parentNode.insertBefore(js, fjs);\n    }(document, 'script', 'facebook-jssdk'));<\/script><br \/>\n<br \/><\/p>\n<p><em> &#8221; Fuentes imparcialoaxaca.mx &#8221; <\/em><\/p>\n","protected":false},"excerpt":{"rendered":"<p>Integrantes de 19 delegaciones sindicales pertenecientes a la subsecci\u00f3n 02 de la secci\u00f3n 35 del Sindicato Nacional de Trabajadores de la Salud (SNTSA), marcharon ayer por las principales calles de Juchit\u00e1n, y bloquearon la carretera federal Panamericana \u2018Crist\u00f3bal Col\u00f3n\u2019, en demanda de la vacunaci\u00f3n a m\u00e9dicos y enfermeras encargados en las cl\u00ednicas de salud en [&hellip;]<\/p>\n","protected":false},"author":4,"featured_media":90749,"comment_status":"open","ping_status":"closed","sticky":false,"template":"","format":"standard","meta":{"om_disable_all_campaigns":false,"jnews-multi-image_gallery":[],"jnews_single_post":[],"jnews_primary_category":[],"jnews_social_meta":[],"footnotes":""},"categories":[41],"tags":[],"class_list":["post-90748","post","type-post","status-publish","format-standard","has-post-thumbnail","hentry","category-cruceros"],"_links":{"self":[{"href":"https:\/\/dimensionturistica.com\/es\/wp-json\/wp\/v2\/posts\/90748","targetHints":{"allow":["GET"]}}],"collection":[{"href":"https:\/\/dimensionturistica.com\/es\/wp-json\/wp\/v2\/posts"}],"about":[{"href":"https:\/\/dimensionturistica.com\/es\/wp-json\/wp\/v2\/types\/post"}],"author":[{"embeddable":true,"href":"https:\/\/dimensionturistica.com\/es\/wp-json\/wp\/v2\/users\/4"}],"replies":[{"embeddable":true,"href":"https:\/\/dimensionturistica.com\/es\/wp-json\/wp\/v2\/comments?post=90748"}],"version-history":[{"count":0,"href":"https:\/\/dimensionturistica.com\/es\/wp-json\/wp\/v2\/posts\/90748\/revisions"}],"wp:featuredmedia":[{"embeddable":true,"href":"https:\/\/dimensionturistica.com\/es\/wp-json\/wp\/v2\/media\/90749"}],"wp:attachment":[{"href":"https:\/\/dimensionturistica.com\/es\/wp-json\/wp\/v2\/media?parent=90748"}],"wp:term":[{"taxonomy":"category","embeddable":true,"href":"https:\/\/dimensionturistica.com\/es\/wp-json\/wp\/v2\/categories?post=90748"},{"taxonomy":"post_tag","embeddable":true,"href":"https:\/\/dimensionturistica.com\/es\/wp-json\/wp\/v2\/tags?post=90748"}],"curies":[{"name":"wp","href":"https:\/\/api.w.org\/{rel}","templated":true}]}}