{"id":90723,"date":"2021-03-05T01:40:19","date_gmt":"2021-03-05T01:40:19","guid":{"rendered":"https:\/\/dimensionturistica.com\/es\/?p=90723"},"modified":"2021-03-05T01:40:19","modified_gmt":"2021-03-05T01:40:19","slug":"conoce-todos-sus-detalles-incluidas-sus-entranas","status":"publish","type":"post","link":"https:\/\/dimensionturistica.com\/es\/conoce-todos-sus-detalles-incluidas-sus-entranas\/","title":{"rendered":"conoce todos sus detalles, incluidas sus entra\u00f1as"},"content":{"rendered":"<p> <br \/>\n<\/p>\n<div>\n<p>Si el\u00a0<a rel=\"nofollow noopener\" target=\"_blank\" href=\"https:\/\/www.autonocion.com\/opinion-y-prueba-toyota-mirai-coche-de-hidrogeno\/\">Toyota\u00a0Mirai de primera generaci\u00f3n<\/a> no termina de entrarte por los ojos, tranquilo, el nuevo rumbo que ha tomado el modelo te resultar\u00e1 mucho m\u00e1s convincente. El\u00a0<strong>veh\u00edculo el\u00e9ctrico impulsado por hidr\u00f3geno<\/strong> (FCEV) ha sufrido un redise\u00f1o completo que le sienta de maravilla, al tiempo que incluye importantes novedades en sus entra\u00f1as. U<\/p>\n<p>no de los cambios m\u00e1s importantes para el Mirai 2021 es la evoluci\u00f3n de su estructura, pues emplea un esquema de <strong>propulsi\u00f3n<\/strong> en lugar de la anterior con tracci\u00f3n delantera. Desarrollado sobre la<strong>\u00a0plataforma modular TNGA<\/strong> de <a rel=\"nofollow noopener\" target=\"_blank\" title=\"Toyota\" href=\"https:\/\/www.autonocion.com\/coches-nuevos\/toyota\/\">Toyota<\/a>, esto ha permitido a los dise\u00f1adores hacer un sed\u00e1n m\u00e1s largo, m\u00e1s bajo, m\u00e1s ancho y m\u00e1s robusto.<\/p>\n<p><a rel=\"nofollow noopener\" target=\"_blank\" href=\"https:\/\/dimensionturistica.com\/es\/wp-content\/uploads\/2021\/03\/conoce-todos-sus-detalles-incluidas-sus-entranas.jpg\"><img decoding=\"async\" class=\"alignnone size-full wp-image-506997\" src=\"data:image\/svg+xml,%3Csvg%20xmlns=\" http:=\"\" alt=\"\" width=\"1600\" height=\"1067\" data-lazy- data-lazy- data-lazy-src=\"https:\/\/dimensionturistica.com\/es\/wp-content\/uploads\/2021\/03\/conoce-todos-sus-detalles-incluidas-sus-entranas.jpg\"\/><noscript><img decoding=\"async\" class=\"alignnone size-full wp-image-506997\" src=\"https:\/\/dimensionturistica.com\/es\/wp-content\/uploads\/2021\/03\/conoce-todos-sus-detalles-incluidas-sus-entranas.jpg\" alt=\"\" width=\"1600\" height=\"1067\"  \/><\/noscript><\/a><\/p>\n<p>En dimensiones, hablamos de 4.975 mm de largo, 1.885 mm de ancho y 1.470 mm de alto, con una batalla de 2.920 mm. Al igual que ocurre en el exterior, el habit\u00e1culo del Mirai 2021\u00a0<strong>se ha modernizado por completo<\/strong>, presentando un nuevo dise\u00f1o m\u00e1s limpio y elegante, materiales de alta calidad que nada tienen que ver con los actuales y un elevado nivel de tecnolog\u00eda.<\/p>\n<p>El motor desarrolla una potencia de<strong> 182 CV <\/strong>y un par m\u00e1ximo de<strong> 300 Nm<\/strong>. Se asocia a una caja de cambios autom\u00e1tica. Seg\u00fan los datos oficiales, alcanza los 175 km\/h de velocidad m\u00e1xima y puede acelerar de 0 a 100 km\/h en 9,2 segundos, mientras que el consumo medio se queda en los 0,79 kg\/100 km.<\/p>\n<p><a rel=\"nofollow noopener\" target=\"_blank\" href=\"https:\/\/dimensionturistica.com\/es\/wp-content\/uploads\/2021\/03\/1614908416_988_conoce-todos-sus-detalles-incluidas-sus-entranas.jpg\"><img decoding=\"async\" class=\"alignnone size-full wp-image-507025\" src=\"data:image\/svg+xml,%3Csvg%20xmlns=\" http:=\"\" alt=\"\" width=\"1600\" height=\"1067\" data-lazy- data-lazy- data-lazy-src=\"https:\/\/dimensionturistica.com\/es\/wp-content\/uploads\/2021\/03\/1614908416_988_conoce-todos-sus-detalles-incluidas-sus-entranas.jpg\"\/><noscript><img decoding=\"async\" class=\"alignnone size-full wp-image-507025\" src=\"https:\/\/dimensionturistica.com\/es\/wp-content\/uploads\/2021\/03\/1614908416_988_conoce-todos-sus-detalles-incluidas-sus-entranas.jpg\" alt=\"\" width=\"1600\" height=\"1067\"  \/><\/noscript><\/a><\/p>\n<p>El hidr\u00f3geno deber\u00eda ser <strong>el flamable del futuro<\/strong> seg\u00fan apuntan algunas fuentes, pero desde luego al ritmo que va pasar\u00e1n muchos a\u00f1os antes de que sea posible su comercializaci\u00f3n en masa.\u00a0Por el momento solo los <a rel=\"nofollow noopener\" target=\"_blank\" title=\"Hyundai\" href=\"https:\/\/www.autonocion.com\/coches-nuevos\/hyundai\/\">Hyundai<\/a>\u00a0Nexo y Toyota\u00a0Mirai\u00a0se comercializan en Espa\u00f1a, este \u00faltimo estrenando en estos d\u00edas nueva generaci\u00f3n.<\/p>\n<p>Que tenga un precio elevado no es un detalle especialmente relevante si se tiene en cuenta que hay modelos el\u00e9ctricos de segmentos inferiores con tarifas que superan los 45.000 euros. En el Mirai el mayor inconveniente est\u00e1 en la<strong> nula infraestructura disponible <\/strong>para los usuarios, que har\u00e1 casi imposible recargar el veh\u00edculo.<\/p>\n<p><a rel=\"nofollow noopener\" target=\"_blank\" href=\"https:\/\/dimensionturistica.com\/es\/wp-content\/uploads\/2021\/03\/1614908417_923_conoce-todos-sus-detalles-incluidas-sus-entranas.jpg\"><img decoding=\"async\" class=\"alignnone size-full wp-image-507001\" src=\"data:image\/svg+xml,%3Csvg%20xmlns=\" http:=\"\" alt=\"\" width=\"1600\" height=\"1067\" data-lazy- data-lazy- data-lazy-src=\"https:\/\/dimensionturistica.com\/es\/wp-content\/uploads\/2021\/03\/1614908417_923_conoce-todos-sus-detalles-incluidas-sus-entranas.jpg\"\/><noscript><img decoding=\"async\" class=\"alignnone size-full wp-image-507001\" src=\"https:\/\/dimensionturistica.com\/es\/wp-content\/uploads\/2021\/03\/1614908417_923_conoce-todos-sus-detalles-incluidas-sus-entranas.jpg\" alt=\"\" width=\"1600\" height=\"1067\"  \/><\/noscript><\/a><\/p>\n<p>Se supone que\u00a0tanto el Gobierno de Espa\u00f1a como Toyota y otras empresas del sector <strong>apostar\u00e1n por el hidr\u00f3geno<\/strong> para conseguir reducir las emisiones de los veh\u00edculos, pero el ritmo es lento y la oferta escueta y muy cara. M\u00e1s all\u00e1 de esto, el nuevo Mirai sorprende por acabados, equipamiento y por fin por un dise\u00f1o muy atractivo.<\/p>\n<p>En Espa\u00f1a la <a rel=\"nofollow noopener\" target=\"_blank\" href=\"https:\/\/www.autonocion.com\/precio-toyota-mirai-espana\/\">gama del nuevo Mirai<\/a> contempla dos niveles de acabado:<strong> Imaginative and prescient y Luxurious<\/strong>. En todos los casos cuentan con faros Full LED inteligentes, management de crucero adaptativo, aviso pre-colisi\u00f3n, frenada autom\u00e1tica en ciudad, alerta de cambio de carril, lector de se\u00f1ales de tr\u00e1fico, management de \u00e1ngulo muerto, and many others.<\/p>\n<p><a rel=\"nofollow noopener\" target=\"_blank\" href=\"https:\/\/dimensionturistica.com\/es\/wp-content\/uploads\/2021\/03\/1614908417_88_conoce-todos-sus-detalles-incluidas-sus-entranas.jpg\"><img decoding=\"async\" class=\"alignnone size-full wp-image-507032\" src=\"data:image\/svg+xml,%3Csvg%20xmlns=\" http:=\"\" alt=\"\" width=\"1600\" height=\"1067\" data-lazy- data-lazy- data-lazy-src=\"https:\/\/dimensionturistica.com\/es\/wp-content\/uploads\/2021\/03\/1614908417_88_conoce-todos-sus-detalles-incluidas-sus-entranas.jpg\"\/><noscript><img decoding=\"async\" class=\"alignnone size-full wp-image-507032\" src=\"https:\/\/dimensionturistica.com\/es\/wp-content\/uploads\/2021\/03\/1614908417_88_conoce-todos-sus-detalles-incluidas-sus-entranas.jpg\" alt=\"\" width=\"1600\" height=\"1067\"  \/><\/noscript><\/a><\/p>\n<p><strong>Tambi\u00e9n de serie llevan<\/strong> climatizaci\u00f3n autom\u00e1tica, tapizado en piel, instrumentaci\u00f3n digital con pantalla de 8 pulgadas, sensor de lluvia, sensores de estacionamiento,\u00a0c\u00e1mara 360, volante calefactable, acceso y arranque sin llave, ordenador de viaje, faros antiniebla LED, equipo de sonido JBL, navegador, pantalla de 12.3 pulgadas y <em>Apple CarPlay<\/em>, entre otros<\/p>\n<p>La <strong>versi\u00f3n Luxurious<\/strong> a\u00f1ade unas llantas de aleaci\u00f3n de 20 pulgadas,\u00a0techo panor\u00e1mico doble fijo, asientos delanteros ventilados, climatizador autom\u00e1tico de tres zonas, tapizado en piel de mayor calidad, detalles de decoraci\u00f3n espec\u00edficos, <em>Head Up Show<\/em>, management de climatizaci\u00f3n trasero, espejo inside con c\u00e1mara, asistente al aparcamiento autom\u00e1tico\u2026<\/p>\n<h3 style=\"text-align: center;\"><strong>Galer\u00eda de im\u00e1genes<\/strong><\/h3>\n<\/div>\n\n<p><em> &#8221; Fuentes www.autonocion.com &#8221; <\/em><\/p>\n","protected":false},"excerpt":{"rendered":"<p>Si el\u00a0Toyota\u00a0Mirai de primera generaci\u00f3n no termina de entrarte por los ojos, tranquilo, el nuevo rumbo que ha tomado el modelo te resultar\u00e1 mucho m\u00e1s convincente. El\u00a0veh\u00edculo el\u00e9ctrico impulsado por hidr\u00f3geno (FCEV) ha sufrido un redise\u00f1o completo que le sienta de maravilla, al tiempo que incluye importantes novedades en sus entra\u00f1as. U no de los [&hellip;]<\/p>\n","protected":false},"author":4,"featured_media":90724,"comment_status":"open","ping_status":"closed","sticky":false,"template":"","format":"standard","meta":{"om_disable_all_campaigns":false,"jnews-multi-image_gallery":[],"jnews_single_post":[],"jnews_primary_category":[],"jnews_social_meta":[],"footnotes":""},"categories":[41],"tags":[],"class_list":["post-90723","post","type-post","status-publish","format-standard","has-post-thumbnail","hentry","category-cruceros"],"_links":{"self":[{"href":"https:\/\/dimensionturistica.com\/es\/wp-json\/wp\/v2\/posts\/90723","targetHints":{"allow":["GET"]}}],"collection":[{"href":"https:\/\/dimensionturistica.com\/es\/wp-json\/wp\/v2\/posts"}],"about":[{"href":"https:\/\/dimensionturistica.com\/es\/wp-json\/wp\/v2\/types\/post"}],"author":[{"embeddable":true,"href":"https:\/\/dimensionturistica.com\/es\/wp-json\/wp\/v2\/users\/4"}],"replies":[{"embeddable":true,"href":"https:\/\/dimensionturistica.com\/es\/wp-json\/wp\/v2\/comments?post=90723"}],"version-history":[{"count":0,"href":"https:\/\/dimensionturistica.com\/es\/wp-json\/wp\/v2\/posts\/90723\/revisions"}],"wp:featuredmedia":[{"embeddable":true,"href":"https:\/\/dimensionturistica.com\/es\/wp-json\/wp\/v2\/media\/90724"}],"wp:attachment":[{"href":"https:\/\/dimensionturistica.com\/es\/wp-json\/wp\/v2\/media?parent=90723"}],"wp:term":[{"taxonomy":"category","embeddable":true,"href":"https:\/\/dimensionturistica.com\/es\/wp-json\/wp\/v2\/categories?post=90723"},{"taxonomy":"post_tag","embeddable":true,"href":"https:\/\/dimensionturistica.com\/es\/wp-json\/wp\/v2\/tags?post=90723"}],"curies":[{"name":"wp","href":"https:\/\/api.w.org\/{rel}","templated":true}]}}