{"id":90712,"date":"2021-03-05T01:16:05","date_gmt":"2021-03-05T01:16:05","guid":{"rendered":"https:\/\/dimensionturistica.com\/es\/?p=90712"},"modified":"2021-03-05T01:16:05","modified_gmt":"2021-03-05T01:16:05","slug":"el-turismo-debe-mostrarse-cauteloso-en-su-recuperacion","status":"publish","type":"post","link":"https:\/\/dimensionturistica.com\/es\/el-turismo-debe-mostrarse-cauteloso-en-su-recuperacion\/","title":{"rendered":"El turismo debe mostrarse cauteloso en su recuperaci\u00f3n"},"content":{"rendered":"<p> <br \/>\n<\/p>\n<div>\n            <!-- image --><\/p>\n<div class=\"td-post-featured-image\"><a rel=\"nofollow noopener\" target=\"_blank\" href=\"https:\/\/grupoenconcreto.com\/wp-content\/uploads\/2020\/02\/turismo-1.jpg\" data-caption=\"\"><img decoding=\"async\" width=\"696\" height=\"392\" class=\"entry-thumb td-modal-image\" src=\"https:\/\/dimensionturistica.com\/es\/wp-content\/uploads\/2021\/03\/El-turismo-debe-mostrarse-cauteloso-en-su-recuperacion.jpg\"   alt=\"\" title=\"turismo-1\"\/><\/a><\/div>\n<p>            <!-- content --><\/p>\n<p>A pesar de los buenos pron\u00f3sticos que mantiene la vacuna para la reactivaci\u00f3n y reapertura econ\u00f3mica, el turismo debe mantenerse sigiloso ante esta situaci\u00f3n, a fin de evitar rebrotes por COVID-19.\u00a0<\/p>\n<p>\u201cEs un problema grave que pasamos ante la reactivaci\u00f3n, se habla que ya comenzar\u00e1n los eventos tur\u00edsticos, en Colombia se celebra la feria del turismo en abril.\u00a0<\/p>\n<p>Comienza la esperanza de que se reactivar los eventos, sin embargo es una etapa dif\u00edcil y debemos de tener cuidados en las medidas sanitarias a fin de que no haya rebrotes mencion\u00f3 el Presidente de la Asociaci\u00f3n para la Cultura y el Turismo en Am\u00e9rica Latina, ACTUAL; Don Armando Bojorquez Patr\u00f3n, en entrevista para En Concreto.\u00a0<\/p>\n<p>A su vez record\u00f3 lo sucedido en Acapulco a finales del 2020, cuando debido a la reapertura, se dio una oleada de turistas, provocando brotes de recontangio, por lo que se dio un cambio en el sem\u00e1foro epidemiol\u00f3gico y con ello el regreso a las restricciones sanitarias.\u00a0<\/p>\n<p>Por lo que Don Armando Bojorquez hizo un llamado a incitar a la poblaci\u00f3n a tomar medidas esta Semana Santa, promoviendo el quedarse en casa durante esta fecha y buscar vacacionar en otras fechas en las que se tenga menor afluencia de turistas.\u00a0<\/p>\n<h3>Los hoteleros<\/h3>\n<p>Si bien es cierto que el turismo se encuentra da\u00f1ado y en unos \u00edndices muy bajos debido a la pandemia, Don Armando Bojorquez, mencion\u00f3 a En Concreto, que esta situaci\u00f3n deber\u00e1 enfrentarse mediante acuerdos con la banca.\u00a0<\/p>\n<p>Por otro lado mencion\u00f3 que\u00a0 la oportunidad que tiene el sector de encontrar ayuda por parte del gobierno ser\u00eda mediante condonaci\u00f3n de impuestos y pagos gubernamentales.\u00a0<\/p>\n<p><em>\u201cMe habl\u00f3 un empresario importante de Veracruz en el que el seguro social lo iba a embargar- el solo ten\u00eda el 15percentde la ocupaci\u00f3n.\u00a0<\/em><\/p>\n<p><em>Para mayo llega el plazo de declaraciones fiscales, yo no creo que haya hoteleros que tengan utilidades.\u00a0<\/em><\/p>\n<p><em>Tengo amigos en Chichen Itz\u00e1 los cuales me dicen que solo llega la tercera parte de lo que llegaba, por lo que los artesanos, restauranteros la est\u00e1n pasando muy mal.\u00a0<\/em><\/p>\n<p><em>En Cozumel est\u00e1n pasando una dif\u00edcil situaci\u00f3n debido a que no hay cruceros\u201d coment\u00f3 el Presidente de la Asociaci\u00f3n para la Cultura y el Turismo en Am\u00e9rica Latina, ACTUAL; Don Armando Bojorquez Patr\u00f3n, en entrevista para En Concreto.\u00a0<\/em><\/p>\n<p>Sin embargo el presidente de la ACTUAL, mostr\u00f3 su positivismo en la captaci\u00f3n del turismo native, debido a que al no haber turistas extranjeros se puede acceder a el turismo de nacional de manera m\u00e1s accesible.\u00a0<\/p>\n<h3>Turismo de eventos\u00a0<\/h3>\n<p>La llegada de la pandemia aceler\u00f3 el uso de tecnolog\u00edas dando como resultado la baja en el turismo de convenciones y eventos, ante esto Don Armando Bojorquez, mencion\u00f3 que este tipo de turismo se encuentra a\u00fan alejado de su recuperaci\u00f3n debido a que muchas empresas mantendr\u00e1n el house workplace durante este a\u00f1o.\u00a0<\/p>\n<p>Por otro lado tambi\u00e9n mencion\u00f3 la oportunidad de pensar y reformular el turismo y los eventos con nuevas visiones<\/p>\n<\/p><\/div>\n<p><script>(function(d, s, id) {\n          var js, fjs = d.getElementsByTagName(s)[0];\n          if (d.getElementById(id)) return;\n          js = d.createElement(s); js.id = id;\n          js.src = \"https:\/\/connect.facebook.net\/es_ES\/sdk.js#xfbml=1&appId=&version=v2.3\";\n          fjs.parentNode.insertBefore(js, fjs);\n        }(document, 'script', 'facebook-jssdk'));<\/script><br \/>\n<br \/><\/p>\n<p><em> &#8221; Fuentes grupoenconcreto.com &#8221; <\/em><\/p>\n","protected":false},"excerpt":{"rendered":"<p>A pesar de los buenos pron\u00f3sticos que mantiene la vacuna para la reactivaci\u00f3n y reapertura econ\u00f3mica, el turismo debe mantenerse sigiloso ante esta situaci\u00f3n, a fin de evitar rebrotes por COVID-19.\u00a0 \u201cEs un problema grave que pasamos ante la reactivaci\u00f3n, se habla que ya comenzar\u00e1n los eventos tur\u00edsticos, en Colombia se celebra la feria del [&hellip;]<\/p>\n","protected":false},"author":4,"featured_media":90713,"comment_status":"open","ping_status":"closed","sticky":false,"template":"","format":"standard","meta":{"om_disable_all_campaigns":false,"jnews-multi-image_gallery":[],"jnews_single_post":[],"jnews_primary_category":[],"jnews_social_meta":[],"footnotes":""},"categories":[41],"tags":[],"class_list":["post-90712","post","type-post","status-publish","format-standard","has-post-thumbnail","hentry","category-cruceros"],"_links":{"self":[{"href":"https:\/\/dimensionturistica.com\/es\/wp-json\/wp\/v2\/posts\/90712","targetHints":{"allow":["GET"]}}],"collection":[{"href":"https:\/\/dimensionturistica.com\/es\/wp-json\/wp\/v2\/posts"}],"about":[{"href":"https:\/\/dimensionturistica.com\/es\/wp-json\/wp\/v2\/types\/post"}],"author":[{"embeddable":true,"href":"https:\/\/dimensionturistica.com\/es\/wp-json\/wp\/v2\/users\/4"}],"replies":[{"embeddable":true,"href":"https:\/\/dimensionturistica.com\/es\/wp-json\/wp\/v2\/comments?post=90712"}],"version-history":[{"count":0,"href":"https:\/\/dimensionturistica.com\/es\/wp-json\/wp\/v2\/posts\/90712\/revisions"}],"wp:featuredmedia":[{"embeddable":true,"href":"https:\/\/dimensionturistica.com\/es\/wp-json\/wp\/v2\/media\/90713"}],"wp:attachment":[{"href":"https:\/\/dimensionturistica.com\/es\/wp-json\/wp\/v2\/media?parent=90712"}],"wp:term":[{"taxonomy":"category","embeddable":true,"href":"https:\/\/dimensionturistica.com\/es\/wp-json\/wp\/v2\/categories?post=90712"},{"taxonomy":"post_tag","embeddable":true,"href":"https:\/\/dimensionturistica.com\/es\/wp-json\/wp\/v2\/tags?post=90712"}],"curies":[{"name":"wp","href":"https:\/\/api.w.org\/{rel}","templated":true}]}}