{"id":90672,"date":"2021-03-04T23:24:06","date_gmt":"2021-03-04T23:24:06","guid":{"rendered":"https:\/\/dimensionturistica.com\/es\/?p=90672"},"modified":"2021-03-04T23:24:06","modified_gmt":"2021-03-04T23:24:06","slug":"esto-es-un-suv-la-nueva-campana-publicitaria-de-la-chevrolet-tracker","status":"publish","type":"post","link":"https:\/\/dimensionturistica.com\/es\/esto-es-un-suv-la-nueva-campana-publicitaria-de-la-chevrolet-tracker\/","title":{"rendered":"&#8220;Esto es un SUV&#8221;: la nueva campa\u00f1a publicitaria de la Chevrolet Tracker"},"content":{"rendered":"<p> <br \/>\n<\/p>\n<div>\n<div class=\"respo\"><noscript><img decoding=\"async\" width=\"1100\" height=\"533\" src=\"https:\/\/dimensionturistica.com\/es\/wp-content\/uploads\/2021\/03\/Esto-es-un-SUV-la-nueva-campana-publicitaria-de-la.jpg\" class=\"attachment-post-thumbnail size-post-thumbnail wp-post-image\" alt=\"tracker\"  \/><\/noscript><img loading=\"lazy\" decoding=\"async\" width=\"1100\" height=\"533\" src=\"https:\/\/dimensionturistica.com\/es\/wp-content\/uploads\/2021\/03\/Esto-es-un-SUV-la-nueva-campana-publicitaria-de-la.jpg\" class=\"lazyload attachment-post-thumbnail size-post-thumbnail wp-post-image\" alt=\"tracker\"  data-\/><\/div>\n<p><span class=\"dropcap\">P<\/span>resentada a mediados del a\u00f1o pasado, la segunda generaci\u00f3n de la Tracker fue uno de los lanzamientos m\u00e1s importantes para Chevrolet, destac\u00e1ndose por una notable evoluci\u00f3n en dise\u00f1o, equipamiento, tecnolog\u00eda y mec\u00e1nica con respecto a su antecesora. Con estas caracter\u00edsticas, el producto de la marca estadounidense se convirti\u00f3 en una de las principales referentes de su segmento. Para resaltar sus mejoras, la marca del mo\u00f1o acaba de lanzar su nueva campa\u00f1a publicitaria, encabezada por el comercial \u201cEsto es un SUV\u201d.<\/p>\n<p>De acuerdo al comunicado oficial, el spot busca reflejar la evoluci\u00f3n de los B-SUV a lo largo de los a\u00f1os, pasando por diferentes fases hasta que la llegada de la nueva Tracker marc\u00f3 un antes y un despu\u00e9s. La publicidad fue realizada por la agencia Commonwealth McCANN y ya puede verse en diferentes plataformas y redes sociales as\u00ed como TV y en el canal oficial de YouTube.<\/p>\n<div class=\"jeg_video_container jeg_video_content\"><iframe loading=\"lazy\" title=\"Chevrolet Tracker | Esto es una SUV\" width=\"500\" height=\"281\" src=\"https:\/\/www.youtube.com\/embed\/YA-hVP7zhN4?feature=oembed\" frameborder=\"0\" allow=\"accelerometer; autoplay; clipboard-write; encrypted-media; gyroscope; picture-in-picture; web-share\" referrerpolicy=\"strict-origin-when-cross-origin\" allowfullscreen><\/iframe><\/div>\n<p>Desarrollada sobre la plataforma modular GEM, la nueva generaci\u00f3n del B-SUV se comercializa en cuatro versiones (MT, AT, LTZ y Premier) entre las cuales, en materia de confort la m\u00e1s equipada ofrece sistema multimedia MyLink3 con pantalla t\u00e1ctil de 8\u201d appropriate con Android Auto y Apple CarPlay, computadora de a bordo con show TFT de 3,5\u201d, WiFi 4G, direcci\u00f3n asistida el\u00e9ctricamente, levantavidrios y espejos el\u00e9ctricos, columna de direcci\u00f3n regulable en altura y profundidad, OnStar, management de velocidad crucero, sistema Begin&amp;Cease, llave presencial, encendido por bot\u00f3n, c\u00e1mara de retroceso, alerta de punto ciego, sensores de lluvia y crepuscular, climatizador autom\u00e1tico, cargador inal\u00e1mbrico, espejo retrovisor fotocrom\u00e1tico, sistema de estacionamiento asistido y techo panor\u00e1mico, entre otros \u00edtems.<\/p>\n<p>En seguridad, todas las versiones disponen de seis airbags, management de tracci\u00f3n, management de estabilidad, frenos con ABS\/EBD\/BA, anclajes Isofix y apoyacabezas y cinturones de seguridad inerciales en las 5 plazas. La versi\u00f3n Premier adiciona sensor de presi\u00f3n de los neum\u00e1ticos, alerta de punto ciego y frenado autom\u00e1tico de emergencia.<\/p>\n<p><noscript><img decoding=\"async\" src=\"https:\/\/dimensionturistica.com\/es\/wp-content\/uploads\/2021\/03\/1614900246_988_Esto-es-un-SUV-la-nueva-campana-publicitaria-de-la.jpg\" alt=\"nueva chevrolet tracker\"\/><\/noscript><img decoding=\"async\" class=\"lazyload\" src=\"https:\/\/dimensionturistica.com\/es\/wp-content\/uploads\/2021\/03\/1614900246_988_Esto-es-un-SUV-la-nueva-campana-publicitaria-de-la.jpg\" alt=\"nueva chevrolet tracker\"\/><\/p>\n<p>Mec\u00e1nicamente, toda la gama est\u00e1 impulsada por el nuevo motor naftero Ecotec 1.2 turbo que desarrolla 132 CV y 190 Nm de torque, disponible con caja handbook de 5 velocidades o autom\u00e1tica de 6 marchas, s\u00f3lo con tracci\u00f3n delantera.<\/p>\n<p><strong>Precios actualizados:<\/strong><\/p>\n<ul>\n<li>Chevrolet Tracker MT: $2.109.900<\/li>\n<li>Chevrolet Tracker AT: $2.261.900<\/li>\n<li>Chevrolet Tracker LTZ AT: $2.510.900<\/li>\n<li>Chevrolet Tracker Premier AT: $3.130.900<\/li>\n<\/ul>\n<p>\u00a0<\/p>\n<\/p><\/div>\n<p><script type=\"21aadc3dc7d30f13bbd8336e-text\/javascript\">!function(f,b,e,v,n,t,s){if(f.fbq)return;n=f.fbq=function(){n.callMethod?\nn.callMethod.apply(n,arguments):n.queue.push(arguments)};if(!f._fbq)f._fbq=n;\nn.push=n;n.loaded=!0;n.version='2.0';n.queue=[];t=b.createElement(e);t.async=!0;\nt.src=v;s=b.getElementsByTagName(e)[0];s.parentNode.insertBefore(t,s)}(window,\ndocument,'script','https:\/\/connect.facebook.net\/en_US\/fbevents.js');\nfbq('init', '828183577225019'); \/\/ Insert your pixel ID here.\nfbq('track', 'PageView');<\/script><br \/>\n<br \/><\/p>\n<p><em> &#8221; Fuentes www.16valvulas.com.ar &#8221; <\/em><\/p>\n","protected":false},"excerpt":{"rendered":"<p>Presentada a mediados del a\u00f1o pasado, la segunda generaci\u00f3n de la Tracker fue uno de los lanzamientos m\u00e1s importantes para Chevrolet, destac\u00e1ndose por una notable evoluci\u00f3n en dise\u00f1o, equipamiento, tecnolog\u00eda y mec\u00e1nica con respecto a su antecesora. Con estas caracter\u00edsticas, el producto de la marca estadounidense se convirti\u00f3 en una de las principales referentes de [&hellip;]<\/p>\n","protected":false},"author":4,"featured_media":90673,"comment_status":"open","ping_status":"closed","sticky":false,"template":"","format":"standard","meta":{"om_disable_all_campaigns":false,"jnews-multi-image_gallery":[],"jnews_single_post":[],"jnews_primary_category":[],"jnews_social_meta":[],"footnotes":""},"categories":[41],"tags":[],"class_list":["post-90672","post","type-post","status-publish","format-standard","has-post-thumbnail","hentry","category-cruceros"],"_links":{"self":[{"href":"https:\/\/dimensionturistica.com\/es\/wp-json\/wp\/v2\/posts\/90672","targetHints":{"allow":["GET"]}}],"collection":[{"href":"https:\/\/dimensionturistica.com\/es\/wp-json\/wp\/v2\/posts"}],"about":[{"href":"https:\/\/dimensionturistica.com\/es\/wp-json\/wp\/v2\/types\/post"}],"author":[{"embeddable":true,"href":"https:\/\/dimensionturistica.com\/es\/wp-json\/wp\/v2\/users\/4"}],"replies":[{"embeddable":true,"href":"https:\/\/dimensionturistica.com\/es\/wp-json\/wp\/v2\/comments?post=90672"}],"version-history":[{"count":0,"href":"https:\/\/dimensionturistica.com\/es\/wp-json\/wp\/v2\/posts\/90672\/revisions"}],"wp:featuredmedia":[{"embeddable":true,"href":"https:\/\/dimensionturistica.com\/es\/wp-json\/wp\/v2\/media\/90673"}],"wp:attachment":[{"href":"https:\/\/dimensionturistica.com\/es\/wp-json\/wp\/v2\/media?parent=90672"}],"wp:term":[{"taxonomy":"category","embeddable":true,"href":"https:\/\/dimensionturistica.com\/es\/wp-json\/wp\/v2\/categories?post=90672"},{"taxonomy":"post_tag","embeddable":true,"href":"https:\/\/dimensionturistica.com\/es\/wp-json\/wp\/v2\/tags?post=90672"}],"curies":[{"name":"wp","href":"https:\/\/api.w.org\/{rel}","templated":true}]}}