{"id":90660,"date":"2021-03-04T23:02:55","date_gmt":"2021-03-04T23:02:55","guid":{"rendered":"https:\/\/dimensionturistica.com\/es\/?p=90660"},"modified":"2021-03-04T23:02:55","modified_gmt":"2021-03-04T23:02:55","slug":"realizaran-feria-del-turismo-en-durango-el-siglo-de-torreon","status":"publish","type":"post","link":"https:\/\/dimensionturistica.com\/es\/realizaran-feria-del-turismo-en-durango-el-siglo-de-torreon\/","title":{"rendered":"Realizar\u00e1n Feria del Turismo en Durango, El Siglo de Torre\u00f3n"},"content":{"rendered":"<p> <br \/>\n<\/p>\n<p>\nDel 5 al 7 de marzo se llevar\u00e1 a cabo la &#8220;Feria de Turismo AAVE Durango 2021&#8221; con la intenci\u00f3n de contribuir a la reactivaci\u00f3n del turismo en la entidad, ofreciendo diversos paquetes y productos tur\u00edsticos locales. <\/p>\n<div>\n<p>As\u00ed lo inform\u00f3 Eleazar Gamboa de la Parra, titular de la Secretar\u00eda de Turismo del Gobierno del Estado, quien indic\u00f3 que esta ser\u00e1 la primera Feria de Turismo de la Asociaci\u00f3n de Agencias de Viaje del estado de Durango, (AAVE Durango A.C).<\/p>\n<p>Participar\u00e1n representantes de hoteles, restaurantes, balnearios, tour-operadores, centros ecotur\u00edsticos y dem\u00e1s prestadores de servicios tur\u00edsticos, donde se estar\u00e1n ofertando la Ruta del Mezcal, vuelos en globos aerost\u00e1ticos, entre otros productos tur\u00edsticos.<\/p>\n<p>La feria se llevar\u00e1 a cabo en la Plaza de Armas de viernes a domingo de las 12:00 a las 19:00 horas, se estar\u00e1n ofertando adem\u00e1s diversos paquetes tur\u00edsticos de aventura para Semana Santa a precios muy accesibles.<\/p>\n<p>Dijo que tomando en cuenta todos los protocolos de salud, se estar\u00e1n ofreciendo por parte del sector tur\u00edstico, paquetes a bajo costo con actividades y visitas a los Pueblos M\u00e1gicos de Durango y otros atractivos de diversas localidades que cuentan con vocaci\u00f3n tur\u00edstica.<\/p>\n<p>Adelant\u00f3 que la feria de turismo se realizar\u00e1 tambi\u00e9n en algunos municipios con afluencia importante de personas, en est\u00e1 ocasi\u00f3n los estados invitados son Sinaloa y Nayarit, quienes participar\u00e1n con tour operadores, as\u00ed como con paquetes tur\u00edsticos.<\/p>\n<p>\n<button data-emo=\"1\" data-no=\"0\" id=\"emo1\" class=\"emos btn btn-outline-secondary mb-2\">&#x1f44d; me gusta <small\/><\/button><br \/>\n<button data-emo=\"2\" data-no=\"0\" id=\"emo2\" class=\"emos btn btn-outline-secondary mb-2\">&#x1f60d; me encanta <small\/><\/button><br \/>\n<button data-emo=\"3\" data-no=\"0\" id=\"emo3\" class=\"emos btn btn-outline-secondary mb-2\">&#x1f923; divertido <small\/><\/button><br \/>\n<button data-emo=\"4\" data-no=\"0\" id=\"emo4\" class=\"emos btn btn-outline-secondary mb-2\">&#x1f62e; sorprendido <small\/><\/button><br \/>\n<button data-emo=\"5\" data-no=\"0\" id=\"emo5\" class=\"emos btn btn-outline-secondary mb-2\">&#x1f621; enojado <small\/><\/button><br \/>\n<button data-emo=\"6\" data-no=\"0\" id=\"emo6\" class=\"emos btn btn-outline-secondary mb-2\">&#x1f622; triste <small\/><\/button><\/p>\n<h6 class=\"small\"\/>\n<\/div>\n<p><script>\n  !function(f,b,e,v,n,t,s)\n  {if(f.fbq)return;n=f.fbq=function(){n.callMethod?\n  n.callMethod.apply(n,arguments):n.queue.push(arguments)};\n  if(!f._fbq)f._fbq=n;n.push=n;n.loaded=!0;n.version='2.0';\n  n.queue=[];t=b.createElement(e);t.async=!0;\n  t.src=v;s=b.getElementsByTagName(e)[0];\n  s.parentNode.insertBefore(t,s)}(window, document,'script',\n  'https:\/\/connect.facebook.net\/en_US\/fbevents.js');\n  fbq('init', '871541936550779');\n  fbq('track', 'PageView');\n<\/script><script>(function(d, s, id) { var js, fjs = d.getElementsByTagName(s)[0]; if (d.getElementById(id)) return; js = d.createElement(s); js.id = id; js.src=\"https:\/\/connect.facebook.net\/es_LA\/sdk.js#xfbml=1&version=v3.2&appId=133034970052161&autoLogAppEvents=1\"; fjs.parentNode.insertBefore(js, fjs); }(document, 'script', 'facebook-jssdk'));<\/script><br \/>\n<br \/><\/p>\n<p><em> &#8221; Fuentes www.elsiglodetorreon.com.mx &#8221; <\/em><\/p>\n","protected":false},"excerpt":{"rendered":"<p>Del 5 al 7 de marzo se llevar\u00e1 a cabo la &#8220;Feria de Turismo AAVE Durango 2021&#8221; con la intenci\u00f3n de contribuir a la reactivaci\u00f3n del turismo en la entidad, ofreciendo diversos paquetes y productos tur\u00edsticos locales. As\u00ed lo inform\u00f3 Eleazar Gamboa de la Parra, titular de la Secretar\u00eda de Turismo del Gobierno del Estado, [&hellip;]<\/p>\n","protected":false},"author":4,"featured_media":90661,"comment_status":"open","ping_status":"closed","sticky":false,"template":"","format":"standard","meta":{"om_disable_all_campaigns":false,"jnews-multi-image_gallery":[],"jnews_single_post":[],"jnews_primary_category":[],"jnews_social_meta":[],"footnotes":""},"categories":[40],"tags":[18955],"class_list":["post-90660","post","type-post","status-publish","format-standard","has-post-thumbnail","hentry","category-industria","tag-feria-del-turismo"],"_links":{"self":[{"href":"https:\/\/dimensionturistica.com\/es\/wp-json\/wp\/v2\/posts\/90660","targetHints":{"allow":["GET"]}}],"collection":[{"href":"https:\/\/dimensionturistica.com\/es\/wp-json\/wp\/v2\/posts"}],"about":[{"href":"https:\/\/dimensionturistica.com\/es\/wp-json\/wp\/v2\/types\/post"}],"author":[{"embeddable":true,"href":"https:\/\/dimensionturistica.com\/es\/wp-json\/wp\/v2\/users\/4"}],"replies":[{"embeddable":true,"href":"https:\/\/dimensionturistica.com\/es\/wp-json\/wp\/v2\/comments?post=90660"}],"version-history":[{"count":0,"href":"https:\/\/dimensionturistica.com\/es\/wp-json\/wp\/v2\/posts\/90660\/revisions"}],"wp:featuredmedia":[{"embeddable":true,"href":"https:\/\/dimensionturistica.com\/es\/wp-json\/wp\/v2\/media\/90661"}],"wp:attachment":[{"href":"https:\/\/dimensionturistica.com\/es\/wp-json\/wp\/v2\/media?parent=90660"}],"wp:term":[{"taxonomy":"category","embeddable":true,"href":"https:\/\/dimensionturistica.com\/es\/wp-json\/wp\/v2\/categories?post=90660"},{"taxonomy":"post_tag","embeddable":true,"href":"https:\/\/dimensionturistica.com\/es\/wp-json\/wp\/v2\/tags?post=90660"}],"curies":[{"name":"wp","href":"https:\/\/api.w.org\/{rel}","templated":true}]}}