{"id":90597,"date":"2021-03-04T20:38:14","date_gmt":"2021-03-04T20:38:14","guid":{"rendered":"https:\/\/dimensionturistica.com\/es\/?p=90597"},"modified":"2021-03-04T20:38:14","modified_gmt":"2021-03-04T20:38:14","slug":"la-visita-a-toledo-de-los-principes-herederos-de-japon-en-1973-nuevo-audiovisual-de-la-filmoteca-historica-toledana-lanza-digital","status":"publish","type":"post","link":"https:\/\/dimensionturistica.com\/es\/la-visita-a-toledo-de-los-principes-herederos-de-japon-en-1973-nuevo-audiovisual-de-la-filmoteca-historica-toledana-lanza-digital\/","title":{"rendered":"La visita a Toledo de los pr\u00edncipes herederos de Jap\u00f3n en 1973, nuevo audiovisual de la Filmoteca Hist\u00f3rica Toledana &#8211; Lanza Digital"},"content":{"rendered":"<p> <br \/>\n<\/p>\n<div>\n<div class=\"opening\">\n<figure class=\"opening-video\"><figcaption>\n<h2>Fueron recibidos por las autoridades municipales en la Puerta de Bisagra<\/h2>\n<\/figcaption><\/figure>\n<ol class=\"social-share\">\n<li>\n\t\t\t\t<button class=\"facebook\" data-type=\"sharer\" data-subtype=\"facebook\"><span>Compartir en fb<\/span><\/button>\t<\/li>\n<li>\n\t\t\t\t<button class=\"twitter\" data-type=\"sharer\" data-subtype=\"twitter\"><span>Compartir en twitter<\/span><\/button>\t<\/li>\n<li>\n\t\t\t\t<button class=\"mail\" data-type=\"sharer\" data-subtype=\"mail\"><span>Compartir en mail<\/span><\/button>\t<\/li>\n<li class=\"whatsapp-share\">\n\t\t\t\t<button class=\"whatsapp\" data-type=\"sharer\" data-subtype=\"whatsapp\"><span>Compartir en whatsapp<\/span><\/button>\t<\/li>\n<\/ol><\/div>\n<p class=\"summary\">Es el tercero en menos de un mes que incorpora <\/p>\n<p>La Actual Academia de Bellas Artes y Ciencias Hist\u00f3ricas de Toledo ha incorporado un nuevo audiovisual a su Filmoteca Hist\u00f3rica Toledana. Se trata de una grabaci\u00f3n realizada por el arquitecto Guillermo Santacruz de la visita a Toledo de los pr\u00edncipes herederos de Jap\u00f3n, Akihito y Michiko, el 14 de octubre de 1973.<\/p>\n<p>El helic\u00f3ptero que transportaba a la pareja tom\u00f3 tierra a la altura del precise Parque del Crucero. La comitiva parti\u00f3 desde all\u00ed hasta la Puerta de Bisagra, donde fueron recibidos por las autoridades municipales, encabezadas por el alcalde, \u00c1ngel Villar, inform\u00f3 la Actual Academia de Bellas Artes y Ciencias Hist\u00f3ricas de Toledo.<\/p>\n<p>Con esta nueva grabaci\u00f3n, son ya tres los audiovisuales recogidos en menos de un mes por la Filmoteca Hist\u00f3rica Toledana (www.youtube.com\/person\/realacademiatoledo), la rama del canal de YouTube de la Actual Academia destinada a albergar v\u00eddeos de car\u00e1cter hist\u00f3rico o documental relacionados con la ciudad de Toledo o con el resto de la provincia.<\/p>\n<p>La Actual Academia recuerda a cuantas personas deseen compartir sus audiovisuales que pueden hacerlo a trav\u00e9s de la direcci\u00f3n de correo electr\u00f3nico academia@realacademiatoledo.es.<\/p>\n<p>\t<!-- Agency Orquidea - 1 x 1 --><\/p>\n<aside class=\"aside-bottom\">\n<h2>Temas relacionados<\/h2>\n<\/aside>\n<\/div>\n\n<p><em> &#8221; Fuentes www.lanzadigital.com &#8221; <\/em><\/p>\n","protected":false},"excerpt":{"rendered":"<p>Fueron recibidos por las autoridades municipales en la Puerta de Bisagra Compartir en fb Compartir en twitter Compartir en mail Compartir en whatsapp Es el tercero en menos de un mes que incorpora La Actual Academia de Bellas Artes y Ciencias Hist\u00f3ricas de Toledo ha incorporado un nuevo audiovisual a su Filmoteca Hist\u00f3rica Toledana. Se [&hellip;]<\/p>\n","protected":false},"author":4,"featured_media":90598,"comment_status":"open","ping_status":"closed","sticky":false,"template":"","format":"standard","meta":{"om_disable_all_campaigns":false,"jnews-multi-image_gallery":[],"jnews_single_post":[],"jnews_primary_category":[],"jnews_social_meta":[],"footnotes":""},"categories":[41],"tags":[],"class_list":["post-90597","post","type-post","status-publish","format-standard","has-post-thumbnail","hentry","category-cruceros"],"_links":{"self":[{"href":"https:\/\/dimensionturistica.com\/es\/wp-json\/wp\/v2\/posts\/90597","targetHints":{"allow":["GET"]}}],"collection":[{"href":"https:\/\/dimensionturistica.com\/es\/wp-json\/wp\/v2\/posts"}],"about":[{"href":"https:\/\/dimensionturistica.com\/es\/wp-json\/wp\/v2\/types\/post"}],"author":[{"embeddable":true,"href":"https:\/\/dimensionturistica.com\/es\/wp-json\/wp\/v2\/users\/4"}],"replies":[{"embeddable":true,"href":"https:\/\/dimensionturistica.com\/es\/wp-json\/wp\/v2\/comments?post=90597"}],"version-history":[{"count":0,"href":"https:\/\/dimensionturistica.com\/es\/wp-json\/wp\/v2\/posts\/90597\/revisions"}],"wp:featuredmedia":[{"embeddable":true,"href":"https:\/\/dimensionturistica.com\/es\/wp-json\/wp\/v2\/media\/90598"}],"wp:attachment":[{"href":"https:\/\/dimensionturistica.com\/es\/wp-json\/wp\/v2\/media?parent=90597"}],"wp:term":[{"taxonomy":"category","embeddable":true,"href":"https:\/\/dimensionturistica.com\/es\/wp-json\/wp\/v2\/categories?post=90597"},{"taxonomy":"post_tag","embeddable":true,"href":"https:\/\/dimensionturistica.com\/es\/wp-json\/wp\/v2\/tags?post=90597"}],"curies":[{"name":"wp","href":"https:\/\/api.w.org\/{rel}","templated":true}]}}