{"id":905755,"date":"2025-01-10T20:16:49","date_gmt":"2025-01-10T20:16:49","guid":{"rendered":"https:\/\/dimensionturistica.com\/es\/?p=905755"},"modified":"2025-01-10T20:16:49","modified_gmt":"2025-01-10T20:16:49","slug":"transformaciones-de-imagen-a-traves-de-cortes-de-cabello-perspectiva-psicologica-sobre-dejar-atras-el-pasado","status":"publish","type":"post","link":"https:\/\/dimensionturistica.com\/es\/transformaciones-de-imagen-a-traves-de-cortes-de-cabello-perspectiva-psicologica-sobre-dejar-atras-el-pasado\/","title":{"rendered":"Transformaciones de imagen a trav\u00e9s de cortes de cabello: Perspectiva psicol\u00f3gica sobre dejar atr\u00e1s el pasado."},"content":{"rendered":"<h3>Renacer en el Viaje: La Transformaci\u00f3n Personal a Trav\u00e9s de un Cambio de Look<\/h3>\n<p>Cuando pensamos en viajar, muchas veces nuestra mente vuela hacia paisajes ex\u00f3ticos, culturas vibrantes y experiencias memorables. Sin embargo, hay un aspecto del turismo que a menudo se pasa por alto: el viaje interior que emprendemos al alejarnos de nuestra rutina habitual. Uno de los gestos m\u00e1s representativos de un nuevo comienzo es, sin duda, un cambio de look, y m\u00e1s espec\u00edficamente, un corte de cabello. <\/p>\n<p>Pero, \u00bfpor qu\u00e9 un simple cambio de imagen puede tener un impacto tan profundo en nuestra psicolog\u00eda? La respuesta se encuentra en la conexi\u00f3n entre la apariencia externa y nuestro estado emocional. As\u00ed como un viaje puede ser una oportunidad para desprendernos de nuestro pasado, un corte de cabello simboliza, en muchos casos, un nuevo cap\u00edtulo en nuestras vidas. As\u00ed, este acto, aparentemente trivial, se convierte en una poderosa herramienta de transformaci\u00f3n personal.<\/p>\n<h3>El simbolismo de un corte de cabello<\/h3>\n<p>Al igual que decidimos explorar un nuevo destino, un cambio de look puede ser una decisi\u00f3n impulsada por la necesidad de marcar un punto de inflexi\u00f3n. Cortar el cabello implica dejar atr\u00e1s lo viejo y abrazar lo nuevo. En el \u00e1mbito del turismo, donde el cambio de escenario puede alterar nuestra percepci\u00f3n del mundo, un corte de cabello act\u00faa como un ritual de desplazamiento, un gesto externo que refleja la transformaci\u00f3n interna.<\/p>\n<p>En el contexto de un viaje, cambiar de apariencia puede ofrecernos la liberaci\u00f3n de las expectativas y roles que llevamos en casa. En medio de un entorno nuevo, lejos de nuestra rutina, podemos encontrarnos a nosotros mismos de maneras inesperadas. Al optar por un nuevo estilo, desde un bob atrevido hasta un pixie m\u00e1s audaz, sanitizamos lo antiguo y damos la bienvenida a la posibilidad de nuevas experiencias.<\/p>\n<h3>La importancia del autocuidado en el turismo<\/h3>\n<p>El turismo no solo se trata de visitar lugares; se trata de cuidarnos a nosotros mismos. En la b\u00fasqueda por el bienestar personal, un corte de cabello puede ir de la mano con otras pr\u00e1cticas de autocuidado que realizamos mientras viajamos, como un d\u00eda de spa, practicar yoga en la playa o simplemente disfrutar de un momento de introspecci\u00f3n en un mirador espectacular. Estos momentos de conexi\u00f3n con uno mismo refuerzan nuestra autoestima y nos motivan a reinventarnos.<\/p>\n<p>Imagina visitar una maravillosa ciudad, como Barcelona o Tailandia, y decidir que la experiencia merece un nuevo look. Al final del viaje, no solo habr\u00e1s adquirido recuerdos inolvidables, sino que tambi\u00e9n habr\u00e1s realizado un cambio externo que simboliza el crecimiento interno. Te miras al espejo y ves a alguien diferente, pero tambi\u00e9n te sientes m\u00e1s alineado con qui\u00e9n eres realmente.<\/p>\n<h3>El poder de la transformaci\u00f3n<\/h3>\n<p>El turismo es una met\u00e1fora de vida; al igual que en un viaje, cada cambio nos lleva a descubrir nuevas facetas de nosotros mismos. Un corte de cabello, entonces, puede ser visto como una declaraci\u00f3n audaz: estoy listo para pasar p\u00e1gina y enfrentar el futuro con valent\u00eda. Este tipo de decisiones se convierte en parte de nuestra narrativa personal, al igual que las huellas que dejamos en cada destino que exploramos.<\/p>\n<p>As\u00ed que, en tu pr\u00f3ximo viaje, considera la posibilidad de un cambio de look como una forma de liberarte de lo que ya no te sirve. Viajar es salir de la zona de confort y adentrarse en lo desconocido; cortarte el cabello puede ser el primer paso hacia esa aventura. Atr\u00e9vete a experimentar, a reinventarte y, sobre todo, a celebrar la liberaci\u00f3n que viene con cada viaje, tanto externo como interno. Al final, lo que importa no es solo el destino, sino la historia que llevamos con nosotros en el camino.<\/p>\n<p><em> &#8221; Sources www.vogue.mx &#8221; <\/em><\/p>\n<p><em> &#8221; Fuentes www.vogue.mx &#8221; <\/em><\/p>\n","protected":false},"excerpt":{"rendered":"<p>Renacer en el Viaje: La Transformaci\u00f3n Personal a Trav\u00e9s de un Cambio de Look Cuando pensamos en viajar, muchas veces nuestra mente vuela hacia paisajes ex\u00f3ticos, culturas vibrantes y experiencias memorables. Sin embargo, hay un aspecto del turismo que a menudo se pasa por alto: el viaje interior que emprendemos al alejarnos de nuestra rutina [&hellip;]<\/p>\n","protected":false},"author":4,"featured_media":905756,"comment_status":"open","ping_status":"closed","sticky":false,"template":"","format":"standard","meta":{"om_disable_all_campaigns":false,"jnews-multi-image_gallery":[],"jnews_single_post":[],"jnews_primary_category":[],"jnews_social_meta":[],"footnotes":""},"categories":[144872],"tags":[202425,49401,202422,200508,7758,202424,3180,202423,202426,170353],"class_list":["post-905755","post","type-post","status-publish","format-standard","has-post-thumbnail","hentry","category-fashion","tag-autoimagen","tag-bienestar-emocional","tag-cambio-de-look","tag-cortes-de-cabello","tag-estilo","tag-explicacion-psicologica","tag-salud-mental","tag-superacion-del-pasado","tag-tendencias-de-cabello","tag-transformacion-personal"],"_links":{"self":[{"href":"https:\/\/dimensionturistica.com\/es\/wp-json\/wp\/v2\/posts\/905755","targetHints":{"allow":["GET"]}}],"collection":[{"href":"https:\/\/dimensionturistica.com\/es\/wp-json\/wp\/v2\/posts"}],"about":[{"href":"https:\/\/dimensionturistica.com\/es\/wp-json\/wp\/v2\/types\/post"}],"author":[{"embeddable":true,"href":"https:\/\/dimensionturistica.com\/es\/wp-json\/wp\/v2\/users\/4"}],"replies":[{"embeddable":true,"href":"https:\/\/dimensionturistica.com\/es\/wp-json\/wp\/v2\/comments?post=905755"}],"version-history":[{"count":0,"href":"https:\/\/dimensionturistica.com\/es\/wp-json\/wp\/v2\/posts\/905755\/revisions"}],"wp:featuredmedia":[{"embeddable":true,"href":"https:\/\/dimensionturistica.com\/es\/wp-json\/wp\/v2\/media\/905756"}],"wp:attachment":[{"href":"https:\/\/dimensionturistica.com\/es\/wp-json\/wp\/v2\/media?parent=905755"}],"wp:term":[{"taxonomy":"category","embeddable":true,"href":"https:\/\/dimensionturistica.com\/es\/wp-json\/wp\/v2\/categories?post=905755"},{"taxonomy":"post_tag","embeddable":true,"href":"https:\/\/dimensionturistica.com\/es\/wp-json\/wp\/v2\/tags?post=905755"}],"curies":[{"name":"wp","href":"https:\/\/api.w.org\/{rel}","templated":true}]}}