{"id":904977,"date":"2025-01-09T21:24:08","date_gmt":"2025-01-09T21:24:08","guid":{"rendered":"https:\/\/dimensionturistica.com\/es\/?p=904977"},"modified":"2025-01-09T21:24:08","modified_gmt":"2025-01-09T21:24:08","slug":"estilos-de-cabello-en-boga-para-2025-los-mas-sofisticados","status":"publish","type":"post","link":"https:\/\/dimensionturistica.com\/es\/estilos-de-cabello-en-boga-para-2025-los-mas-sofisticados\/","title":{"rendered":"Estilos de cabello en boga para 2025: Los m\u00e1s sofisticados"},"content":{"rendered":"<p><strong>Tendencias en Cortes de Cabello para el 2025: Un Viaje a las Nuevas Est\u00e9ticas<\/strong><\/p>\n<p>A medida que nos adentramos en una nueva d\u00e9cada, el mundo de la moda y la belleza no se queda atr\u00e1s, reinvent\u00e1ndose con propuestas audaces y frescas. Los cortes de cabello para el 2025 prometen ser un reflejo de la diversidad y la individualidad que tanto se valoran en la actualidad. Si est\u00e1s planeando un viaje, ya sea f\u00edsico o a trav\u00e9s de un cambio de look, aqu\u00ed te contamos lo que se viene.<\/p>\n<p><strong>La Vuelta a los Cl\u00e1sicos Rebeldes<\/strong><\/p>\n<p>Uno de los aspectos m\u00e1s fascinantes de las tendencias capilares es la forma en que toman inspiraci\u00f3n del pasado. En los \u00faltimos a\u00f1os, cortes ic\u00f3nicos de las d\u00e9cadas pasadas han experimentado un renacer. Para el 2025, los cortes de cabello que mezclan lo cl\u00e1sico con un toque moderno se destacan. Imagina una bob asim\u00e9trica de los a\u00f1os 90, pero con un acabado texturizado y despeinado, perfecto para aquellas que buscan un look con car\u00e1cter.<\/p>\n<p><strong>Cortes Cortos y Efectos &quot;Undercut&quot;<\/strong><\/p>\n<p>Los cortes cortos, en especial los &quot;undercuts&quot;, ganan protagonismo este a\u00f1o. Este estilo, que combina longitud en la parte superior con un lado desmochado, ofrece versatilidad, permitiendo que quienes lo llevan lo estilicen de m\u00faltiples maneras. Desde una apariencia pulida hasta un aspecto m\u00e1s desenfadado, esta opci\u00f3n es ideal para quienes se atreven a ser diferentes. Las texturas a\u00f1adidas, haciendo uso de t\u00e9cnicas de pinzado o despeinado, prometen ser una tendencia clave.<\/p>\n<p><strong>Melenas Largas con Capas Din\u00e1micas<\/strong><\/p>\n<p>Por otro lado, la melena larga no est\u00e1 destinada a desaparecer. A medida que regresan las capas, la idea es ofrecer movimiento y fluidez. Las capas largas aportan frescura, sin perder la esencia de un cabello largo y sano. El juego de luces y sombras se intensifica con t\u00e9cnicas como el balayage, que complementa perfectamente las capas y brinda un aire natural y luminoso.<\/p>\n<p><strong>Cortes de Cabello Personalizados: La Era del &quot;Self-Expression&quot;<\/strong><\/p>\n<p>Sin duda, la tendencia m\u00e1s emocionante para el 2025 es el enfoque en la personalizaci\u00f3n. Ya no vivimos en un mundo donde uno debe encajar en un solo molde. Este a\u00f1o, el mensaje es claro: exalta tus rasgos y personalidad a trav\u00e9s de tu estilo. Los estilistas est\u00e1n animando a sus clientes a encontrar su &quot;corte perfecto&quot;, uno que cuente su propia historia y realce su individualidad, ya sea a trav\u00e9s de un corte arriesgado o de un color vibrante.<\/p>\n<p><strong>Color y Textura: M\u00e1s All\u00e1 de lo Convencional<\/strong><\/p>\n<p>Los colores tambi\u00e9n dan un paso al frente. Atr\u00e1s quedan los tonos tradicionales; para 2025, se espera ver una explosi\u00f3n de matices personalizados y atrevidos. El uso de colores pastel, neones, o incluso mezclas inesperadas, abre un espectro de posibilidades. Esta audacia tambi\u00e9n se refleja en la textura, donde la clave est\u00e1 en experimentar con ondas, rizos, y alisados, todos complementados con productos que aseguran una apariencia saludable.<\/p>\n<p><strong>Conclusi\u00f3n: Tu Cabello, Tu Aventura<\/strong><\/p>\n<p>En resumen, los cortes de cabello para el 2025 invitan a la aventura, a la exploraci\u00f3n y a la celebraci\u00f3n de la individualidad. No importa si prefieres un corte corto, una melena larga, o un look completamente fuera de lo com\u00fan, lo esencial es que elijas con confianza y te dejes llevar por las tendencias que m\u00e1s te inspiren. Este a\u00f1o es una oportunidad para dejar que tu cabello hable por ti y que refleje la historia que quieres contar. As\u00ed que, \u00bfpor qu\u00e9 no planear ese cambio de look mientras exploras tu pr\u00f3ximo destino tur\u00edstico? Con cada rinc\u00f3n del mundo como tel\u00f3n de fondo, tu nuevo estilo ser\u00e1 el complemento perfecto para tus viajes.<\/p>\n<p><em> &#8221; Sources www.vogue.mx &#8221; <\/em><\/p>\n<p><em> &#8221; Fuentes www.vogue.mx &#8221; <\/em><\/p>\n","protected":false},"excerpt":{"rendered":"<p>Tendencias en Cortes de Cabello para el 2025: Un Viaje a las Nuevas Est\u00e9ticas A medida que nos adentramos en una nueva d\u00e9cada, el mundo de la moda y la belleza no se queda atr\u00e1s, reinvent\u00e1ndose con propuestas audaces y frescas. Los cortes de cabello para el 2025 prometen ser un reflejo de la diversidad [&hellip;]<\/p>\n","protected":false},"author":4,"featured_media":904979,"comment_status":"open","ping_status":"closed","sticky":false,"template":"","format":"standard","meta":{"om_disable_all_campaigns":false,"jnews-multi-image_gallery":[],"jnews_single_post":[],"jnews_primary_category":[],"jnews_social_meta":[],"footnotes":""},"categories":[144872],"tags":[3381,200508,202230,202229,202231,89127,200438,201979,202228,177437],"class_list":["post-904977","post","type-post","status-publish","format-standard","has-post-thumbnail","hentry","category-fashion","tag-belleza","tag-cortes-de-cabello","tag-cortes-modernos","tag-estilo-de-cabello","tag-fashion-hairstyles","tag-haircuts","tag-hairstyles-2025","tag-moda-capilar","tag-peinados-elegantes","tag-tendencias-2025"],"_links":{"self":[{"href":"https:\/\/dimensionturistica.com\/es\/wp-json\/wp\/v2\/posts\/904977","targetHints":{"allow":["GET"]}}],"collection":[{"href":"https:\/\/dimensionturistica.com\/es\/wp-json\/wp\/v2\/posts"}],"about":[{"href":"https:\/\/dimensionturistica.com\/es\/wp-json\/wp\/v2\/types\/post"}],"author":[{"embeddable":true,"href":"https:\/\/dimensionturistica.com\/es\/wp-json\/wp\/v2\/users\/4"}],"replies":[{"embeddable":true,"href":"https:\/\/dimensionturistica.com\/es\/wp-json\/wp\/v2\/comments?post=904977"}],"version-history":[{"count":0,"href":"https:\/\/dimensionturistica.com\/es\/wp-json\/wp\/v2\/posts\/904977\/revisions"}],"wp:featuredmedia":[{"embeddable":true,"href":"https:\/\/dimensionturistica.com\/es\/wp-json\/wp\/v2\/media\/904979"}],"wp:attachment":[{"href":"https:\/\/dimensionturistica.com\/es\/wp-json\/wp\/v2\/media?parent=904977"}],"wp:term":[{"taxonomy":"category","embeddable":true,"href":"https:\/\/dimensionturistica.com\/es\/wp-json\/wp\/v2\/categories?post=904977"},{"taxonomy":"post_tag","embeddable":true,"href":"https:\/\/dimensionturistica.com\/es\/wp-json\/wp\/v2\/tags?post=904977"}],"curies":[{"name":"wp","href":"https:\/\/api.w.org\/{rel}","templated":true}]}}