{"id":90496,"date":"2021-03-04T17:27:00","date_gmt":"2021-03-04T17:27:00","guid":{"rendered":"https:\/\/dimensionturistica.com\/es\/?p=90496"},"modified":"2021-03-04T17:27:00","modified_gmt":"2021-03-04T17:27:00","slug":"llega-a-espana-el-primer-suv-electrico-chino","status":"publish","type":"post","link":"https:\/\/dimensionturistica.com\/es\/llega-a-espana-el-primer-suv-electrico-chino\/","title":{"rendered":"Llega a Espa\u00f1a el primer SUV el\u00e9ctrico chino"},"content":{"rendered":"<p> <br \/>\n<\/p>\n<div>\n<p data-gtm-element-container=\"modulo-texto-link\" class=\"paragraph\">Es posible que, para algunos, el nombre <a rel=\"nofollow noopener\" target=\"_blank\" href=\"https:\/\/www.lavanguardia.com\/motor\/actualidad\/20200110\/472806755657\/marca-coches-mas-crecio-espana-2019-desconocida-consumidores.html\" title=\"La marca de coches que m\u00e1s creci\u00f3 en Espa\u00f1a en 2019 es una desconocida para los consumidores\">DFSK <\/a>no les resulte especialmente acquainted o que ni lo relacionen con el sector de la automoci\u00f3n. La realidad es que estas siglas corresponden al segundo fabricante de autom\u00f3viles m\u00e1s importante de China, uno de los mercados m\u00e1s potentes del mundo. Ahora, esta marca, que ya tiene modelos como el <a rel=\"nofollow noopener\" target=\"_blank\" href=\"https:\/\/www.lavanguardia.com\/motor\/videos\/20201023\/34005\/dfsk-580-nuevo-coche-patrulla-policia-local-burgos-video-seo-ext.html\" title=\"El DFSK 580 nuevo coche patrulla de la pol\u00edcia local de Burgos\">580 <\/a>o el F5 a la venta en nuestro pa\u00eds, lanza al mercado espa\u00f1ol el Seres 3, su primer SUV completamente el\u00e9ctrico.<\/p>\n<p data-gtm-element-container=\"modulo-texto-link\" class=\"paragraph\">A nivel de dise\u00f1o, incorpora detalles, como las nervaduras en el cap\u00f3 o el techo con dise\u00f1o de tipo flotante, que denotan robustez y deportividad.\u00a0 Sus dimensiones -4.385 mm de longitud, 1.850 mm de ancho y 1.650 mm de altura- lo sit\u00faan en el segmento compacto. El maletero tiene una capacidad de carga inicial de 310 litros, ampliables hasta los 1.247 litros cuando de abate el respaldo de la baqueta trasera.<\/p>\n<p><span class=\"content-ad-module \"><\/p>\n<p><span class=\"content-ad visible-xs roba-container \"><span class=\"ad-unit roba\"><\/p>\n<p>                <\/span><\/span><span class=\"content-ad visible-md irr-container \"><span class=\"ad-unit irr\"><\/p>\n<p>                <\/span><\/span><span class=\"content-html\"><span class=\"intext-md hidden-xs hidden-md\"\/><\/span><\/span><\/p>\n<figure class=\"composite-image image-container \" data-gtm-element-container=\"button-gallery\"><picture><source media=\"(min-width: 638px)\" data-><source media=\"(min-width: 480px)\" data-><img decoding=\"async\" data-full-src=\"https:\/\/www.lavanguardia.com\/uploads\/2021\/03\/01\/603cc8bad2bb9.jpeg\" alt=\"El DFSK cuenta con un maletero con 310 litros de capacidad, aunque puede aumentar hasta los 1.247\" src=\"https:\/\/dimensionturistica.com\/es\/wp-content\/uploads\/2021\/03\/Llega-a-Espana-el-primer-SUV-electrico-chino.jpeg\" class=\"lazy\"\/><\/source><\/source><\/picture><figcaption class=\"figure-caption\">\n<p class=\"caption-title \">El DFSK cuenta con un maletero con 310 litros de capacidad, aunque puede aumentar hasta los 1.247\u00a0<\/p>\n<p><span class=\"caption-author \">DFSK<\/span><\/figcaption><\/figure>\n<p data-gtm-element-container=\"modulo-texto-link\" class=\"paragraph\">Bajo el cap\u00f3, esconde un propulsor el\u00e9ctrico que produce hasta 120 kW, equivalentes a unos 163 CV. Con una velocidad punta limitada electr\u00f3nicamente a 155 km\/h, puede\u00a0 alcanzar los 100km\/h desde parado en 8,9 segundos.\u00a0<\/p>\n<p><span class=\"content-related content-border content-related-default \" data-gtm-element-container=\"modulo-noticias-relacionadas\"><\/p>\n<p>    <span class=\"module-details\"><br \/>\n        <span class=\"module-supra-title\"><\/p>\n<p>        <span>Lee tambi\u00e9n<\/span><\/span><\/p>\n<p>    <span class=\"module-author \">Moveo<\/span><\/span><\/p>\n<figure class=\"image-container\"><picture><source media=\"(min-width: 480px)\" data-><img decoding=\"async\" data-full-src=\"https:\/\/www.lavanguardia.com\/uploads\/2020\/10\/23\/5f929944d3357.jpeg\" alt=\"DFSK 580 luxury de la Polic\u00eda de Burgos\" src=\"https:\/\/dimensionturistica.com\/es\/wp-content\/uploads\/2021\/03\/1614878819_553_Llega-a-Espana-el-primer-SUV-electrico-chino.jpeg\" class=\"lazy\"\/><\/source><\/picture><\/figure>\n<p><\/span><\/p>\n<p data-gtm-element-container=\"modulo-texto-link\" class=\"paragraph\">El Seres 3 tiene tres modos de conducci\u00f3n (Regular, Eco y Sport), que modifican diversos par\u00e1metros de funcionamiento, como la entrega de potencia o la regeneraci\u00f3n de energ\u00eda. Dependiendo de las necesidades de circulaci\u00f3n, el conductor puede cambiar manualmente el modo\u00a0mediante un bot\u00f3n ubicado en la consola central, a la izquierda del dial electr\u00f3nico desde el que se maneja el cambio.<\/p>\n<p><span class=\"content-ad-module \"><\/p>\n<p><span class=\"content-ad visible-xs irr-container \"><span class=\"ad-unit irr\"><\/p>\n<p>                <\/span><\/span><span class=\"content-html\"><span class=\"intext-xs hidden-xs hidden-md\"\/><\/span><\/span><\/p>\n<figure class=\"composite-image image-container \" data-gtm-element-container=\"button-gallery\"><picture><source media=\"(min-width: 638px)\" data-><source media=\"(min-width: 480px)\" data-><img decoding=\"async\" data-full-src=\"https:\/\/www.lavanguardia.com\/uploads\/2021\/03\/01\/603cc970bffed.jpeg\" alt=\"El Seres 3 equipa bater\u00edas de litio-ferrofosfato, m\u00e1s econ\u00f3micas y ecol\u00f3gicas que las de litio\" src=\"https:\/\/dimensionturistica.com\/es\/wp-content\/uploads\/2021\/03\/1614878819_942_Llega-a-Espana-el-primer-SUV-electrico-chino.jpeg\" class=\"lazy\"\/><\/source><\/source><\/picture><figcaption class=\"figure-caption\">\n<p class=\"caption-title \">El Seres 3 equipa bater\u00edas de litio-ferrofosfato, m\u00e1s econ\u00f3micas y ecol\u00f3gicas que las de litio\u00a0<\/p>\n<p><span class=\"caption-author \">DFSK<\/span><\/figcaption><\/figure>\n<p data-gtm-element-container=\"modulo-texto-link\" class=\"paragraph\">La gran novedad y el issue que le diferencia m\u00e1s respecto a su competencia m\u00e1s directa lo encontramos en su bater\u00eda. Concretamente, en sus materiales. Y es que a diferencia de la mayor\u00eda de modelos del mercado que usan las de litio, el Seres 3 apuesta por las de litio-ferrofosfato. Seg\u00fan la marca, tienen una vida \u00fatil m\u00e1s larga que las de litio, adem\u00e1s de no usar cobalto para su construcci\u00f3n, lo que las convierte en una opci\u00f3n m\u00e1s econ\u00f3mica y sostenible.<\/p>\n<p data-gtm-element-container=\"modulo-texto-link\" class=\"paragraph\">Con una capacidad de 53,6 kW\/h, la bater\u00eda del SUV chino ofrece una autonom\u00eda de 329 kil\u00f3metros en ciclo WTLP. La recarga del 20% al 80% se realiza en 30 minutos usando un sistema de carga r\u00e1pida. Con una toma de 6,6 kW tarda 8 horas, mientras que con un enchufe dom\u00e9stico necesita 17 horas. Cabe se\u00f1alar que este componente tiene una garant\u00eda de ocho a\u00f1os \u00f3 120.000 kil\u00f3metros (lo que suceda antes).<\/p>\n<p><span class=\"content-ad-module \"><\/p>\n<p><span class=\"content-ad visible-xs roba-container \"><span class=\"ad-unit roba\"><\/p>\n<p>                <\/span><\/span><\/span><\/p>\n<figure class=\"composite-image image-container \" data-gtm-element-container=\"button-gallery\"><picture><source media=\"(min-width: 638px)\" data-><source media=\"(min-width: 480px)\" data-><img decoding=\"async\" data-full-src=\"https:\/\/www.lavanguardia.com\/uploads\/2021\/03\/01\/603ccfa2e3b56.jpeg\" alt=\"En su interior, el Seres 3 destaca por su confort y la presencia de dos pantallas de 10,25 pulgadas\" src=\"https:\/\/dimensionturistica.com\/es\/wp-content\/uploads\/2021\/03\/1614878819_544_Llega-a-Espana-el-primer-SUV-electrico-chino.jpeg\" class=\"lazy\"\/><\/source><\/source><\/picture><figcaption class=\"figure-caption\">\n<p class=\"caption-title \">En su inside, el Seres 3 destaca por su confort y la presencia de dos pantallas de 10,25 pulgadas\u00a0<\/p>\n<p><span class=\"caption-author \">DFSK<\/span><\/figcaption><\/figure>\n<p data-gtm-element-container=\"modulo-texto-link\" class=\"paragraph\">El habit\u00e1culo, con detalles est\u00e9ticos en coloration azul, desprende una correcta sensaci\u00f3n de calidad. La tapicer\u00eda es de cuero y los asientos delanteros cuentan con regulaci\u00f3n el\u00e9ctrica y opci\u00f3n de ser calefactados. El techo panor\u00e1mico arroja una gran cantidad de luz al inside, lo que incrementa la sensaci\u00f3n de espacio.\u00a0<\/p>\n<p><span class=\"content-related content-border content-related-default \" data-gtm-element-container=\"modulo-noticias-relacionadas\"><\/p>\n<p>    <span class=\"module-details\"><br \/>\n        <span class=\"module-supra-title\"><\/p>\n<p>        <span>Lee tambi\u00e9n<\/span><\/span><\/p>\n<p>    <span class=\"module-author \">Redacci\u00f3n<\/span><\/span><\/p>\n<figure class=\"image-container\"><picture><source media=\"(min-width: 480px)\" data-><img decoding=\"async\" data-full-src=\"https:\/\/www.lavanguardia.com\/uploads\/2020\/01\/10\/5f160761ce982.jpeg\" alt=\"En 2019 se matricularon 69 unidades del gran SUV chino de 7 plazas DFSK 580\" src=\"https:\/\/dimensionturistica.com\/es\/wp-content\/uploads\/2021\/03\/1614878819_512_Llega-a-Espana-el-primer-SUV-electrico-chino.jpeg\" class=\"lazy\"\/><\/source><\/picture><\/figure>\n<p><\/span><\/p>\n<p data-gtm-element-container=\"modulo-texto-link\" class=\"paragraph\">El salpicadero est\u00e1 digitalizado con dos pantallas a coloration de 10,25 pulgadas. Una corresponde al cuadro de instrumentaci\u00f3n, mientras que la otra, de tipo flotante ubicada en el centro,\u00a0 integra el sistema de infoentretenimiento. La consola central tiene una superficie de carga inal\u00e1mbrica para dispositivos m\u00f3viles.<\/p>\n<figure class=\"composite-image image-container \" data-gtm-element-container=\"button-gallery\"><picture><source media=\"(min-width: 638px)\" data-><source media=\"(min-width: 480px)\" data-><img decoding=\"async\" data-full-src=\"https:\/\/www.lavanguardia.com\/uploads\/2021\/03\/01\/603ccff5c116f.jpeg\" alt=\"Si se usa un sistema de carga r\u00e1pida, el Seres 3 puede ser cargado del 20% al 80 en media hora\" src=\"https:\/\/dimensionturistica.com\/es\/wp-content\/uploads\/2021\/03\/1614878819_331_Llega-a-Espana-el-primer-SUV-electrico-chino.jpeg\" class=\"lazy\"\/><\/source><\/source><\/picture><figcaption class=\"figure-caption\">\n<p class=\"caption-title \">Si se usa un sistema de carga r\u00e1pida, el Seres 3 puede ser cargado del 20% al 80 en media hora\u00a0<\/p>\n<p><span class=\"caption-author \">DFSK<\/span><\/figcaption><\/figure>\n<p><span class=\"content-ad-module \"><\/p>\n<p><span class=\"content-ad visible-xs roba-container \"><span class=\"ad-unit roba\"><\/p>\n<p>                <\/span><\/span><\/span><\/p>\n<p data-gtm-element-container=\"modulo-texto-link\" class=\"paragraph\">Por lo que se refiere a los sistemas de ayuda a la conducci\u00f3n (ADAS), el Seres 3 equipa el aviso de colisi\u00f3n frontal, la alerta de cambio de carril involuntario, el management de crucero autom\u00e1tico y el asistente de arranque en pendiente, entre otras dotaciones. Tambi\u00e9n monta management de tracci\u00f3n y estabilidad, as\u00ed como seis airbags \u2013doble frontal, laterales y de cortina- para proteger a los ocupantes en caso de accidente.<\/p>\n<p data-gtm-element-container=\"modulo-texto-link\" class=\"paragraph\">El lanzamiento de este SUV compacto no ser\u00e1 el \u00fanico que lleve a cabo la marca en nuestro pa\u00eds en 2021. A mediados de a\u00f1o tiene previsto comercializar el Seres SF5, un crossover el\u00e9ctrico con una potencia de 510 kW -694 CV- que acelerar\u00e1 de 0 a 100 km\/h en 3,5 segundos y podr\u00e1 alcanzar una punta de 230 km\/h (limitada electr\u00f3nicamente). En cuanto a autonom\u00eda, su bater\u00eda de 90 kW le permitir\u00e1 recorrer m\u00e1s de 500 km con una sola carga.\u00a0<\/p>\n<p><span class=\"content-free-html  \"><iframe class=\"iframe-resize lazy\" width=\"100%\" scrolling=\"no\" frameborder=\"0\" data-src=\"https:\/\/lavanguardia-github.github.io\/otros\/modulo-redes-sociales-moveo.html\"><\/iframe><\/span><span class=\"content-ad-module \"><\/p>\n<p><span class=\"content-ad visible-xs roba-container \"><span class=\"ad-unit roba\"><\/p>\n<p>                <\/span><\/span><\/span>\n<\/div>\n<p><script type=\"script\/gg\">\ngg.didomi.doWhenConsent(!window.didomiBypass, 'c:facebooka-frU9M5JY', function () {\n!function(f,b,e,v,n,t,s)\n{if(f.fbq)return;n=f.fbq=function(){n.callMethod?\nn.callMethod.apply(n,arguments):n.queue.push(arguments)};\nif(!f._fbq)f._fbq=n;n.push=n;n.loaded=!0;n.version='2.0';\nn.queue=[];t=b.createElement(e);t.async=!0;\nt.src=v;s=b.getElementsByTagName(e)[0];\ns.parentNode.insertBefore(t,s)}(window, document,'script',\n'https:\/\/connect.facebook.net\/en_US\/fbevents.js');\nfbq('init', '161843274362284');\nfbq('track', 'PageView');\n});\n<\/script><br \/>\n<br \/><\/p>\n<p><em> &#8221; Fuentes www.lavanguardia.com &#8221; <\/em><\/p>\n","protected":false},"excerpt":{"rendered":"<p>Es posible que, para algunos, el nombre DFSK no les resulte especialmente acquainted o que ni lo relacionen con el sector de la automoci\u00f3n. La realidad es que estas siglas corresponden al segundo fabricante de autom\u00f3viles m\u00e1s importante de China, uno de los mercados m\u00e1s potentes del mundo. Ahora, esta marca, que ya tiene modelos [&hellip;]<\/p>\n","protected":false},"author":4,"featured_media":90497,"comment_status":"open","ping_status":"closed","sticky":false,"template":"","format":"standard","meta":{"om_disable_all_campaigns":false,"jnews-multi-image_gallery":[],"jnews_single_post":[],"jnews_primary_category":[],"jnews_social_meta":[],"footnotes":""},"categories":[41],"tags":[],"class_list":["post-90496","post","type-post","status-publish","format-standard","has-post-thumbnail","hentry","category-cruceros"],"_links":{"self":[{"href":"https:\/\/dimensionturistica.com\/es\/wp-json\/wp\/v2\/posts\/90496","targetHints":{"allow":["GET"]}}],"collection":[{"href":"https:\/\/dimensionturistica.com\/es\/wp-json\/wp\/v2\/posts"}],"about":[{"href":"https:\/\/dimensionturistica.com\/es\/wp-json\/wp\/v2\/types\/post"}],"author":[{"embeddable":true,"href":"https:\/\/dimensionturistica.com\/es\/wp-json\/wp\/v2\/users\/4"}],"replies":[{"embeddable":true,"href":"https:\/\/dimensionturistica.com\/es\/wp-json\/wp\/v2\/comments?post=90496"}],"version-history":[{"count":0,"href":"https:\/\/dimensionturistica.com\/es\/wp-json\/wp\/v2\/posts\/90496\/revisions"}],"wp:featuredmedia":[{"embeddable":true,"href":"https:\/\/dimensionturistica.com\/es\/wp-json\/wp\/v2\/media\/90497"}],"wp:attachment":[{"href":"https:\/\/dimensionturistica.com\/es\/wp-json\/wp\/v2\/media?parent=90496"}],"wp:term":[{"taxonomy":"category","embeddable":true,"href":"https:\/\/dimensionturistica.com\/es\/wp-json\/wp\/v2\/categories?post=90496"},{"taxonomy":"post_tag","embeddable":true,"href":"https:\/\/dimensionturistica.com\/es\/wp-json\/wp\/v2\/tags?post=90496"}],"curies":[{"name":"wp","href":"https:\/\/api.w.org\/{rel}","templated":true}]}}