{"id":90485,"date":"2021-03-04T17:10:41","date_gmt":"2021-03-04T17:10:41","guid":{"rendered":"https:\/\/dimensionturistica.com\/es\/?p=90485"},"modified":"2021-03-04T17:10:41","modified_gmt":"2021-03-04T17:10:41","slug":"choque-deja-danos-materiales-en-el-crucero-del-fortin","status":"publish","type":"post","link":"https:\/\/dimensionturistica.com\/es\/choque-deja-danos-materiales-en-el-crucero-del-fortin\/","title":{"rendered":"Choque deja da\u00f1os materiales en el crucero del Fort\u00edn"},"content":{"rendered":"<p> <br \/>\n<\/p>\n<div>\n<p>OAXACA, Oax. 4<br \/>\nde marzo de 2021.- Un choque dej\u00f3 da\u00f1os materiales en el crucero del cerro del<br \/>\nFort\u00edn en la ciudad de Oaxaca este jueves.<\/p>\n<p>El percance<br \/>\nocurri\u00f3 entre un veh\u00edculo compacto y una motocicleta lo que afect\u00f3 el paso de<br \/>\nveh\u00edculos en ese lugar.<\/p>\n<p>Acudieron<br \/>\nelementos de la polic\u00eda vial para agilizar el tr\u00e1nsito y deslindar<br \/>\nresponsabilidades.<\/p>\n<\/div>\n<p><script>(function(d, s, id) {\n  var js, fjs = d.getElementsByTagName(s)[0];\n  if (d.getElementById(id)) return;\n  js = d.createElement(s); js.id = id;\n  js.src=\"https:\/\/connect.facebook.net\/es_LA\/sdk.js#xfbml=1&version=v3.2&appId=128492274233029&autoLogAppEvents=1\";\n  fjs.parentNode.insertBefore(js, fjs);\n}(document, 'script', 'facebook-jssdk'));<\/script><br \/>\n<br \/><\/p>\n<p><em> &#8221; Fuentes oaxaca.quadratin.com.mx &#8221; <\/em><\/p>\n","protected":false},"excerpt":{"rendered":"<p>OAXACA, Oax. 4 de marzo de 2021.- Un choque dej\u00f3 da\u00f1os materiales en el crucero del cerro del Fort\u00edn en la ciudad de Oaxaca este jueves. El percance ocurri\u00f3 entre un veh\u00edculo compacto y una motocicleta lo que afect\u00f3 el paso de veh\u00edculos en ese lugar. Acudieron elementos de la polic\u00eda vial para agilizar el [&hellip;]<\/p>\n","protected":false},"author":4,"featured_media":90486,"comment_status":"open","ping_status":"closed","sticky":false,"template":"","format":"standard","meta":{"om_disable_all_campaigns":false,"jnews-multi-image_gallery":[],"jnews_single_post":[],"jnews_primary_category":[],"jnews_social_meta":[],"footnotes":""},"categories":[41],"tags":[],"class_list":["post-90485","post","type-post","status-publish","format-standard","has-post-thumbnail","hentry","category-cruceros"],"_links":{"self":[{"href":"https:\/\/dimensionturistica.com\/es\/wp-json\/wp\/v2\/posts\/90485","targetHints":{"allow":["GET"]}}],"collection":[{"href":"https:\/\/dimensionturistica.com\/es\/wp-json\/wp\/v2\/posts"}],"about":[{"href":"https:\/\/dimensionturistica.com\/es\/wp-json\/wp\/v2\/types\/post"}],"author":[{"embeddable":true,"href":"https:\/\/dimensionturistica.com\/es\/wp-json\/wp\/v2\/users\/4"}],"replies":[{"embeddable":true,"href":"https:\/\/dimensionturistica.com\/es\/wp-json\/wp\/v2\/comments?post=90485"}],"version-history":[{"count":0,"href":"https:\/\/dimensionturistica.com\/es\/wp-json\/wp\/v2\/posts\/90485\/revisions"}],"wp:featuredmedia":[{"embeddable":true,"href":"https:\/\/dimensionturistica.com\/es\/wp-json\/wp\/v2\/media\/90486"}],"wp:attachment":[{"href":"https:\/\/dimensionturistica.com\/es\/wp-json\/wp\/v2\/media?parent=90485"}],"wp:term":[{"taxonomy":"category","embeddable":true,"href":"https:\/\/dimensionturistica.com\/es\/wp-json\/wp\/v2\/categories?post=90485"},{"taxonomy":"post_tag","embeddable":true,"href":"https:\/\/dimensionturistica.com\/es\/wp-json\/wp\/v2\/tags?post=90485"}],"curies":[{"name":"wp","href":"https:\/\/api.w.org\/{rel}","templated":true}]}}