{"id":904165,"date":"2025-01-09T00:54:51","date_gmt":"2025-01-09T00:54:51","guid":{"rendered":"https:\/\/dimensionturistica.com\/es\/?p=904165"},"modified":"2025-01-09T00:54:51","modified_gmt":"2025-01-09T00:54:51","slug":"tendencias-capilares-obsoletas-en-2025-y-sus-alternativas","status":"publish","type":"post","link":"https:\/\/dimensionturistica.com\/es\/tendencias-capilares-obsoletas-en-2025-y-sus-alternativas\/","title":{"rendered":"Tendencias capilares obsoletas en 2025 (y sus alternativas)"},"content":{"rendered":"<p><strong>Tendencias en Estilo: Lo Que Ya No Veremos en el Mundo de la Belleza en 2025<\/strong><\/p>\n<p>En el fascinante mundo del turismo, cada a\u00f1o trae consigo nuevas tendencias que impactan no solo los destinos que visitamos, sino tambi\u00e9n la forma en que nos presentamos al mundo. A medida que nos adentramos en 2025, es el momento perfecto para reflexionar sobre las modas cambiantes y c\u00f3mo estas pueden influir en la experiencia de viajar. En especial, el peinado que eliges puede decir mucho sobre tu estilo personal y tu actitud hacia el mundo.<\/p>\n<p>A medida que las tendencias evolucionan, ciertos cortes de cabello que fueron populares en a\u00f1os anteriores han comenzado a perder su brillo. En 2025, observamos c\u00f3mo algunas estilos est\u00e1n quedando atr\u00e1s, dejando espacio para nuevas expresiones y enfoques frescos en el cuidado personal.<\/p>\n<p>Uno de los cortes que ya no estar\u00e1 en el radar es el tradicional bob cl\u00e1sico, que durante a\u00f1os domin\u00f3 las pasarelas y las calles. Este estilo, que a menudo se asocia con la elegancia y la sofisticaci\u00f3n, est\u00e1 siendo desplazado por looks m\u00e1s texturizados y din\u00e1micos. Mientras viajamos por distintas culturas, es posible que descubramos que un corte m\u00e1s libre y desestructurado refleja mejor el esp\u00edritu aventurero de nuestra \u00e9poca. Los viajeros est\u00e1n buscando cortes que demanden menos mantenimiento y se adapten con facilidad a diferentes formas de vida, desde la playa hasta la ciudad.<\/p>\n<p>De igual manera, los estilos extremadamente asim\u00e9tricos est\u00e1n perdiendo popularidad. Si bien fueron un s\u00edmbolo de vanguardia y originalidad, ahora muchos prefieren cortes m\u00e1s equilibrados y que ofrezcan versatilidad. Al explorar nuevos destinos, los viajeros desean un estilo que pueda transformarse seg\u00fan la ocasi\u00f3n, desde una cena casual hasta una salida nocturna. Algo tan simple como un corte que se pueda peinar de diversas maneras puede ser un factor determinante en la elecci\u00f3n del look para un viaje.<\/p>\n<p>Por otro lado, los flequillos muy marcados, que en alg\u00fan momento fueron un sello distintivo en la moda, est\u00e1n siendo reemplazados por opciones m\u00e1s suaves y sutiles. La tendencia se inclina hacia un enfoque m\u00e1s natural y relajado, donde menos es m\u00e1s. En el fondo, este cambio refleja nuestro deseo colectivo por una est\u00e9tica m\u00e1s aut\u00e9ntica y menos sobrecargada. En un mundo en el que ser aut\u00e9ntico es valorado, el estilo que elijas para tus viajes puede ayudarte a conectar mejor con las culturas que est\u00e1s explorando.<\/p>\n<p>En el creciente panorama de la moda y la belleza, la simplicidad y la adaptabilidad se perfilan como las nuevas estrellas. Para quienes est\u00e1n planeando su pr\u00f3xima aventura, es esencial elegir un peinado que no solo se vea bien, sino que tambi\u00e9n se sienta bien durante esos d\u00edas de exploraci\u00f3n y descubrimiento. La emoci\u00f3n de sumergirse en un nuevo entorno deber\u00eda ir de la mano con una apariencia que te haga sentir seguro y c\u00f3modo.<\/p>\n<p>Finalmente, mientras te prepares para tus pr\u00f3ximas escapadas, considera que la manera en que te presentas al mundo tambi\u00e9n forma parte de la experiencia del viaje. En lugar de seguir ciegamente las tendencias pasadas, encuentra un estilo que resuene contigo, que sea pr\u00e1ctico para el viaje y que, al mismo tiempo, exprese tu individualidad. En este nuevo a\u00f1o, abraza el cambio y dale la bienvenida a una apariencia fresca y renovada que refleje no solo tu pasi\u00f3n por la aventura, sino tambi\u00e9n tu deseo por un estilo aut\u00e9ntico y consciente.<\/p>\n<p><em> &#8221; Sources www.vogue.mx &#8221; <\/em><\/p>\n<p><em> &#8221; Fuentes www.vogue.mx &#8221; <\/em><\/p>\n","protected":false},"excerpt":{"rendered":"<p>Tendencias en Estilo: Lo Que Ya No Veremos en el Mundo de la Belleza en 2025 En el fascinante mundo del turismo, cada a\u00f1o trae consigo nuevas tendencias que impactan no solo los destinos que visitamos, sino tambi\u00e9n la forma en que nos presentamos al mundo. A medida que nos adentramos en 2025, es el [&hellip;]<\/p>\n","protected":false},"author":4,"featured_media":904166,"comment_status":"open","ping_status":"closed","sticky":false,"template":"","format":"standard","meta":{"om_disable_all_campaigns":false,"jnews-multi-image_gallery":[],"jnews_single_post":[],"jnews_primary_category":[],"jnews_social_meta":[],"footnotes":""},"categories":[144872],"tags":[3381,59558,200508,201980,7758,201979,3379,201981,177437],"class_list":["post-904165","post","type-post","status-publish","format-standard","has-post-thumbnail","hentry","category-fashion","tag-belleza","tag-consejos-de-estilo","tag-cortes-de-cabello","tag-cortes-obsoletos","tag-estilo","tag-moda-capilar","tag-peluqueria","tag-reemplazos-de-cortes","tag-tendencias-2025"],"_links":{"self":[{"href":"https:\/\/dimensionturistica.com\/es\/wp-json\/wp\/v2\/posts\/904165","targetHints":{"allow":["GET"]}}],"collection":[{"href":"https:\/\/dimensionturistica.com\/es\/wp-json\/wp\/v2\/posts"}],"about":[{"href":"https:\/\/dimensionturistica.com\/es\/wp-json\/wp\/v2\/types\/post"}],"author":[{"embeddable":true,"href":"https:\/\/dimensionturistica.com\/es\/wp-json\/wp\/v2\/users\/4"}],"replies":[{"embeddable":true,"href":"https:\/\/dimensionturistica.com\/es\/wp-json\/wp\/v2\/comments?post=904165"}],"version-history":[{"count":0,"href":"https:\/\/dimensionturistica.com\/es\/wp-json\/wp\/v2\/posts\/904165\/revisions"}],"wp:featuredmedia":[{"embeddable":true,"href":"https:\/\/dimensionturistica.com\/es\/wp-json\/wp\/v2\/media\/904166"}],"wp:attachment":[{"href":"https:\/\/dimensionturistica.com\/es\/wp-json\/wp\/v2\/media?parent=904165"}],"wp:term":[{"taxonomy":"category","embeddable":true,"href":"https:\/\/dimensionturistica.com\/es\/wp-json\/wp\/v2\/categories?post=904165"},{"taxonomy":"post_tag","embeddable":true,"href":"https:\/\/dimensionturistica.com\/es\/wp-json\/wp\/v2\/tags?post=904165"}],"curies":[{"name":"wp","href":"https:\/\/api.w.org\/{rel}","templated":true}]}}