{"id":903072,"date":"2025-01-07T21:24:15","date_gmt":"2025-01-07T21:24:15","guid":{"rendered":"https:\/\/dimensionturistica.com\/es\/?p=903072"},"modified":"2025-01-07T21:24:15","modified_gmt":"2025-01-07T21:24:15","slug":"te-lo-digo-o-no-las-blusas-con-peplum-de-la-decada-del-2010-vuelven-con-fuerza-en-la-temporada-primavera-verano-2025","status":"publish","type":"post","link":"https:\/\/dimensionturistica.com\/es\/te-lo-digo-o-no-las-blusas-con-peplum-de-la-decada-del-2010-vuelven-con-fuerza-en-la-temporada-primavera-verano-2025\/","title":{"rendered":"Te lo digo o no: Las blusas con peplum de la d\u00e9cada del 2010 vuelven con fuerza en la temporada Primavera-Verano 2025"},"content":{"rendered":"<h3>La Primavera-Verano 2025: Un Viaje a Trav\u00e9s del Estilo Retro<\/h3>\n<p>Con la llegada de la primavera-verano 2025, el mundo de la moda nos sorprende una vez m\u00e1s al revivir tendencias que cre\u00edamos reservadas para el pasado. Entre ellas, las blusas con peplum se alzan como un emblem\u00e1tico regreso que combina nostalgia y frescura, ideal para quienes buscan refrescar su guardarropa con un toque vintage sin perder la modernidad.<\/p>\n<h4>La Blusa Peplum: Un Cl\u00e1sico que Regresa<\/h4>\n<p>Originaria de las d\u00e9cadas pasadas, la blusa peplum destaca por su silueta ajustada en la parte superior y su voluminosa extensi\u00f3n en la cadera, creando una figura de reloj de arena que favorece a muchas. Este estilo no solo es una elecci\u00f3n est\u00e9tica, sino que tambi\u00e9n cuenta con la versatilidad necesaria para adaptarse a diversas ocasiones. Desde una reuni\u00f3n de trabajo hasta una cena elegante, el peplum se presenta como una opci\u00f3n chic y apropiada.<\/p>\n<h4>Combina y Atr\u00e9vete<\/h4>\n<p>La clave para llevar una blusa con peplum radica en la forma en que se combina. Un look equilibrado puede lograrse optando por pantalones ajustados o una falda l\u00e1piz, que resalten la parte inferior del atuendo y permitan que la prenda central brille. Para un estilo m\u00e1s desenfadado, una combinaci\u00f3n con jeans de talle alto y zapatillas puede ser la elecci\u00f3n perfecta, fusionando comodidad y elegancia.<\/p>\n<p>Los colores neutros y los estampados florales est\u00e1n en auge esta temporada. Las blusas en tonos pastel aportan una suavidad ideal para los d\u00edas soleados, mientras que las texturas ligeras, como el lino o el algod\u00f3n, garantizan frescura y confort. No olvides los accesorios: un cintur\u00f3n en la cintura puede acentuar a\u00fan m\u00e1s la silueta, mientras que unas delicadas joyas pueden a\u00f1adir ese toque especial al conjunto.<\/p>\n<h4>El Peplum en los Destinos de Verano<\/h4>\n<p>Adem\u00e1s de su valor est\u00e9tico, las blusas con peplum son perfectas para aquellos viajes de verano que tienes planificados. Imagina pasear por las calles de una ciudad europea, disfrutando de un helado en un caluroso d\u00eda de sol, mientras portas una blusa con este encantador dise\u00f1o. Su elegancia te permitir\u00e1 desplazarte de un caf\u00e9 al aire libre a una cena en un restaurante local sin perder el estilo.<\/p>\n<p>Los destinos de playa tambi\u00e9n se benefician de este estilo. Combinadas con una falda larga o shorts de mezclilla, las blusas peplum se convierten en la elecci\u00f3n ideal para una tarde junto al mar, manteniendo ese equilibrio perfecto entre lo chic y lo playero.<\/p>\n<h4>Conclusiones<\/h4>\n<p>Al mirar hacia el pasado, la moda nos regala oportunidades para reinventarnos. La blusa peplum es m\u00e1s que un simple remanente de una \u00e9poca anterior; es una pieza vers\u00e1til que refleja la evoluci\u00f3n del estilo actual. Ya sea que optes por un enfoque cl\u00e1sico o que te atrevas a jugar con combinaciones inusuales, esta prenda promete ser un aliado en tus aventuras veraniegas.<\/p>\n<p>As\u00ed que, mientras planificas tus escapadas y te preparas para disfrutar del sol brillante de la pr\u00f3xima temporada, no olvides abrir tu armario y rescatar esas blusas con peplum para crear looks que no solo acent\u00faen tu figura, sino que tambi\u00e9n cuenten una historia de estilo a trav\u00e9s de los a\u00f1os. \u00a1Prep\u00e1rate para deslumbrar con la elegancia de lo retro en cada paso de tu viaje!<\/p>\n<p><em> &#8221; Sources www.vogue.mx &#8221; <\/em><\/p>\n<p><em> &#8221; Fuentes www.vogue.mx &#8221; <\/em><\/p>\n","protected":false},"excerpt":{"rendered":"<p>La Primavera-Verano 2025: Un Viaje a Trav\u00e9s del Estilo Retro Con la llegada de la primavera-verano 2025, el mundo de la moda nos sorprende una vez m\u00e1s al revivir tendencias que cre\u00edamos reservadas para el pasado. Entre ellas, las blusas con peplum se alzan como un emblem\u00e1tico regreso que combina nostalgia y frescura, ideal para [&hellip;]<\/p>\n","protected":false},"author":4,"featured_media":903066,"comment_status":"open","ping_status":"closed","sticky":false,"template":"","format":"standard","meta":{"om_disable_all_campaigns":false,"jnews-multi-image_gallery":[],"jnews_single_post":[],"jnews_primary_category":[],"jnews_social_meta":[],"footnotes":""},"categories":[144872],"tags":[27305,200333,7758,166,659,201619,66168,200334,13661,2182],"class_list":["post-903072","post","type-post","status-publish","format-standard","has-post-thumbnail","hentry","category-fashion","tag-27305","tag-blusas","tag-estilo","tag-fashion","tag-moda","tag-peplum","tag-primavera-verano","tag-primavera-verano-2025","tag-retorno","tag-tendencias"],"_links":{"self":[{"href":"https:\/\/dimensionturistica.com\/es\/wp-json\/wp\/v2\/posts\/903072","targetHints":{"allow":["GET"]}}],"collection":[{"href":"https:\/\/dimensionturistica.com\/es\/wp-json\/wp\/v2\/posts"}],"about":[{"href":"https:\/\/dimensionturistica.com\/es\/wp-json\/wp\/v2\/types\/post"}],"author":[{"embeddable":true,"href":"https:\/\/dimensionturistica.com\/es\/wp-json\/wp\/v2\/users\/4"}],"replies":[{"embeddable":true,"href":"https:\/\/dimensionturistica.com\/es\/wp-json\/wp\/v2\/comments?post=903072"}],"version-history":[{"count":0,"href":"https:\/\/dimensionturistica.com\/es\/wp-json\/wp\/v2\/posts\/903072\/revisions"}],"wp:featuredmedia":[{"embeddable":true,"href":"https:\/\/dimensionturistica.com\/es\/wp-json\/wp\/v2\/media\/903066"}],"wp:attachment":[{"href":"https:\/\/dimensionturistica.com\/es\/wp-json\/wp\/v2\/media?parent=903072"}],"wp:term":[{"taxonomy":"category","embeddable":true,"href":"https:\/\/dimensionturistica.com\/es\/wp-json\/wp\/v2\/categories?post=903072"},{"taxonomy":"post_tag","embeddable":true,"href":"https:\/\/dimensionturistica.com\/es\/wp-json\/wp\/v2\/tags?post=903072"}],"curies":[{"name":"wp","href":"https:\/\/api.w.org\/{rel}","templated":true}]}}