{"id":90282,"date":"2021-03-04T08:59:32","date_gmt":"2021-03-04T08:59:32","guid":{"rendered":"https:\/\/dimensionturistica.com\/es\/?p=90282"},"modified":"2021-03-04T08:59:33","modified_gmt":"2021-03-04T08:59:33","slug":"nido-de-viboras-luces-del-siglo-2","status":"publish","type":"post","link":"https:\/\/dimensionturistica.com\/es\/nido-de-viboras-luces-del-siglo-2\/","title":{"rendered":"NIDO DE V\u00cdBORAS \u2013 Luces del Siglo"},"content":{"rendered":"<p> <br \/>\n<\/p>\n<div>\n            <!-- image --><\/p>\n<div class=\"td-post-featured-image\"><a rel=\"nofollow noopener\" target=\"_blank\" href=\"https:\/\/i1.wp.com\/lucesdelsiglo.com\/wp-content\/uploads\/2021\/01\/Nido-de-VC3ADboras-5-1.jpeg?fit=1068%2C356&amp;ssl=1\" data-caption=\"\"><img decoding=\"async\" width=\"696\" height=\"232\" class=\"entry-thumb td-modal-image\" src=\"https:\/\/dimensionturistica.com\/es\/wp-content\/uploads\/2021\/03\/NIDO-DE-VIBORAS-\u2013-Luces-del-Siglo.jpeg\"   alt=\"NIDO DE V\u00cdBORAS\" title=\"NIDO DE V\u00cdBORAS\"\/><\/a><\/div>\n<p>            <!-- content --><\/p>\n<h5>POR KUKULK\u00c1N<\/h5>\n<p><strong>LOS CRUCEROS<\/strong> podr\u00edan regresar pronto a los puertos de Quintana Roo; la reactivaci\u00f3n tur\u00edstica podr\u00eda normalizarse en unos dos meses con las noticias que llegaron directamente a este hache nido desde Israel, donde la importante empresa estadounidense Royal Caribbean Worldwide anunci\u00f3 en una conferencia matutina que su barco m\u00e1s nuevo, el Odyssey of the Seas, comenzar\u00e1 a navegar desde Haifa en mayo con pasajeros israel\u00edes. El operador dijo que ser\u00e1 el primero en ofrecer la modalidad de \u201cviajes completamente vacunados\u201d, con la tripulaci\u00f3n y los pasajeros mayores de 16 a\u00f1os que deben tener un ciclo completo de inmunidad contra el Covid-19.<\/p>\n<p><strong>ESTOS SON<\/strong> buenos mensajes para el turismo quintanarroense que llegan casi un a\u00f1o despu\u00e9s de que se cerraron todos los puertos al turismo de los cruceros internacionales y que son los m\u00e1s afectados por el cierre ante la pandemia del Covid-19. Este sector del turismo nacional representa un gran porcentaje de las entradas de divisas al pa\u00eds por alrededor de 5 mil millones de d\u00f3lares anuales. Adem\u00e1s, las empresas de cruceros sufren ya una grave disaster porque los nav\u00edos al estar sin servicio colapsan ante el deterioro regular de la salinidad del agua de mar y la falta de uso y mantenimiento. La industria de los cruceros est\u00e1 desesperada y ya env\u00eda sus primeras se\u00f1ales, as\u00ed como gui\u00f1o de ojo, a los principales centros de recreaci\u00f3n como es el Caribe mexicano. Enhorabuena, primera llamada.<\/p>\n<p class=\"has-text-align-center\">* * *<\/p>\n<p><strong>BIEN PRONOSTICAMOS<\/strong> que los diputados no dejar\u00edan pasar la legalizaci\u00f3n del aborto en Quintana Roo. Sorprendente c\u00f3mo algunos de Morena votaron en contra. O no saben a qui\u00e9nes representan, o llegaron por amistades y compadrazgos o de plano ven la actividad pol\u00edtica como negocio explicit. Vaya manera de enga\u00f1ar a quienes votaron por los morenos. PAN y Verde, aut\u00e9nticos, congruentes.<\/p>\n<p class=\"has-text-align-center\">* * *<\/p>\n<p><strong>QU\u00c9 TAL<\/strong> la a\u00fan alcaldesa, Hermelinda Lezama Espinosa, para montar teatros electoreros. Anuncia, as\u00ed como extra\u00eddo de alg\u00fan cuento de polic\u00edas y ladrones del <em>Libro Vaquero<\/em> el rimbombante caso de \u201cla desarticulaci\u00f3n de una red de corrupci\u00f3n y complicidad que operaba en el Ayuntamiento\u201d. Cube: \u201cOrden\u00e9 una investigaci\u00f3n exhaustiva, una investigaci\u00f3n a fondo. Se trataba de un aberrante caso de despojo de viviendas a la gente que menos tiene. Gracias a la denuncia ciudadana descubrimos un <em>modus operandi<\/em> que despojaba de viviendas \u2014especialmente de inter\u00e9s social\u2014 a familias mediante trucos, enga\u00f1os, falsedades y amenazas\u201d. Asombroso, y hay personas que le creen. M\u00e1s asombroso.<\/p>\n<p class=\"has-text-align-center\">* * *<\/p>\n<p><strong>EXACTAMENTE EN 17<\/strong> d\u00edas cambia la posici\u00f3n de traslaci\u00f3n del planeta en el que viajamos felices y contentos respecto al sol conocida como equinoccio de primavera. Las temperaturas comenzar\u00e1n a ascender y este a\u00f1o de 2021 se esperan, seg\u00fan los pron\u00f3sticos m\u00e1s avezados del tema, climas calientes durante la mayor parte del tiempo hasta el primer semestre. Adem\u00e1s, despejados y con un vientecito refrescante. Es decir, d\u00edas perfectos para ir a la playa y disfrutar del mar Caribe y los diversos atractivos tur\u00edsticos que tiene Quintana Roo. No por nada es el polo de actividades de recreaci\u00f3n mar\u00edtimas m\u00e1s importante de Latinoam\u00e9rica y quinto del Continente. En estos d\u00edas sacamos las toallas largas para recibir turistas. Las v\u00edboras ya andan construyendo castillos de area y fermentando venenos.<\/p>\n<p><strong><strong><a rel=\"nofollow noopener\" target=\"_blank\" href=\"https:\/\/twitter.com\/Nido_DeViboras\">@Nido_DeViboras<\/a><\/strong><\/strong><\/p>\n<figure class=\"wp-block-embed is-type-wp-embed is-provider-luces-del-siglo wp-block-embed-luces-del-siglo\"\/>\n<div class=\"sharedaddy sd-block sd-like jetpack-likes-widget-wrapper jetpack-likes-widget-unloaded\" id=\"like-post-wrapper-156942667-117779-60409f7ca41e0\" data-src=\"https:\/\/widgets.wp.com\/likes\/#blog_id=156942667&amp;post_id=117779&amp;origin=lucesdelsiglo.com&amp;obj_id=156942667-117779-60409f7ca41e0\" data-name=\"like-post-frame-156942667-117779-60409f7ca41e0\">\n<h3 class=\"sd-title\">Me gusta esto:<\/h3>\n<p><span class=\"button\"><span>Me gusta<\/span><\/span> <span class=\"loading\">Cargando&#8230;<\/span><\/p>\n<p><span class=\"sd-text-color\"\/><a rel=\"nofollow noopener\" target=\"_blank\" class=\"sd-link-color\"><\/div><\/div>\n<p><script async src=\"\/\/platform.twitter.com\/widgets.js\" charset=\"utf-8\"><\/script><br \/>\n<br \/><\/p>\n<p><em> &#8221; Fuentes lucesdelsiglo.com &#8221; <\/em><\/p>\n","protected":false},"excerpt":{"rendered":"<p>POR KUKULK\u00c1N LOS CRUCEROS podr\u00edan regresar pronto a los puertos de Quintana Roo; la reactivaci\u00f3n tur\u00edstica podr\u00eda normalizarse en unos dos meses con las noticias que llegaron directamente a este hache nido desde Israel, donde la importante empresa estadounidense Royal Caribbean Worldwide anunci\u00f3 en una conferencia matutina que su barco m\u00e1s nuevo, el Odyssey of [&hellip;]<\/p>\n","protected":false},"author":4,"featured_media":90283,"comment_status":"open","ping_status":"closed","sticky":false,"template":"","format":"standard","meta":{"om_disable_all_campaigns":false,"jnews-multi-image_gallery":[],"jnews_single_post":[],"jnews_primary_category":[],"jnews_social_meta":[],"footnotes":""},"categories":[41],"tags":[],"class_list":["post-90282","post","type-post","status-publish","format-standard","has-post-thumbnail","hentry","category-cruceros"],"_links":{"self":[{"href":"https:\/\/dimensionturistica.com\/es\/wp-json\/wp\/v2\/posts\/90282","targetHints":{"allow":["GET"]}}],"collection":[{"href":"https:\/\/dimensionturistica.com\/es\/wp-json\/wp\/v2\/posts"}],"about":[{"href":"https:\/\/dimensionturistica.com\/es\/wp-json\/wp\/v2\/types\/post"}],"author":[{"embeddable":true,"href":"https:\/\/dimensionturistica.com\/es\/wp-json\/wp\/v2\/users\/4"}],"replies":[{"embeddable":true,"href":"https:\/\/dimensionturistica.com\/es\/wp-json\/wp\/v2\/comments?post=90282"}],"version-history":[{"count":0,"href":"https:\/\/dimensionturistica.com\/es\/wp-json\/wp\/v2\/posts\/90282\/revisions"}],"wp:featuredmedia":[{"embeddable":true,"href":"https:\/\/dimensionturistica.com\/es\/wp-json\/wp\/v2\/media\/90283"}],"wp:attachment":[{"href":"https:\/\/dimensionturistica.com\/es\/wp-json\/wp\/v2\/media?parent=90282"}],"wp:term":[{"taxonomy":"category","embeddable":true,"href":"https:\/\/dimensionturistica.com\/es\/wp-json\/wp\/v2\/categories?post=90282"},{"taxonomy":"post_tag","embeddable":true,"href":"https:\/\/dimensionturistica.com\/es\/wp-json\/wp\/v2\/tags?post=90282"}],"curies":[{"name":"wp","href":"https:\/\/api.w.org\/{rel}","templated":true}]}}