{"id":90265,"date":"2021-03-04T08:06:59","date_gmt":"2021-03-04T08:06:59","guid":{"rendered":"https:\/\/dimensionturistica.com\/es\/?p=90265"},"modified":"2021-03-04T08:06:59","modified_gmt":"2021-03-04T08:06:59","slug":"la-insurtech-turistica-que-salio-al-mercado-en-pleno-confinamiento","status":"publish","type":"post","link":"https:\/\/dimensionturistica.com\/es\/la-insurtech-turistica-que-salio-al-mercado-en-pleno-confinamiento\/","title":{"rendered":"La insurtech tur\u00edstica que sali\u00f3 al mercado en pleno confinamiento"},"content":{"rendered":"<p> <br \/>\n<\/p>\n<div>\n<p><span class=\"ql-size-large\">No todos han perdido en la pandemia. FlexMyRoom representa uno de esos casos a los que la disaster sanitaria les ha dado el impulso definitivo para posicionarse en el mercado. Fundada a finales de 2019 por Miguel Signes, esta insurtech naci\u00f3 con el prop\u00f3sito de minimizar el impacto de las cancelaciones de <\/span><strong class=\"ql-size-large\">reservas en cadenas hoteleras y apartamentos tur\u00edsticos<\/strong><span class=\"ql-size-large\">. Al leer estas l\u00edneas, puede que irremediablemente viaje en el tiempo al 13 de marzo de 2020, cuando se declar\u00f3 el estado de alarma y esta compa\u00f1\u00eda a\u00fan usaba pa\u00f1ales. \u201cEst\u00e1bamos a punto de empezar a operar cuando lleg\u00f3 la COVID-19. Tuvimos que retrasarlo todo por el cierre. Al principio fue ca\u00f3tico, hasta que dimos con una soluci\u00f3n que se adaptaba a las circunstancias actuales\u201d, reconoce Signes a DIRIGENTES.\u00a0<\/span><\/p>\n<p><span class=\"ql-size-large\">Inicialmente su producto no inclu\u00eda temas relacionados con el coronavirus, b\u00e1sicamente, \u201cporque no exist\u00eda\u201d. As\u00ed que manos a la obra, se dio cuenta de que el br\u00f3ker con el que colaboraban ten\u00eda que negociar con las aseguradoras el dise\u00f1o de un producto que <\/span><strong class=\"ql-size-large\">permitiera cancelar y ofrecer asistencia en viaje, incluido cualquier contratiempo vinculado con la pandemia<\/strong><span class=\"ql-size-large\">. Tras semanas de negociaciones dando una vuelta de tuerca a su producto, el golpe de suerte lleg\u00f3 cuando un lodge de Benidorm -la meca del turismo brit\u00e1nico- llam\u00f3 a su puerta en pleno proceso de desescalada. El efecto \u2018boca a boca\u2019 hizo el resto. \u201cLos seguros de viajes no est\u00e1n tan implantados en Espa\u00f1a como en los pa\u00edses n\u00f3rdicos, en los que la gente contrata, incluso, un seguro anual. Aqu\u00ed no hay tanta conciencia\u201d, precisa y reconoce que es ahora cuando los establecimientos tur\u00edsticos han comenzado a incluirlos en los paquetes vacacionales. <\/span><\/p>\n<p><span class=\"ql-size-large\">Tras un peque\u00f1o descenso de la actividad el pasado mes de octubre, que coincide con la segunda ola de contagios, el 2021 ha empezado fuerte para FlexMyRoom. Las empresas del sector recurren a ella con la mirada puesta en una Semana Santa y una temporada alta incierta. \u201cSon momentos complicados, pero quieren ofrecer tranquilidad\u201d, remarca. La Costa Blanca es su principal zona de operaciones, con Comunidad Valenciana e Islas Baleares a la cabeza.\u00a0<\/span><\/p>\n<p><span class=\"ql-size-large\">A lo largo de estos nueve meses de actividad, que Signes outline como una \u201cmonta\u00f1a rusa\u201d, FlexMyRoom ha ido adecuando sus productos a las necesidades que han ido surgiendo, lo que ha permitido a los hoteles \u201crealizar mejores ajustes porque trabajan con un escenario mucho m\u00e1s real\u201d.\u00a0<\/span><\/p>\n<p><span class=\"ql-size-large\">Cuando se cumple un a\u00f1o desde que el virus trastocara la hoja de ruta del mundo entero, esta <\/span><em class=\"ql-size-large\">start-up<\/em><span class=\"ql-size-large\"> tiene la mirada puesta en Europa, donde quieren dar el salto. A la espera de \u201ccerrar algunos flecos\u201d de su segunda ronda de financiaci\u00f3n, el dinero obtenido ir\u00e1 destinado al desarrollo de su plan comercial y al<\/span><em class=\"ql-size-large\"> buyer success<\/em><span class=\"ql-size-large\">. \u201cNo me hubiera imaginado estos n\u00fameros con la situaci\u00f3n que tenemos\u201d, apostilla.\u00a0<\/span><\/p>\n<\/p><\/div>\n\n<p><em> &#8221; Fuentes dirigentesdigital.com &#8221; <\/em><\/p>\n","protected":false},"excerpt":{"rendered":"<p>No todos han perdido en la pandemia. FlexMyRoom representa uno de esos casos a los que la disaster sanitaria les ha dado el impulso definitivo para posicionarse en el mercado. Fundada a finales de 2019 por Miguel Signes, esta insurtech naci\u00f3 con el prop\u00f3sito de minimizar el impacto de las cancelaciones de reservas en cadenas [&hellip;]<\/p>\n","protected":false},"author":4,"featured_media":90266,"comment_status":"open","ping_status":"closed","sticky":false,"template":"","format":"standard","meta":{"om_disable_all_campaigns":false,"jnews-multi-image_gallery":[],"jnews_single_post":[],"jnews_primary_category":[],"jnews_social_meta":[],"footnotes":""},"categories":[39],"tags":[1830],"class_list":["post-90265","post","type-post","status-publish","format-standard","has-post-thumbnail","hentry","category-viajes","tag-carmen-munoz"],"_links":{"self":[{"href":"https:\/\/dimensionturistica.com\/es\/wp-json\/wp\/v2\/posts\/90265","targetHints":{"allow":["GET"]}}],"collection":[{"href":"https:\/\/dimensionturistica.com\/es\/wp-json\/wp\/v2\/posts"}],"about":[{"href":"https:\/\/dimensionturistica.com\/es\/wp-json\/wp\/v2\/types\/post"}],"author":[{"embeddable":true,"href":"https:\/\/dimensionturistica.com\/es\/wp-json\/wp\/v2\/users\/4"}],"replies":[{"embeddable":true,"href":"https:\/\/dimensionturistica.com\/es\/wp-json\/wp\/v2\/comments?post=90265"}],"version-history":[{"count":0,"href":"https:\/\/dimensionturistica.com\/es\/wp-json\/wp\/v2\/posts\/90265\/revisions"}],"wp:featuredmedia":[{"embeddable":true,"href":"https:\/\/dimensionturistica.com\/es\/wp-json\/wp\/v2\/media\/90266"}],"wp:attachment":[{"href":"https:\/\/dimensionturistica.com\/es\/wp-json\/wp\/v2\/media?parent=90265"}],"wp:term":[{"taxonomy":"category","embeddable":true,"href":"https:\/\/dimensionturistica.com\/es\/wp-json\/wp\/v2\/categories?post=90265"},{"taxonomy":"post_tag","embeddable":true,"href":"https:\/\/dimensionturistica.com\/es\/wp-json\/wp\/v2\/tags?post=90265"}],"curies":[{"name":"wp","href":"https:\/\/api.w.org\/{rel}","templated":true}]}}