{"id":90215,"date":"2021-03-04T05:45:48","date_gmt":"2021-03-04T05:45:48","guid":{"rendered":"https:\/\/dimensionturistica.com\/es\/?p=90215"},"modified":"2021-03-04T05:45:48","modified_gmt":"2021-03-04T05:45:48","slug":"retomara-sct-en-semana-santa-el-operativo-30-delta-en-carreteras-el-comentario","status":"publish","type":"post","link":"https:\/\/dimensionturistica.com\/es\/retomara-sct-en-semana-santa-el-operativo-30-delta-en-carreteras-el-comentario\/","title":{"rendered":"Retomar\u00e1 SCT en Semana Santa el Operativo \u201c30 Delta\u201d en carreteras \u2013 El Comentario"},"content":{"rendered":"<p> <br \/>\n<\/p>\n<div>\n<p>El director del <strong>Centro Colima<\/strong> de la <strong>Secretar\u00eda de Comunicaciones y Transportes<\/strong> (SCT), <strong>Guido Mendiburo Sol\u00eds<\/strong>, inform\u00f3 que en <strong>Semana Santa<\/strong> se retomar\u00e1 el <strong>Operativo 30 Delta<\/strong>, el cual se hace en conjunto con la <strong>Guardia Nacional<\/strong>.<\/p>\n<p>Se\u00f1al\u00f3 que en dicho operativo, adem\u00e1s de la <strong>revisi\u00f3n de las condiciones f\u00edsico mec\u00e1nicas<\/strong> de los <strong>veh\u00edculos<\/strong>, tambi\u00e9n se hacen <strong>an\u00e1lisis<\/strong> a los <strong>operadores del servicio p\u00fablico federal<\/strong>.<\/p>\n<p>Mencion\u00f3 que ya se han reanudado los operativos de revisi\u00f3n a las condiciones de las unidades, los cuales se hab\u00edan suspendido por la <strong>pandemia<\/strong>, \u201cahorita hemos hecho ya dos operativos en el caso del Centro SCT, son operativos en lugares fijos\u201d.<\/p>\n<p>Refiri\u00f3 que en el sentido <strong>Guadalajara-Manzanillo<\/strong> es poco antes de llegar al <strong>crucero de Tecom\u00e1n<\/strong> y en el sentido <strong>Manzanillo-Colima<\/strong> es en <strong>El Mezquite<\/strong>, \u201cse revisan las condiciones f\u00edsico-mec\u00e1nicas de las unidades, y que traigan su documentaci\u00f3n en regla para poder trabajar\u201d.<\/p>\n<div class=\"printfriendly pf-button pf-button-content pf-alignleft\"><a rel=\"nofollow noopener\" target=\"_blank\" href=\"https:\/\/elcomentario.ucol.mx\/retomara-sct-en-semana-santa-el-operativo-30-delta-en-carreteras\/#\" onclick=\"window.print();if(typeof(_gaq) != 'undefined') { _gaq.push(['_trackEvent','PRINTFRIENDLY', 'print', 'NULL']);&#10;}else if(typeof(ga) != 'undefined') {  ga('send', 'event','PRINTFRIENDLY', 'print', 'NULL'); } return false;\" title=\"Printer Friendly, PDF &amp; Email\"><img decoding=\"async\" style=\"border:none;-webkit-box-shadow:none; -moz-box-shadow: none; box-shadow:none; padding:0; margin:0\" src=\"https:\/\/dimensionturistica.com\/es\/wp-content\/uploads\/2021\/01\/La-Junta-confia-en-el-segmento-de-cruceros-para-impulsar.png\" alt=\"Print Friendly, PDF &amp; Email\"\/><\/a><\/div>\n<\/div>\n<p><script>(function(d, s, id) {\nvar js, fjs = d.getElementsByTagName(s)[0];\nif (d.getElementById(id)) return;\njs = d.createElement(s); js.id = id;\njs.src = \"https:\/\/connect.facebook.net\/es_LA\/sdk.js#xfbml=1&version=v2.6&appId=202628046535042\";\nfjs.parentNode.insertBefore(js, fjs);\n}(document, 'script', 'facebook-jssdk'));<\/script><br \/>\n<br \/><\/p>\n<p><em> &#8221; Fuentes elcomentario.ucol.mx &#8221; <\/em><\/p>\n","protected":false},"excerpt":{"rendered":"<p>El director del Centro Colima de la Secretar\u00eda de Comunicaciones y Transportes (SCT), Guido Mendiburo Sol\u00eds, inform\u00f3 que en Semana Santa se retomar\u00e1 el Operativo 30 Delta, el cual se hace en conjunto con la Guardia Nacional. Se\u00f1al\u00f3 que en dicho operativo, adem\u00e1s de la revisi\u00f3n de las condiciones f\u00edsico mec\u00e1nicas de los veh\u00edculos, tambi\u00e9n [&hellip;]<\/p>\n","protected":false},"author":4,"featured_media":90216,"comment_status":"open","ping_status":"closed","sticky":false,"template":"","format":"standard","meta":{"om_disable_all_campaigns":false,"jnews-multi-image_gallery":[],"jnews_single_post":[],"jnews_primary_category":[],"jnews_social_meta":[],"footnotes":""},"categories":[41],"tags":[],"class_list":["post-90215","post","type-post","status-publish","format-standard","has-post-thumbnail","hentry","category-cruceros"],"_links":{"self":[{"href":"https:\/\/dimensionturistica.com\/es\/wp-json\/wp\/v2\/posts\/90215","targetHints":{"allow":["GET"]}}],"collection":[{"href":"https:\/\/dimensionturistica.com\/es\/wp-json\/wp\/v2\/posts"}],"about":[{"href":"https:\/\/dimensionturistica.com\/es\/wp-json\/wp\/v2\/types\/post"}],"author":[{"embeddable":true,"href":"https:\/\/dimensionturistica.com\/es\/wp-json\/wp\/v2\/users\/4"}],"replies":[{"embeddable":true,"href":"https:\/\/dimensionturistica.com\/es\/wp-json\/wp\/v2\/comments?post=90215"}],"version-history":[{"count":0,"href":"https:\/\/dimensionturistica.com\/es\/wp-json\/wp\/v2\/posts\/90215\/revisions"}],"wp:featuredmedia":[{"embeddable":true,"href":"https:\/\/dimensionturistica.com\/es\/wp-json\/wp\/v2\/media\/90216"}],"wp:attachment":[{"href":"https:\/\/dimensionturistica.com\/es\/wp-json\/wp\/v2\/media?parent=90215"}],"wp:term":[{"taxonomy":"category","embeddable":true,"href":"https:\/\/dimensionturistica.com\/es\/wp-json\/wp\/v2\/categories?post=90215"},{"taxonomy":"post_tag","embeddable":true,"href":"https:\/\/dimensionturistica.com\/es\/wp-json\/wp\/v2\/tags?post=90215"}],"curies":[{"name":"wp","href":"https:\/\/api.w.org\/{rel}","templated":true}]}}