{"id":90209,"date":"2021-03-04T05:36:49","date_gmt":"2021-03-04T05:36:49","guid":{"rendered":"https:\/\/dimensionturistica.com\/es\/?p=90209"},"modified":"2021-03-04T05:36:49","modified_gmt":"2021-03-04T05:36:49","slug":"policias-estatales-detienen-a-presunto-por-conducir-en-estado-de-ebriedad","status":"publish","type":"post","link":"https:\/\/dimensionturistica.com\/es\/policias-estatales-detienen-a-presunto-por-conducir-en-estado-de-ebriedad\/","title":{"rendered":"Polic\u00edas Estatales detienen a presunto por conducir en estado de ebriedad"},"content":{"rendered":"<p> <br \/>\n<\/p>\n<div id=\"texto-nota\">\n<p>                        <a rel=\"nofollow noopener\" target=\"_blank\" href=\"http:\/\/congresosanluis.gob.mx\/\"><\/p>\n<p>TAMAZUNCHALE, SLP.- Derivado de los patrullajes preventivos llevados a cabo para evitar la comisi\u00f3n de hechos delictivos, Polic\u00edas Estatales adscritos a la zona Huasteca, detuvieron a un hombre por los presuntos delitos de atentar contra la seguridad de tr\u00e1nsito y portaci\u00f3n de un arma blanca.<\/p>\n<p>Los hechos sucedieron por la noche, durante los recorridos por la carretera Estatal Tamazunchale-Tezapotla, en el crucero de Temamatla, en Tamazunchale, los agentes tuvieron a la vista al conductor de un autom\u00f3vil Nissan, tipo Tida, modelo 2014, el cual circulaba de forma irregular, por ello le dieron alcance solicitando que se detuviera.<\/p>\n<p>Los Estatales se percataron de que el presunto se encontraba en aparente estado de ebriedad, ya que desped\u00eda un fuerte aliento et\u00edlico, motivo que deriv\u00f3 a la detenci\u00f3n de Jos\u00e9 C., de 24 a\u00f1os de edad, a quien adem\u00e1s se le asegur\u00f3 una daga de metallic, con hoja de aproximadamente 12 cent\u00edmetros de longitud.\u00a0<\/p>\n<p>El detenido, as\u00ed como el veh\u00edculo\u00a0 y el arma prohibida,\u00a0 son puestos a disposici\u00f3n de la Fiscal\u00eda Common del\u00a0 Estado.<\/p>\n<\/div>\n<p><script>(function (d, s, id) {\n            var js, fjs = d.getElementsByTagName(s)[0];\n            if (d.getElementById(id)) return;\n            js = d.createElement(s);\n            js.id = id;\n            js.src = \"https:\/\/connect.facebook.net\/es_LA\/sdk.js#xfbml=1&version=v2.4\";\n            fjs.parentNode.insertBefore(js, fjs);\n        }(document, 'script', 'facebook-jssdk'));<\/script><script>\n        window.fbAsyncInit = function () {\n            FB.init({\n                appId: '1842784195949242',\n                xfbml: true,\n                version: 'v2.5'\n            });\n        };\n        (function (d, s, id) {\n            var js, fjs = d.getElementsByTagName(s)[0];\n            if (d.getElementById(id)) {\n                return;\n            }\n            js = d.createElement(s);\n            js.id = id;\n            js.src = \"https:\/\/connect.facebook.net\/en_US\/sdk.js\";\n            fjs.parentNode.insertBefore(js, fjs);\n        }(document, 'script', 'facebook-jssdk'));\n    <\/script><script src=\"https:\/\/connect.facebook.net\/es_LA\/all.js#appId=APP_ID&amp;xfbml=1\"\n                                    type=\"text\/javascript\">\n                            <\/script><br \/>\n<br \/><\/p>\n<p><em> &#8221; Fuentes elexpres.com &#8221; <\/em><\/p>\n","protected":false},"excerpt":{"rendered":"<p>TAMAZUNCHALE, SLP.- Derivado de los patrullajes preventivos llevados a cabo para evitar la comisi\u00f3n de hechos delictivos, Polic\u00edas Estatales adscritos a la zona Huasteca, detuvieron a un hombre por los presuntos delitos de atentar contra la seguridad de tr\u00e1nsito y portaci\u00f3n de un arma blanca. Los hechos sucedieron por la noche, durante los recorridos por [&hellip;]<\/p>\n","protected":false},"author":4,"featured_media":90210,"comment_status":"open","ping_status":"closed","sticky":false,"template":"","format":"standard","meta":{"om_disable_all_campaigns":false,"jnews-multi-image_gallery":[],"jnews_single_post":[],"jnews_primary_category":[],"jnews_social_meta":[],"footnotes":""},"categories":[41],"tags":[],"class_list":["post-90209","post","type-post","status-publish","format-standard","has-post-thumbnail","hentry","category-cruceros"],"_links":{"self":[{"href":"https:\/\/dimensionturistica.com\/es\/wp-json\/wp\/v2\/posts\/90209","targetHints":{"allow":["GET"]}}],"collection":[{"href":"https:\/\/dimensionturistica.com\/es\/wp-json\/wp\/v2\/posts"}],"about":[{"href":"https:\/\/dimensionturistica.com\/es\/wp-json\/wp\/v2\/types\/post"}],"author":[{"embeddable":true,"href":"https:\/\/dimensionturistica.com\/es\/wp-json\/wp\/v2\/users\/4"}],"replies":[{"embeddable":true,"href":"https:\/\/dimensionturistica.com\/es\/wp-json\/wp\/v2\/comments?post=90209"}],"version-history":[{"count":0,"href":"https:\/\/dimensionturistica.com\/es\/wp-json\/wp\/v2\/posts\/90209\/revisions"}],"wp:featuredmedia":[{"embeddable":true,"href":"https:\/\/dimensionturistica.com\/es\/wp-json\/wp\/v2\/media\/90210"}],"wp:attachment":[{"href":"https:\/\/dimensionturistica.com\/es\/wp-json\/wp\/v2\/media?parent=90209"}],"wp:term":[{"taxonomy":"category","embeddable":true,"href":"https:\/\/dimensionturistica.com\/es\/wp-json\/wp\/v2\/categories?post=90209"},{"taxonomy":"post_tag","embeddable":true,"href":"https:\/\/dimensionturistica.com\/es\/wp-json\/wp\/v2\/tags?post=90209"}],"curies":[{"name":"wp","href":"https:\/\/api.w.org\/{rel}","templated":true}]}}