{"id":90084,"date":"2021-03-03T21:47:49","date_gmt":"2021-03-03T21:47:49","guid":{"rendered":"https:\/\/dimensionturistica.com\/es\/?p=90084"},"modified":"2021-03-03T21:47:49","modified_gmt":"2021-03-03T21:47:49","slug":"realizaran-en-durango-la-feria-de-turismo-aave","status":"publish","type":"post","link":"https:\/\/dimensionturistica.com\/es\/realizaran-en-durango-la-feria-de-turismo-aave\/","title":{"rendered":"Realizar\u00e1n en Durango la Feria de Turismo AAVE"},"content":{"rendered":"<p> <br \/>\n<\/p>\n<div>\n<div class=\"td-post-featured-image\"><a rel=\"nofollow noopener\" target=\"_blank\" href=\"http:\/\/yancuic.com\/wp-content\/uploads\/2021\/03\/acaba-incorporar-ingrediente-local-gama.jpeg\" data-caption=\"\"><img decoding=\"async\" width=\"696\" height=\"433\" class=\"entry-thumb td-modal-image\" src=\"http:\/\/yancuic.com\/wp-content\/uploads\/2021\/03\/acaba-incorporar-ingrediente-local-gama-696x433.jpeg\" srcset=\"http:\/\/yancuic.com\/wp-content\/uploads\/2021\/03\/acaba-incorporar-ingrediente-local-gama-696x433.jpeg 696w, http:\/\/yancuic.com\/wp-content\/uploads\/2021\/03\/acaba-incorporar-ingrediente-local-gama-300x187.jpeg 300w, http:\/\/yancuic.com\/wp-content\/uploads\/2021\/03\/acaba-incorporar-ingrediente-local-gama-768x478.jpeg 768w, http:\/\/yancuic.com\/wp-content\/uploads\/2021\/03\/acaba-incorporar-ingrediente-local-gama-675x420.jpeg 675w, http:\/\/yancuic.com\/wp-content\/uploads\/2021\/03\/acaba-incorporar-ingrediente-local-gama-356x220.jpeg 356w, http:\/\/yancuic.com\/wp-content\/uploads\/2021\/03\/acaba-incorporar-ingrediente-local-gama.jpeg 958w\" sizes=\"(max-width: 696px) 100vw, 696px\" alt=\"\" title=\"acaba-incorporar-ingrediente-local-gama\"\/><\/a><\/div>\n<div class=\"td-a-rec td-a-rec-id-content_top  tdi_2_006 td_block_template_1\">\n<div class=\"td-all-devices\">\n<a rel=\"nofollow noopener\" target=\"_blank\" href=\"https:\/\/durangodigital.gob.mx\/\">&#13;<br \/>\n<img decoding=\"async\" src=\"http:\/\/yancuic.com\/wp-content\/uploads\/2021\/01\/Yancuic728x90px-1.png\"\/><\/a>\n<\/div>\n<\/div>\n<p>DURANGO, DGO.- Del 5 al 7 de marzo se llevar\u00e1 a cabo la \u201cFeria de Turismo AAVE Durango 2021\u201d con la intenci\u00f3n de contribuir a la reactivaci\u00f3n del turismo en la entidad, ofreciendo diversos paquetes y productos tur\u00edsticos duranguenses, as\u00ed lo dio a conocer el titular de la Secretar\u00eda de Turismo del Gobierno del Estado, Eleazar Gamboa de la Parra.<br \/>Indic\u00f3 que es la primera Feria de Turismo de la Asociaci\u00f3n de Agencias de Viaje del estado de Durango, (AAVE Durango A.C) en donde estar\u00e1n participando representantes de hoteles, restaurantes, balnearios, tour-operadores, centros ecotur\u00edsticos y dem\u00e1s prestadores de servicios tur\u00edsticos, donde se estar\u00e1n ofertando la Ruta del Mezcal, vuelos en globos aerost\u00e1ticos, entre otros productos tur\u00edsticos.<br \/>Explic\u00f3 que la feria se llevar\u00e1 a cabo en la Plaza de Armas del viernes a domingo de las 12:00 a las 19:00 horas y que es organizada por Perla X\u00f3chitl Mu\u00f1oz Valenzuela y Alberto Gonz\u00e1lez Gonz\u00e1lez, presidenta y vicepresidente respectivamente de la AAVE Durango A.C. d\u00f3nde se estar\u00e1n ofertando adem\u00e1s diversos paquetes tur\u00edsticos de aventura para Semana Santa a precios muy accesibles.<br \/>Dijo que tomando en cuenta todos los protocolos de salud, se estar\u00e1n ofreciendo por parte del sector tur\u00edstico, paquetes a bajo costo con actividades y visitas a los Pueblos M\u00e1gicos de Durango y otros atractivos de diversas localidades que cuentan con vocaci\u00f3n tur\u00edstica.<br \/>Adelant\u00f3 que la feria de turismo se realizar\u00e1 tambi\u00e9n en algunos municipios con afluencia importante de personas, en est\u00e1 ocasi\u00f3n los estados invitados son Sinaloa y Nayarit, quienes participar\u00e1n con tour operadores, as\u00ed como con paquetes tur\u00edsticos.<\/p>\n<p> <!-- A generated by theme --> <\/p>\n<p> <!-- end A --> <\/p><\/div>\n\n<p><em> &#8221; Fuentes yancuic.com &#8221; <\/em><\/p>\n","protected":false},"excerpt":{"rendered":"<p>&#13; DURANGO, DGO.- Del 5 al 7 de marzo se llevar\u00e1 a cabo la \u201cFeria de Turismo AAVE Durango 2021\u201d con la intenci\u00f3n de contribuir a la reactivaci\u00f3n del turismo en la entidad, ofreciendo diversos paquetes y productos tur\u00edsticos duranguenses, as\u00ed lo dio a conocer el titular de la Secretar\u00eda de Turismo del Gobierno del [&hellip;]<\/p>\n","protected":false},"author":4,"featured_media":90085,"comment_status":"open","ping_status":"closed","sticky":false,"template":"","format":"standard","meta":{"om_disable_all_campaigns":false,"jnews-multi-image_gallery":[],"jnews_single_post":[],"jnews_primary_category":[],"jnews_social_meta":[],"footnotes":""},"categories":[40],"tags":[],"class_list":["post-90084","post","type-post","status-publish","format-standard","has-post-thumbnail","hentry","category-industria"],"_links":{"self":[{"href":"https:\/\/dimensionturistica.com\/es\/wp-json\/wp\/v2\/posts\/90084","targetHints":{"allow":["GET"]}}],"collection":[{"href":"https:\/\/dimensionturistica.com\/es\/wp-json\/wp\/v2\/posts"}],"about":[{"href":"https:\/\/dimensionturistica.com\/es\/wp-json\/wp\/v2\/types\/post"}],"author":[{"embeddable":true,"href":"https:\/\/dimensionturistica.com\/es\/wp-json\/wp\/v2\/users\/4"}],"replies":[{"embeddable":true,"href":"https:\/\/dimensionturistica.com\/es\/wp-json\/wp\/v2\/comments?post=90084"}],"version-history":[{"count":0,"href":"https:\/\/dimensionturistica.com\/es\/wp-json\/wp\/v2\/posts\/90084\/revisions"}],"wp:featuredmedia":[{"embeddable":true,"href":"https:\/\/dimensionturistica.com\/es\/wp-json\/wp\/v2\/media\/90085"}],"wp:attachment":[{"href":"https:\/\/dimensionturistica.com\/es\/wp-json\/wp\/v2\/media?parent=90084"}],"wp:term":[{"taxonomy":"category","embeddable":true,"href":"https:\/\/dimensionturistica.com\/es\/wp-json\/wp\/v2\/categories?post=90084"},{"taxonomy":"post_tag","embeddable":true,"href":"https:\/\/dimensionturistica.com\/es\/wp-json\/wp\/v2\/tags?post=90084"}],"curies":[{"name":"wp","href":"https:\/\/api.w.org\/{rel}","templated":true}]}}