{"id":90048,"date":"2021-03-03T20:02:35","date_gmt":"2021-03-03T20:02:35","guid":{"rendered":"https:\/\/dimensionturistica.com\/es\/?p=90048"},"modified":"2021-03-03T20:02:35","modified_gmt":"2021-03-03T20:02:35","slug":"semaforos-inservibles-de-oaxaca-un-factor-de-accidentes-en-avenidas-principales","status":"publish","type":"post","link":"https:\/\/dimensionturistica.com\/es\/semaforos-inservibles-de-oaxaca-un-factor-de-accidentes-en-avenidas-principales\/","title":{"rendered":"Sem\u00e1foros inservibles de Oaxaca, un factor de accidentes en avenidas principales"},"content":{"rendered":"<p> <br \/>\n<\/p>\n<div id=\"content\">\n<div class=\"\">\n                                     \t\t\t\t\t\t\t\t\t \t<!-- \/227134889\/imp_1x1_single --><\/p>\n<p><span style=\"font-weight: 400;\">Tr\u00e1nsito vehicular, choques y atropellamientos se registran diariamente en la avenida S\u00edmbolos Patrios desde Perif\u00e9rico hasta Avenida Universidad, tramo donde existen al menos cinco cruceros que se han convertido en un peligro tanto para peatones como automovilistas, por la falta de se\u00f1alizaci\u00f3n, sem\u00e1foros y cultura vehicular.<\/span><\/p>\n<p><span style=\"font-weight: 400;\">En el crucero de S\u00edmbolos Patrios y Avenida Universidad existen 10 sem\u00e1foros, de los cuales siete son automovil\u00edsticos y tres peatonales. A tres no les sirve la luz roja (alto); uno est\u00e1 destruido, y los tres destinados al peat\u00f3n no sirven, hay uno a punto de caer.<\/span><\/p>\n<p><img decoding=\"async\" loading=\"lazy\" class=\"alignnone wp-image-511935 size-full\" src=\"https:\/\/dimensionturistica.com\/es\/wp-content\/uploads\/2021\/03\/Semaforos-inservibles-de-Oaxaca-un-factor-de-accidentes-en-avenidas.jpg\" alt=\"\" width=\"1280\" height=\"640\"  \/><\/p>\n<p><span style=\"font-weight: 400;\">Lo anterior ha causado una serie de choques en todos los sentidos. La persona que piense en cruzar tiene que adivinar a qui\u00e9n le toca el paso, y si tiene suerte logra atravesar, sino termina impactando su unidad.<\/span><\/p>\n<p><span style=\"font-weight: 400;\">La falta de se\u00f1alizaci\u00f3n, as\u00ed como la distribuci\u00f3n de carriles y retornos es otro issue que genera tr\u00e1nsito e incidentes. En dicho crucero quien se quiere incorporar de S\u00edmbolos Patrios a la Av. Universidad tiene que adivinar y atinarle a que se ponga el alto en direcci\u00f3n al aeropuerto y as\u00ed poder cambiar de un carril a otro, ya que en esa calle lateral no hay quien d\u00e9 el paso. A esto se le suma la imprudencia de conductores del transporte p\u00fablico que sin respetar los l\u00edmites de velocidad en el lugar pasan sin respetar los se\u00f1alamientos que medio sirven.<\/span><\/p>\n<p><img decoding=\"async\" loading=\"lazy\" class=\"alignnone wp-image-511931 size-full\" src=\"https:\/\/dimensionturistica.com\/es\/wp-content\/uploads\/2021\/03\/1614801754_779_Semaforos-inservibles-de-Oaxaca-un-factor-de-accidentes-en-avenidas.jpg\" alt=\"\" width=\"1280\" height=\"640\"  \/><\/p>\n<p><span style=\"font-weight: 400;\">Por otra parte, en el cruce con Eulalio Guti\u00e9rrez y metros m\u00e1s adelante con la calle Puerto Manzanillo la situaci\u00f3n es related; de los siete sem\u00e1foros que hay en ambos cruces, tres no sirven y uno de ellos est\u00e1 a punto de colapsar. Vecinos han denunciado que tiene m\u00e1s de un a\u00f1o y medio que lo reportaron, pero ante la falta de atenci\u00f3n ellos colocaron anuncios que previenen a los automovilistas para que circulen con precauci\u00f3n.<\/span><\/p>\n<blockquote>\n<p><span style=\"font-weight: 400;\">\u201cAqu\u00ed son constantes las mentadas de madre entre automovilistas, quienes doblan de Eulalio Guti\u00e9rrez se tienen que esperar para que pasen los que salen de Puerto Manzanillo; sin embargo, por la corta distancia que hay entre los dos cruceros, aparte que los sem\u00e1foros no sirven, los automovilistas quedan atorados y ah\u00ed empiezan a sonar el claxon y gritarse groser\u00edas\u201d, coment\u00f3 el el\u00e9ctrico V\u00edctor, quien tiene su taller en el lugar.<\/span><\/p>\n<\/blockquote>\n<p><img decoding=\"async\" loading=\"lazy\" class=\"alignnone wp-image-511933 size-full\" src=\"https:\/\/dimensionturistica.com\/es\/wp-content\/uploads\/2021\/03\/1614801754_622_Semaforos-inservibles-de-Oaxaca-un-factor-de-accidentes-en-avenidas.jpg\" alt=\"\" width=\"1280\" height=\"640\"  \/><\/p>\n<p><span style=\"font-weight: 400;\">Tanto vecinos como los propios comerciantes del lugar han denunciado estas anomal\u00edas a las autoridades municipales, quienes se echan la bolita, los de Oaxaca de Ju\u00e1rez dicen que le corresponde a Santa Cruz Xoxocotl\u00e1n y viceversa, pero nadie atiende el problema.<\/span><\/p>\n<p><span style=\"font-weight: 400;\">Por tal motivo, desde hace m\u00e1s de un a\u00f1o se hizo una colecta para colocar peque\u00f1as lonas donde advierten a los automovilistas que tomen precauciones porque los sem\u00e1foros no sirven y al gobierno no le importa.<\/span><\/p>\n<blockquote>\n<p><span style=\"font-weight: 400;\">\u201cAlerta SEM\u00c1FORO INSERVIBLE, extrema precauciones\u2026 al gobierno no le importa\u201d, indica una de las lonas puestas en el lugar.<\/span><\/p>\n<\/blockquote>\n<p><img decoding=\"async\" loading=\"lazy\" class=\"alignnone wp-image-511934 size-full\" src=\"https:\/\/dimensionturistica.com\/es\/wp-content\/uploads\/2021\/03\/1614801754_944_Semaforos-inservibles-de-Oaxaca-un-factor-de-accidentes-en-avenidas.jpg\" alt=\"\" width=\"1280\" height=\"640\"  \/><\/p>\n<p><!-- AI CONTENT END 1 -->\n                                                                          <\/div>\n<p>\u00a0<\/p>\n<p>        <!-- \/227134889\/video_1x1 --><\/p><\/div>\n<p><script>(function(d, s, id) {\n      var js, fjs = d.getElementsByTagName(s)[0];\n      if (d.getElementById(id)) return;\n      js = d.createElement(s); js.id = id;\n      js.src = \"https:\/\/connect.facebook.net\/es_ES\/sdk.js#xfbml=1&version=v2.9&appId=130988260805150\";\n      fjs.parentNode.insertBefore(js, fjs);\n    }(document, 'script', 'facebook-jssdk'));<\/script><br \/>\n<br \/><\/p>\n<p><em> &#8221; Fuentes imparcialoaxaca.mx &#8221; <\/em><\/p>\n","protected":false},"excerpt":{"rendered":"<p>Tr\u00e1nsito vehicular, choques y atropellamientos se registran diariamente en la avenida S\u00edmbolos Patrios desde Perif\u00e9rico hasta Avenida Universidad, tramo donde existen al menos cinco cruceros que se han convertido en un peligro tanto para peatones como automovilistas, por la falta de se\u00f1alizaci\u00f3n, sem\u00e1foros y cultura vehicular. En el crucero de S\u00edmbolos Patrios y Avenida Universidad [&hellip;]<\/p>\n","protected":false},"author":4,"featured_media":90049,"comment_status":"open","ping_status":"closed","sticky":false,"template":"","format":"standard","meta":{"om_disable_all_campaigns":false,"jnews-multi-image_gallery":[],"jnews_single_post":[],"jnews_primary_category":[],"jnews_social_meta":[],"footnotes":""},"categories":[41],"tags":[],"class_list":["post-90048","post","type-post","status-publish","format-standard","has-post-thumbnail","hentry","category-cruceros"],"_links":{"self":[{"href":"https:\/\/dimensionturistica.com\/es\/wp-json\/wp\/v2\/posts\/90048","targetHints":{"allow":["GET"]}}],"collection":[{"href":"https:\/\/dimensionturistica.com\/es\/wp-json\/wp\/v2\/posts"}],"about":[{"href":"https:\/\/dimensionturistica.com\/es\/wp-json\/wp\/v2\/types\/post"}],"author":[{"embeddable":true,"href":"https:\/\/dimensionturistica.com\/es\/wp-json\/wp\/v2\/users\/4"}],"replies":[{"embeddable":true,"href":"https:\/\/dimensionturistica.com\/es\/wp-json\/wp\/v2\/comments?post=90048"}],"version-history":[{"count":0,"href":"https:\/\/dimensionturistica.com\/es\/wp-json\/wp\/v2\/posts\/90048\/revisions"}],"wp:featuredmedia":[{"embeddable":true,"href":"https:\/\/dimensionturistica.com\/es\/wp-json\/wp\/v2\/media\/90049"}],"wp:attachment":[{"href":"https:\/\/dimensionturistica.com\/es\/wp-json\/wp\/v2\/media?parent=90048"}],"wp:term":[{"taxonomy":"category","embeddable":true,"href":"https:\/\/dimensionturistica.com\/es\/wp-json\/wp\/v2\/categories?post=90048"},{"taxonomy":"post_tag","embeddable":true,"href":"https:\/\/dimensionturistica.com\/es\/wp-json\/wp\/v2\/tags?post=90048"}],"curies":[{"name":"wp","href":"https:\/\/api.w.org\/{rel}","templated":true}]}}