{"id":89962,"date":"2021-03-03T17:25:54","date_gmt":"2021-03-03T17:25:54","guid":{"rendered":"https:\/\/dimensionturistica.com\/es\/?p=89962"},"modified":"2021-03-03T17:25:54","modified_gmt":"2021-03-03T17:25:54","slug":"el-gobierno-de-castilla-la-mancha-cedera-el-crucero-superior-del-museo-de-santa-cruz-para-la-gran-exposicion-con-motivo-del-viii-centenario-del-nacimiento-de-alfonso-x-el-sabio","status":"publish","type":"post","link":"https:\/\/dimensionturistica.com\/es\/el-gobierno-de-castilla-la-mancha-cedera-el-crucero-superior-del-museo-de-santa-cruz-para-la-gran-exposicion-con-motivo-del-viii-centenario-del-nacimiento-de-alfonso-x-el-sabio\/","title":{"rendered":"El Gobierno de Castilla-La Mancha ceder\u00e1 el crucero superior del Museo de Santa Cruz para la gran exposici\u00f3n con motivo del VIII centenario del nacimiento de Alfonso X El Sabio"},"content":{"rendered":"<p> <br \/>\n<\/p>\n<div>\n<div class=\"code-block code-block-4\" style=\"margin: 8px auto; text-align: center; display: block; clear: both;\">\n<div class=\"paszone_container paszone-container-182997   \" id=\"paszonecont_182997\" style=\"overflow:hidden;  text-align:center;  \">\n<div class=\"wppaszone paszone-182997 \" id=\"182997\" style=\"overflow:hidden;  width:100%; height:auto;  text-align:center; \">\n<div class=\"wppasrotate   paszoneholder-182997\" style=\"\">\n<div class=\"pasli pasli-168174 \" data-duration=\"5000\" bid=\"168174\" aid=\"182997\"><a rel=\"nofollow noopener\" target=\"_blank\" class=\"wppaslink\" href=\"https:\/\/www.eldigitaldealbacete.com?pasID=MTY4MTc0&amp;pasZONE=MTgyOTk3\"><img decoding=\"async\" src=\"https:\/\/dimensionturistica.com\/es\/wp-content\/uploads\/2021\/03\/El-Gobierno-de-Castilla-La-Mancha-cedera-el-crucero-superior-del.gif\" alt=\"TOyota\" border=\"0\"\/><\/a><\/div>\n<\/div>\n<\/div>\n<\/div>\n<\/div>\n<p style=\"text-align: justify;\"><em>\/El Digital de Albacete\/<\/em><\/p>\n<p style=\"text-align: justify;\"><strong>El Gobierno de Castilla-La Mancha va a ceder el crucero superior del Museo de Santa Cruz de Toledo para que pueda albergar la gran exposici\u00f3n que se est\u00e1 preparando con motivo del VIII Centenario del nacimiento de Alfonso X El Sabio. <\/strong><\/p>\n<p style=\"text-align: justify;\">As\u00ed se lo ha comunicado hoy la viceconsejera de Cultura y Deportes, Ana Mu\u00f1oz, al concejal de Cultura y Educaci\u00f3n del Ayuntamiento toledano, Teo Garc\u00eda, en una reuni\u00f3n mantenida en las dependencias de la Consejer\u00eda de Educaci\u00f3n, Cultura y Deportes.<\/p>\n<p style=\"text-align: justify;\">Mu\u00f1oz ha se\u00f1alado que para formalizar esta cesi\u00f3n se firmar\u00e1 un convenio con el consistorio toledano y ha puesto en valor la colaboraci\u00f3n existente entre ambas instituciones para celebrar esta efem\u00e9ride cultural en la capital regional.<\/p>\n<p><!-- AI CONTENT END 1 --><\/p>\n<div class=\"e3lan-post\">\n<div class=\"paszone_container paszone-container-185539   \" id=\"paszonecont_185539\" style=\"overflow:hidden;  text-align:center;  \">\n<div class=\"wppaszone paszone-185539 \" id=\"185539\" style=\"overflow:hidden;  width:100%; height:auto;  text-align:center; \">\n<div class=\"wppasrotate   paszoneholder-185539\" style=\"\">\n<div class=\"pasli pasli-185540 \" data-duration=\"5000\" bid=\"185540\" aid=\"185539\"><a rel=\"nofollow noopener\" target=\"_blank\" class=\"wppaslink\" href=\"https:\/\/funerariazafrilla.com\/\"><img decoding=\"async\" src=\"https:\/\/dimensionturistica.com\/es\/wp-content\/uploads\/2021\/03\/El-Gobierno-de-Castilla-La-Mancha-cedera-el-crucero-superior-del.jpg\" alt=\"Mapfre\" border=\"0\"\/><\/a><\/div>\n<\/div>\n<\/div>\n<\/div><\/div><\/div>\n<p><script>\n!function(f,b,e,v,n,t,s){if(f.fbq)return;n=f.fbq=function(){n.callMethod?\nn.callMethod.apply(n,arguments):n.queue.push(arguments)};if(!f._fbq)f._fbq=n;\nn.push=n;n.loaded=!0;n.version='2.0';n.queue=[];t=b.createElement(e);t.async=!0;\nt.src=v;s=b.getElementsByTagName(e)[0];s.parentNode.insertBefore(t,s)}(window,\ndocument,'script','https:\/\/connect.facebook.net\/en_US\/fbevents.js');\nfbq('init', '756820097755888');\nfbq('track', \"PageView\");<\/script><script>\n\twindow.___gcfg = {lang: 'en-US'};\n\t(function(w, d, s) {\n\t  function go(){\n\t\tvar js, fjs = d.getElementsByTagName(s)[0], load = function(url, id) {\n\t\t  if (d.getElementById(id)) {return;}\n\t\t  js = d.createElement(s); js.src = url; js.id = id;\n\t\t  fjs.parentNode.insertBefore(js, fjs);\n\t\t};\n\t\tload('\/\/connect.facebook.net\/en\/all.js#xfbml=1', 'fbjssdk');\n\t\tload('https:\/\/apis.google.com\/js\/plusone.js', 'gplus1js');\n\t\tload('\/\/platform.twitter.com\/widgets.js', 'tweetjs');\n\t  }\n\t  if (w.addEventListener) { w.addEventListener(\"load\", go, false); }\n\t  else if (w.attachEvent) { w.attachEvent(\"onload\",go); }\n\t}(window, document, 'script'));\n\t<\/script><br \/>\n<br \/><\/p>\n<p><em> &#8221; Fuentes www.eldigitaldealbacete.com &#8221; <\/em><\/p>\n","protected":false},"excerpt":{"rendered":"<p>\/El Digital de Albacete\/ El Gobierno de Castilla-La Mancha va a ceder el crucero superior del Museo de Santa Cruz de Toledo para que pueda albergar la gran exposici\u00f3n que se est\u00e1 preparando con motivo del VIII Centenario del nacimiento de Alfonso X El Sabio. As\u00ed se lo ha comunicado hoy la viceconsejera de Cultura [&hellip;]<\/p>\n","protected":false},"author":4,"featured_media":89963,"comment_status":"open","ping_status":"closed","sticky":false,"template":"","format":"standard","meta":{"om_disable_all_campaigns":false,"jnews-multi-image_gallery":[],"jnews_single_post":[],"jnews_primary_category":[],"jnews_social_meta":[],"footnotes":""},"categories":[41],"tags":[],"class_list":["post-89962","post","type-post","status-publish","format-standard","has-post-thumbnail","hentry","category-cruceros"],"_links":{"self":[{"href":"https:\/\/dimensionturistica.com\/es\/wp-json\/wp\/v2\/posts\/89962","targetHints":{"allow":["GET"]}}],"collection":[{"href":"https:\/\/dimensionturistica.com\/es\/wp-json\/wp\/v2\/posts"}],"about":[{"href":"https:\/\/dimensionturistica.com\/es\/wp-json\/wp\/v2\/types\/post"}],"author":[{"embeddable":true,"href":"https:\/\/dimensionturistica.com\/es\/wp-json\/wp\/v2\/users\/4"}],"replies":[{"embeddable":true,"href":"https:\/\/dimensionturistica.com\/es\/wp-json\/wp\/v2\/comments?post=89962"}],"version-history":[{"count":0,"href":"https:\/\/dimensionturistica.com\/es\/wp-json\/wp\/v2\/posts\/89962\/revisions"}],"wp:featuredmedia":[{"embeddable":true,"href":"https:\/\/dimensionturistica.com\/es\/wp-json\/wp\/v2\/media\/89963"}],"wp:attachment":[{"href":"https:\/\/dimensionturistica.com\/es\/wp-json\/wp\/v2\/media?parent=89962"}],"wp:term":[{"taxonomy":"category","embeddable":true,"href":"https:\/\/dimensionturistica.com\/es\/wp-json\/wp\/v2\/categories?post=89962"},{"taxonomy":"post_tag","embeddable":true,"href":"https:\/\/dimensionturistica.com\/es\/wp-json\/wp\/v2\/tags?post=89962"}],"curies":[{"name":"wp","href":"https:\/\/api.w.org\/{rel}","templated":true}]}}