{"id":899487,"date":"2025-01-01T04:41:16","date_gmt":"2025-01-01T04:41:16","guid":{"rendered":"https:\/\/dimensionturistica.com\/es\/?p=899487"},"modified":"2025-01-01T04:41:16","modified_gmt":"2025-01-01T04:41:16","slug":"bienestar-exploraciones-y-la-influencia-del-opus-dei","status":"publish","type":"post","link":"https:\/\/dimensionturistica.com\/es\/bienestar-exploraciones-y-la-influencia-del-opus-dei\/","title":{"rendered":"Bienestar, exploraciones y la influencia del Opus Dei"},"content":{"rendered":"<p><strong>El Viaje de Fe: La Salud y los Viajes del Papa Francisco<\/strong><\/p>\n<p>El Papa Francisco, l\u00edder de la Iglesia Cat\u00f3lica y figura emblem\u00e1tica del cristianismo moderno, ha estado en el foco no solo por sus mensajes de paz y reconciliaci\u00f3n, sino tambi\u00e9n por su intrigante relaci\u00f3n con los viajes. Estos desplazamientos han sido parte fundamental de su ministerio, acerc\u00e1ndolo a millones de fieles alrededor del mundo. Sin embargo, la salud del Pont\u00edfice ha suscitado un creciente inter\u00e9s, tanto por el impacto que tiene en su labor pastoral como por las implicaciones que tiene para la comunidad cat\u00f3lica global.<\/p>\n<p>Desde su elecci\u00f3n en 2013, Francisco ha viajado a m\u00e1s de 50 pa\u00edses, siempre con el objetivo de predicar y promover la solidaridad. Su estilo \u00fanico y accesible ha hecho que los encuentros con pueblos de distintas culturas y contextos sean inolvidables. Sin embargo, los problemas de salud que ha enfrentado en los \u00faltimos a\u00f1os han suscitado preocupaci\u00f3n entre los seguidores y l\u00edderes religiosos por igual. A medida que su cuerpo ha ido acusando el paso del tiempo \u2014sumando episodios de hospitalizaci\u00f3n y operaciones\u2014, la pregunta sobre la continuidad de su agenda internacional se hace cada vez m\u00e1s presente.<\/p>\n<p>A pesar de los desaf\u00edos f\u00edsicos, el Papa ha demostrado una notable resiliencia. Sus viajes no solo son ventanas abiertas al mundo, sino que tambi\u00e9n representan oportunidades para fomentar un di\u00e1logo global sobre temas cruciales como la paz, el medio ambiente y la justicia social. En cada pa\u00eds que visita, deja un legado que va m\u00e1s all\u00e1 de su presencia f\u00edsica; cada mensaje y cada encuentro se convierten en herramientas para la reflexi\u00f3n y el cambio social.<\/p>\n<p>El Vaticano ha mostrado una adaptaci\u00f3n ante la situaci\u00f3n de salud del Papa. Las visitas y compromisos se planifican con antelaci\u00f3n, buscando un equilibrio entre su vital labor y la necesidad de cuidar su bienestar. Esto ha llevado a replantear algunas actividades, priorizando la calidad sobre la cantidad en sus apariciones internacionales, lo que tambi\u00e9n permite un acercamiento m\u00e1s humano y real a las problem\u00e1ticas que enfrenta el mundo actual.<\/p>\n<p>Interesantemente, estos retos de salud tambi\u00e9n han convertido al Papa en un s\u00edmbolo de empat\u00eda y vulnerabilidad. Muchos lo ven como un reflejo de la condici\u00f3n humana, en la que todos enfrentamos limitaciones y adversidades. Esta conexi\u00f3n hace que su figura sea a\u00fan m\u00e1s poderosa, ya que demuestra que la espiritualidad no est\u00e1 exenta de debilidades, sino que se fortalece a trav\u00e9s de ellas.<\/p>\n<p>Los pr\u00f3ximos destinos del Papa, programados dentro de su itinerario, no solo prometen ser una continuidad de su misi\u00f3n, sino que nos invitan a reflexionar sobre la naturaleza del viaje en s\u00ed. Cada paso en un pa\u00eds lejano se convierte en un puente de comprensi\u00f3n y unidad entre culturas, un recordatorio de que la fe no tiene fronteras y que el amor y la esperanza pueden superar cualquier obst\u00e1culo.<\/p>\n<p>Como viajeros o como simples observadores de su ministerio, todos tenemos algo que aprender del Papa Francisco: la importancia de abrazar el cambio, adaptarnos a las circunstancias y nunca perder de vista la misi\u00f3n que tenemos hacia los dem\u00e1s. En un mundo que convive con desaf\u00edos diarios, su ejemplo de perseverancia es un faro que ilumina el camino hacia un futuro m\u00e1s esperanzador. As\u00ed que, si la salud se lo permite, esperaremos con ansias esos pr\u00f3ximos viajes, seguros de que seguir\u00e1 ofreciendo su mensaje vital en cada rinc\u00f3n del planeta.<\/p>\n<p><em> &#8221; Sources www.moncloa.com &#8221; <\/em><\/p>\n<p><em> &#8221; Fuentes www.moncloa.com &#8221; <\/em><\/p>\n","protected":false},"excerpt":{"rendered":"<p>El Viaje de Fe: La Salud y los Viajes del Papa Francisco El Papa Francisco, l\u00edder de la Iglesia Cat\u00f3lica y figura emblem\u00e1tica del cristianismo moderno, ha estado en el foco no solo por sus mensajes de paz y reconciliaci\u00f3n, sino tambi\u00e9n por su intrigante relaci\u00f3n con los viajes. Estos desplazamientos han sido parte fundamental [&hellip;]<\/p>\n","protected":false},"author":4,"featured_media":899488,"comment_status":"open","ping_status":"closed","sticky":false,"template":"","format":"standard","meta":{"om_disable_all_campaigns":false,"jnews-multi-image_gallery":[],"jnews_single_post":[],"jnews_primary_category":[],"jnews_social_meta":[],"footnotes":""},"categories":[39],"tags":[200519,649,545],"class_list":["post-899487","post","type-post","status-publish","format-standard","has-post-thumbnail","hentry","category-viajes","tag-opus-dei","tag-salud","tag-viajes"],"_links":{"self":[{"href":"https:\/\/dimensionturistica.com\/es\/wp-json\/wp\/v2\/posts\/899487","targetHints":{"allow":["GET"]}}],"collection":[{"href":"https:\/\/dimensionturistica.com\/es\/wp-json\/wp\/v2\/posts"}],"about":[{"href":"https:\/\/dimensionturistica.com\/es\/wp-json\/wp\/v2\/types\/post"}],"author":[{"embeddable":true,"href":"https:\/\/dimensionturistica.com\/es\/wp-json\/wp\/v2\/users\/4"}],"replies":[{"embeddable":true,"href":"https:\/\/dimensionturistica.com\/es\/wp-json\/wp\/v2\/comments?post=899487"}],"version-history":[{"count":0,"href":"https:\/\/dimensionturistica.com\/es\/wp-json\/wp\/v2\/posts\/899487\/revisions"}],"wp:featuredmedia":[{"embeddable":true,"href":"https:\/\/dimensionturistica.com\/es\/wp-json\/wp\/v2\/media\/899488"}],"wp:attachment":[{"href":"https:\/\/dimensionturistica.com\/es\/wp-json\/wp\/v2\/media?parent=899487"}],"wp:term":[{"taxonomy":"category","embeddable":true,"href":"https:\/\/dimensionturistica.com\/es\/wp-json\/wp\/v2\/categories?post=899487"},{"taxonomy":"post_tag","embeddable":true,"href":"https:\/\/dimensionturistica.com\/es\/wp-json\/wp\/v2\/tags?post=899487"}],"curies":[{"name":"wp","href":"https:\/\/api.w.org\/{rel}","templated":true}]}}