{"id":899450,"date":"2025-01-01T02:55:10","date_gmt":"2025-01-01T02:55:10","guid":{"rendered":"https:\/\/dimensionturistica.com\/es\/?p=899450"},"modified":"2025-01-01T02:55:10","modified_gmt":"2025-01-01T02:55:10","slug":"cortes-de-cabello-de-moda-para-la-temporada-primavera-verano-2025-adaptados-a-la-forma-de-tu-rostro","status":"publish","type":"post","link":"https:\/\/dimensionturistica.com\/es\/cortes-de-cabello-de-moda-para-la-temporada-primavera-verano-2025-adaptados-a-la-forma-de-tu-rostro\/","title":{"rendered":"Cortes de cabello de moda para la temporada Primavera-Verano 2025, adaptados a la forma de tu rostro."},"content":{"rendered":"<h3>Tendencias de Corte de Cabello para las Temporadas de Primavera-Verano 2025<\/h3>\n<p>Cuando se trata de renovaci\u00f3n y estilo, el cabello juega un papel fundamental en la transformaci\u00f3n de nuestra imagen personal. Con la llegada de la primavera y el verano de 2025, las tendencias en cortes de cabello prometen ser una mezcla emocionante de audacia y sofisticaci\u00f3n. Este es el momento perfecto para considerar un cambio que te haga sentir fresca y en\u00e9rgica.<\/p>\n<h4>Los Cortes que Marcar\u00e1n la Temporada<\/h4>\n<p>Una de las tendencias m\u00e1s destacadas es el retorno al corte bob, que se reinventa una vez m\u00e1s, pero esta vez con un toque asim\u00e9trico. Este estilo es ideal para quienes buscan un look moderno y vers\u00e1til, que se puede adaptar f\u00e1cilmente para diferentes ocasiones, desde una salida casual hasta un evento formal. Adem\u00e1s, su mantenimiento es relativamente bajo, lo que lo convierte en una opci\u00f3n pr\u00e1ctica.<\/p>\n<p>El shaggy cut, o corte en capas, tambi\u00e9n se presenta como una opci\u00f3n popular. Este corte aporta textura y movimiento al cabello, permitiendo un acabado desenfadado que es perfecto para el clima c\u00e1lido. La clave est\u00e1 en la desestructuraci\u00f3n, lo que permite mantener un aire juvenil y creativo sin mucho esfuerzo.<\/p>\n<h4>Los Colores que Complementan<\/h4>\n<p>Junto con los cortes, los colores tambi\u00e9n juegan un papel crucial en la temporada. Las tonalidades c\u00e1lidas y los reflejos dorados estar\u00e1n a la orden del d\u00eda, evocando el brillo del sol y la alegr\u00eda del verano. Los matices de caramelo y miel ofrecen un acabado luminoso, mientras que los colores m\u00e1s atrevidos, como el cobre o el borgo\u00f1a, prometen resaltar en cualquier multitud.<\/p>\n<p>Para quienes desean una opci\u00f3n m\u00e1s sutil, los colores pasteles se mantendr\u00e1n presentes. Las piezas de lavanda, azul suave o rosa empolvado aportan un aire rom\u00e1ntico y fresco que contrasta maravillosamente con el calor del verano.<\/p>\n<h4>Estilos que Inspirar\u00e1n tu Creatividad<\/h4>\n<p>M\u00e1s all\u00e1 de los cortes y colores, los estilos de peinado propuestos para esta temporada invitan a la experimentaci\u00f3n. Desde trenzas boho hasta mo\u00f1os deshechos, las opciones son infinitas para expresar tu personalidad. Los accesorios, como diademas y broches, se convierten en aliados indispensables para dar un toque final a cualquier look.<\/p>\n<p>El regreso de las coletas altas y bajas tambi\u00e9n se consolida como una tendencia, aportando comodidad y estilo al mismo tiempo. Un simple peinado puede transformarse en el centro de atenci\u00f3n con un giro creativo. <\/p>\n<h4>Conclusi\u00f3n<\/h4>\n<p>Con cada nueva estaci\u00f3n, llega la oportunidad de reinventarse, y la primavera-verano de 2025 no ser\u00e1 la excepci\u00f3n. Esta temporada invita a abrazar la individualidad y experimentar con diferentes estilos y colores, record\u00e1ndonos que el cabello es una extensi\u00f3n de nuestra personalidad. As\u00ed que, si est\u00e1s pensando en un cambio, no temas dar el paso. \u00a1El momento de brillar es ahora!<\/p>\n<p><em> &#8221; Sources www.vogue.mx &#8221; <\/em><\/p>\n<p><em> &#8221; Fuentes www.vogue.mx &#8221; <\/em><\/p>\n","protected":false},"excerpt":{"rendered":"<p>Tendencias de Corte de Cabello para las Temporadas de Primavera-Verano 2025 Cuando se trata de renovaci\u00f3n y estilo, el cabello juega un papel fundamental en la transformaci\u00f3n de nuestra imagen personal. Con la llegada de la primavera y el verano de 2025, las tendencias en cortes de cabello prometen ser una mezcla emocionante de audacia [&hellip;]<\/p>\n","protected":false},"author":4,"featured_media":899453,"comment_status":"open","ping_status":"closed","sticky":false,"template":"","format":"standard","meta":{"om_disable_all_campaigns":false,"jnews-multi-image_gallery":[],"jnews_single_post":[],"jnews_primary_category":[],"jnews_social_meta":[],"footnotes":""},"categories":[144872],"tags":[3381,200508,200510,659,3379,200334,2182,200509],"class_list":["post-899450","post","type-post","status-publish","format-standard","has-post-thumbnail","hentry","category-fashion","tag-belleza","tag-cortes-de-cabello","tag-estilo-personal","tag-moda","tag-peluqueria","tag-primavera-verano-2025","tag-tendencias","tag-tipo-de-rostro"],"_links":{"self":[{"href":"https:\/\/dimensionturistica.com\/es\/wp-json\/wp\/v2\/posts\/899450","targetHints":{"allow":["GET"]}}],"collection":[{"href":"https:\/\/dimensionturistica.com\/es\/wp-json\/wp\/v2\/posts"}],"about":[{"href":"https:\/\/dimensionturistica.com\/es\/wp-json\/wp\/v2\/types\/post"}],"author":[{"embeddable":true,"href":"https:\/\/dimensionturistica.com\/es\/wp-json\/wp\/v2\/users\/4"}],"replies":[{"embeddable":true,"href":"https:\/\/dimensionturistica.com\/es\/wp-json\/wp\/v2\/comments?post=899450"}],"version-history":[{"count":0,"href":"https:\/\/dimensionturistica.com\/es\/wp-json\/wp\/v2\/posts\/899450\/revisions"}],"wp:featuredmedia":[{"embeddable":true,"href":"https:\/\/dimensionturistica.com\/es\/wp-json\/wp\/v2\/media\/899453"}],"wp:attachment":[{"href":"https:\/\/dimensionturistica.com\/es\/wp-json\/wp\/v2\/media?parent=899450"}],"wp:term":[{"taxonomy":"category","embeddable":true,"href":"https:\/\/dimensionturistica.com\/es\/wp-json\/wp\/v2\/categories?post=899450"},{"taxonomy":"post_tag","embeddable":true,"href":"https:\/\/dimensionturistica.com\/es\/wp-json\/wp\/v2\/tags?post=899450"}],"curies":[{"name":"wp","href":"https:\/\/api.w.org\/{rel}","templated":true}]}}