{"id":899140,"date":"2024-12-31T17:16:36","date_gmt":"2024-12-31T17:16:36","guid":{"rendered":"https:\/\/dimensionturistica.com\/es\/?p=899140"},"modified":"2024-12-31T17:16:36","modified_gmt":"2024-12-31T17:16:36","slug":"resolucion-de-estilo-este-ano-me-visto-con-faldas-cortas","status":"publish","type":"post","link":"https:\/\/dimensionturistica.com\/es\/resolucion-de-estilo-este-ano-me-visto-con-faldas-cortas\/","title":{"rendered":"Resoluci\u00f3n de Estilo: Este A\u00f1o Me Visto con Faldas Cortas"},"content":{"rendered":"<h3>Redescubriendo la elegancia de las minifaldas: un viaje a trav\u00e9s del estilo y la moda<\/h3>\n<p>En el vibrante mundo del turismo, la moda juega un papel esencial en c\u00f3mo experimentamos y nos conectamos con los lugares que visitamos. Uno de los elementos que ha resurgido en las pasarelas y el armario cotidiano es la minifalda, una prenda que evoca nostalgia y modernidad a la vez. <\/p>\n<p>La minifalda, que se populariz\u00f3 en los a\u00f1os 60, se ha reimaginado y adaptado a lo largo de las d\u00e9cadas, manteniendo su lugar en el coraz\u00f3n de la moda contempor\u00e1nea. Hoy, queremos proponer que esta prenda no solo es un s\u00edmbolo de estilo, sino que puede convertirse en un aliado perfecto para tus aventuras tur\u00edsticas. <\/p>\n<p>Imagina caminar por las calles adoquinadas de Par\u00eds, sintiendo la brisa suave en las piernas mientras exploras los emblem\u00e1ticos caf\u00e9s y boutiques. La minifalda ofrece una combinaci\u00f3n \u00fanica de comodidad y sofisticaci\u00f3n que la convierte en una opci\u00f3n ideal para quienes desean verse elegantes sin sacrificar la practicidad. Combinada con una blusa ligera y unos zapatos c\u00f3modos, se convierte en un atuendo vers\u00e1til para una jornada de exploraci\u00f3n.<\/p>\n<p>Uno de los encantos de la minifalda es su capacidad de adaptarse a diferentes climas y culturas. En lugares calurosos, una minifalda de algod\u00f3n puede ser tu mejor amiga, permitiendo que tu piel respire y d\u00e1ndote la libertad de moverte con facilidad. Mientras que en destinos m\u00e1s fr\u00edos, puedes optar por una versi\u00f3n de lana con medias gruesas, creando un look chic y acogedor.<\/p>\n<p>A medida que recorres el mundo, cada destino te inspira a experimentar con tu estilo personal. Encuentra en cada ciudad su propia interpretaci\u00f3n de la minifalda. En Londres, las minifaldas de cuadros se mezclan con botas altas, mientras que en Tokio, los estampados y capas son protagonistas. Cada rinc\u00f3n te ofrece nuevas formas de celebrar la moda, invit\u00e1ndote a reinventarte con cada paso.<\/p>\n<p>Adem\u00e1s, la minifalda tiene el poder de evocar confianza. Al usar esta ic\u00f3nica prenda, no solo te sientes elegante, sino que tambi\u00e9n abrazas un esp\u00edritu de libertad y autoexpresi\u00f3n. Cada vez que te mires en el espejo antes de salir, recordar\u00e1s que est\u00e1s lista para enfrentarte al mundo, un detalle que puede transformar cualquier viaje en una experiencia a\u00fan m\u00e1s enriquecedora.<\/p>\n<p>Explorar un nuevo destino vestido con una minifalda puede abrir las puertas a conversaciones inesperadas y encuentros memorables. Ya sea en un mercado local o en un festival cultural, el estilo se convierte en un puente que te conecta con los dem\u00e1s. La moda trasciende las palabras y te permite comunicarte de una manera \u00fanica, estableciendo lazos con personas de diferentes or\u00edgenes y perspectivas.<\/p>\n<p>En conclusi\u00f3n, la minifalda no es solo una prenda; es una declaraci\u00f3n de intenciones. Es una forma de arte que se ejecuta en la pasarela de tu vida, un medio para descubrir la belleza en la diversidad cultural del mundo. As\u00ed que, al planear tu pr\u00f3ximo viaje, no olvides incluir en tu maleta una minifalda que te acompa\u00f1e. No solo te vestir\u00e1s con estilo, sino que tambi\u00e9n llevar\u00e1s contigo la elegancia, la innovaci\u00f3n y el esp\u00edritu libre que esta emblem\u00e1tica prenda representa. \u00a1Prep\u00e1rate para conquistar el mundo, un estilo a la vez!<\/p>\n<p><em> &#8221; Sources www.vogue.com &#8221; <\/em><\/p>\n<p><em> &#8221; Fuentes www.vogue.com &#8221; <\/em><\/p>\n","protected":false},"excerpt":{"rendered":"<p>Redescubriendo la elegancia de las minifaldas: un viaje a trav\u00e9s del estilo y la moda En el vibrante mundo del turismo, la moda juega un papel esencial en c\u00f3mo experimentamos y nos conectamos con los lugares que visitamos. Uno de los elementos que ha resurgido en las pasarelas y el armario cotidiano es la minifalda, [&hellip;]<\/p>\n","protected":false},"author":4,"featured_media":899141,"comment_status":"open","ping_status":"closed","sticky":false,"template":"","format":"standard","meta":{"om_disable_all_campaigns":false,"jnews-multi-image_gallery":[],"jnews_single_post":[],"jnews_primary_category":[],"jnews_social_meta":[],"footnotes":""},"categories":[144872],"tags":[198537,198594,198535,116944,166,200345,200344,202,46066,372,200346,198500,6194,50356,198615,373],"class_list":["post-899140","post","type-post","status-publish","format-standard","has-post-thumbnail","hentry","category-fashion","tag-_commerce","tag-_sensitivecontent","tag-_syndication_noshow","tag-editors-picks","tag-fashion","tag-fashion-resolution","tag-mini-skirts","tag-shopping","tag-street-style","tag-style","tag-summer-fashion","tag-textabovecenterfullbleed","tag-trends","tag-vogue","tag-wardrobe","tag-web"],"_links":{"self":[{"href":"https:\/\/dimensionturistica.com\/es\/wp-json\/wp\/v2\/posts\/899140","targetHints":{"allow":["GET"]}}],"collection":[{"href":"https:\/\/dimensionturistica.com\/es\/wp-json\/wp\/v2\/posts"}],"about":[{"href":"https:\/\/dimensionturistica.com\/es\/wp-json\/wp\/v2\/types\/post"}],"author":[{"embeddable":true,"href":"https:\/\/dimensionturistica.com\/es\/wp-json\/wp\/v2\/users\/4"}],"replies":[{"embeddable":true,"href":"https:\/\/dimensionturistica.com\/es\/wp-json\/wp\/v2\/comments?post=899140"}],"version-history":[{"count":0,"href":"https:\/\/dimensionturistica.com\/es\/wp-json\/wp\/v2\/posts\/899140\/revisions"}],"wp:featuredmedia":[{"embeddable":true,"href":"https:\/\/dimensionturistica.com\/es\/wp-json\/wp\/v2\/media\/899141"}],"wp:attachment":[{"href":"https:\/\/dimensionturistica.com\/es\/wp-json\/wp\/v2\/media?parent=899140"}],"wp:term":[{"taxonomy":"category","embeddable":true,"href":"https:\/\/dimensionturistica.com\/es\/wp-json\/wp\/v2\/categories?post=899140"},{"taxonomy":"post_tag","embeddable":true,"href":"https:\/\/dimensionturistica.com\/es\/wp-json\/wp\/v2\/tags?post=899140"}],"curies":[{"name":"wp","href":"https:\/\/api.w.org\/{rel}","templated":true}]}}