{"id":89886,"date":"2021-03-03T15:18:59","date_gmt":"2021-03-03T15:18:59","guid":{"rendered":"https:\/\/dimensionturistica.com\/es\/?p=89886"},"modified":"2021-03-03T15:18:59","modified_gmt":"2021-03-03T15:18:59","slug":"el-hyundai-i20-n-line-ya-esta-a-la-venta-en-espana","status":"publish","type":"post","link":"https:\/\/dimensionturistica.com\/es\/el-hyundai-i20-n-line-ya-esta-a-la-venta-en-espana\/","title":{"rendered":"El Hyundai i20 N-Line ya est\u00e1 a la venta en Espa\u00f1a"},"content":{"rendered":"<p> <br \/>\n<\/p>\n<div>\n<p><strong>El nuevo <a rel=\"nofollow noopener\" target=\"_blank\" title=\"Hyundai\" href=\"https:\/\/www.autonocion.com\/coches-nuevos\/hyundai\/\">Hyundai<\/a> i20 recibe en estos d\u00edas para el mercado espa\u00f1ol el interesante y llamativo nivel de terminaci\u00f3n N-Line<\/strong> que destaca por su aspecto deportivo y una dotaci\u00f3n muy completa. La parte negativa es que inicialmente solo se puede asociar a una \u00fanica mec\u00e1nica.<\/p>\n<p>Los interesados en el <strong>i20 N-Line deber\u00e1n elegir obligatoriamente el motor 1.0 TGDI con 100 CV<\/strong> y sistema de hibridaci\u00f3n ligera que le otorga la etiqueta ambiental ECO de la Direcci\u00f3n Normal de Tr\u00e1fico. Es un motor que responde bien y no gasta mucho pero dado el aspecto tan din\u00e1mico del i20 habr\u00eda estado bien lanzarlo con el 120 CV, al menos como alternativa adicional.<\/p>\n<p><a rel=\"nofollow noopener\" target=\"_blank\" href=\"https:\/\/www.autonocion.com\/nuevo-hyundai-i20-n-line\/hyundai-i20-nline4\/\"><img decoding=\"async\" class=\"alignnone size-full wp-image-478146\" src=\"data:image\/svg+xml,%3Csvg%20xmlns=\" http:=\"\" alt=\"\" width=\"1700\" height=\"907\" data-lazy- data-lazy- data-lazy-src=\"https:\/\/dimensionturistica.com\/es\/wp-content\/uploads\/2021\/03\/El-Hyundai-i20-N-Line-ya-esta-a-la-venta-en.jpg\"\/><noscript><img decoding=\"async\" class=\"alignnone size-full wp-image-478146\" src=\"https:\/\/dimensionturistica.com\/es\/wp-content\/uploads\/2021\/03\/El-Hyundai-i20-N-Line-ya-esta-a-la-venta-en.jpg\" alt=\"\" width=\"1700\" height=\"907\"  \/><\/noscript><\/a><\/p>\n<p>La dotaci\u00f3n de serie es muy completa. A destacar los <strong>faros LED, management de crucero con limitador, selector de modos de conducci\u00f3n, aviso pre-colisi\u00f3n<\/strong>, alerta de cambio de carril, lector de se\u00f1ales de tr\u00e1fico, sensor de aparcamiento trasero, instrumentaci\u00f3n digital y sensor de lluvia.<\/p>\n<p>Tambi\u00e9n de serie son el<strong> detector de fatiga y peatones, llantas de aleaci\u00f3n ligera, paquete deportivo exterior<\/strong>, management de objetos en \u00e1ngulo muerto y en maniobras de marcha atr\u00e1s, encendido autom\u00e1tico de luces, cristales tintados, acceso sin llave, arranque por bot\u00f3n, faros antiniebla, and so forth.<\/p>\n<p><a rel=\"nofollow noopener\" target=\"_blank\" href=\"https:\/\/www.autonocion.com\/nuevo-hyundai-i20-n-line\/hyundai-i20-nline1\/\"><img decoding=\"async\" class=\"alignnone size-full wp-image-478143\" src=\"data:image\/svg+xml,%3Csvg%20xmlns=\" http:=\"\" alt=\"\" width=\"1700\" height=\"1133\" data-lazy- data-lazy- data-lazy-src=\"https:\/\/dimensionturistica.com\/es\/wp-content\/uploads\/2021\/03\/1614784737_577_El-Hyundai-i20-N-Line-ya-esta-a-la-venta-en.jpg\"\/><noscript><img decoding=\"async\" class=\"alignnone size-full wp-image-478143\" src=\"https:\/\/dimensionturistica.com\/es\/wp-content\/uploads\/2021\/03\/1614784737_577_El-Hyundai-i20-N-Line-ya-esta-a-la-venta-en.jpg\" alt=\"\" width=\"1700\" height=\"1133\"  \/><\/noscript><\/a><\/p>\n<p>El sistema multimedia posee <strong>pantalla t\u00e1ctil de 8 pulgadas appropriate con Apple CarPlay, Android Auto<\/strong> y Mirror Hyperlink, bluetooth, USB, management por voz, radio DAB+, llamada de emergencia eCall, cargador de m\u00f3vil sin cables, seis altavoces y acceso a aplicaciones.<\/p>\n<p><strong>El precio recomendado sin descuentos ni promociones queda de la siguiente manera:<\/strong><\/p>\n<ul>\n<li>1.0 TGDI 48v 100 CV 6MT N-Line 23.965 \u20ac<\/li>\n<\/ul>\n<\/div>\n\n<p><em> &#8221; Fuentes www.autonocion.com &#8221; <\/em><\/p>\n","protected":false},"excerpt":{"rendered":"<p>El nuevo Hyundai i20 recibe en estos d\u00edas para el mercado espa\u00f1ol el interesante y llamativo nivel de terminaci\u00f3n N-Line que destaca por su aspecto deportivo y una dotaci\u00f3n muy completa. La parte negativa es que inicialmente solo se puede asociar a una \u00fanica mec\u00e1nica. Los interesados en el i20 N-Line deber\u00e1n elegir obligatoriamente el [&hellip;]<\/p>\n","protected":false},"author":4,"featured_media":89887,"comment_status":"open","ping_status":"closed","sticky":false,"template":"","format":"standard","meta":{"om_disable_all_campaigns":false,"jnews-multi-image_gallery":[],"jnews_single_post":[],"jnews_primary_category":[],"jnews_social_meta":[],"footnotes":""},"categories":[41],"tags":[],"class_list":["post-89886","post","type-post","status-publish","format-standard","has-post-thumbnail","hentry","category-cruceros"],"_links":{"self":[{"href":"https:\/\/dimensionturistica.com\/es\/wp-json\/wp\/v2\/posts\/89886","targetHints":{"allow":["GET"]}}],"collection":[{"href":"https:\/\/dimensionturistica.com\/es\/wp-json\/wp\/v2\/posts"}],"about":[{"href":"https:\/\/dimensionturistica.com\/es\/wp-json\/wp\/v2\/types\/post"}],"author":[{"embeddable":true,"href":"https:\/\/dimensionturistica.com\/es\/wp-json\/wp\/v2\/users\/4"}],"replies":[{"embeddable":true,"href":"https:\/\/dimensionturistica.com\/es\/wp-json\/wp\/v2\/comments?post=89886"}],"version-history":[{"count":0,"href":"https:\/\/dimensionturistica.com\/es\/wp-json\/wp\/v2\/posts\/89886\/revisions"}],"wp:featuredmedia":[{"embeddable":true,"href":"https:\/\/dimensionturistica.com\/es\/wp-json\/wp\/v2\/media\/89887"}],"wp:attachment":[{"href":"https:\/\/dimensionturistica.com\/es\/wp-json\/wp\/v2\/media?parent=89886"}],"wp:term":[{"taxonomy":"category","embeddable":true,"href":"https:\/\/dimensionturistica.com\/es\/wp-json\/wp\/v2\/categories?post=89886"},{"taxonomy":"post_tag","embeddable":true,"href":"https:\/\/dimensionturistica.com\/es\/wp-json\/wp\/v2\/tags?post=89886"}],"curies":[{"name":"wp","href":"https:\/\/api.w.org\/{rel}","templated":true}]}}