{"id":89864,"date":"2021-03-03T14:47:07","date_gmt":"2021-03-03T14:47:07","guid":{"rendered":"https:\/\/dimensionturistica.com\/es\/?p=89864"},"modified":"2021-03-03T14:47:07","modified_gmt":"2021-03-03T14:47:07","slug":"la-jornada-se-enfrentan-franeleros-y-policias-en-tecamac-cuatro-heridos","status":"publish","type":"post","link":"https:\/\/dimensionturistica.com\/es\/la-jornada-se-enfrentan-franeleros-y-policias-en-tecamac-cuatro-heridos\/","title":{"rendered":"La Jornada &#8211; Se enfrentan franeleros y polic\u00edas en Tec\u00e1mac; cuatro heridos"},"content":{"rendered":"<p> <br \/>\n<\/p>\n<div id=\"article-content-tts\">\n<div id=\"content_nitf\">\n<p>Tec\u00e1mac, M\u00e9x., Cuatro heridos y siete detenidos fue el saldo de un enfrentamiento entre un grupo de franeleros, limpiaparabrisas y dulceros con la polic\u00eda municipal de Tec\u00e1mac, cuando los primeros realizaban un bloqueo vial para exigir que fueran liberados varios de sus compa\u00f1eros detenidos un d\u00eda antes.<\/p>\n<p>La tarde de este martes, poco antes de las 15 horas, los manifestantes cerraron la avenida Chapultepec, cerca del fraccionamiento Los H\u00e9roes Tec\u00e1mac, a un costado de la Macroplaza.<\/p>\n<p>Seg\u00fan las autoridades, los limpiaparabrisas fueron detenidos por denuncias de automovilistas, quienes se quejaron de que los obligaban a darles dinero para pasar por dicho crucero.<\/p>\n<p>Tras 40 minutos de bloqueo arribaron los agentes. El comisario de la polic\u00eda municipal de Tec\u00e1mac, Oscar Galv\u00e1n, inform\u00f3 que los polic\u00edas fueron recibidos a balazos por alguno de los manifestantes.<\/p>\n<p>Sin embargo, los inconformes aseguraron que estaban dialogando con la polic\u00eda para que los dejaran trabajar en el crucero y liberaran a sus compa\u00f1eros, cuando de pronto varios uniformados abrieron fuego para dispersarlos.<\/p>\n<p>En movies difundidos en redes sociales se observa que varias personas corren cerca de la Macroplaza y se escuchan disparos.<\/p>\n<p>Las im\u00e1genes muestran que algunos de los oficiales disparan con sus pistolas.<\/p>\n<p>En tanto, la Fiscal\u00eda Common de Justicia del estado de M\u00e9xico inici\u00f3 una investigaci\u00f3n para determinar la responsabilidad de los hechos.<\/p>\n<\/div>\n<\/div>\n<p><script>\n      !function(f,b,e,v,n,t,s)\n      {if(f.fbq)return;n=f.fbq=function(){n.callMethod?\n      n.callMethod.apply(n,arguments):n.queue.push(arguments)};\n      if(!f._fbq)f._fbq=n;n.push=n;n.loaded=!0;n.version='2.0';\n      n.queue=[];t=b.createElement(e);t.async=!0;\n      t.src=v;s=b.getElementsByTagName(e)[0];\n      s.parentNode.insertBefore(t,s)}(window, document,'script',\n      'https:\/\/connect.facebook.net\/en_US\/fbevents.js');\n      fbq('init', '133913093805922');\n      fbq('track', 'PageView');\n      fbq('track', 'Contact');\n      fbq('track', 'Donate');\n      fbq('track', 'FindLocation');\n      fbq('track', 'Lead');\n      fbq('track', 'Search');\n      fbq('track', 'Subscribe', {value: '0.00', currency: 'MXN', predicted_ltv: '0.00'});\n      fbq('track', 'ViewContent');\n    <\/script><script type=\"text\/javascript\">(function(d, s, id) {\n\t  var js, fjs = d.getElementsByTagName(s)[0];\n\t  if (d.getElementById(id)) return;\n\t  js = d.createElement(s); js.id = id;\n\t  js.src = \"https:\/\/connect.facebook.net\/es_LA\/sdk.js#xfbml=1&version=v3.3&appId=774389309362880\";\n\t  fjs.parentNode.insertBefore(js, fjs);\n\t}(document, 'script', 'facebook-jssdk'));<\/script><br \/>\n<br \/><\/p>\n<p><em> &#8221; Fuentes www.jornada.com.mx &#8221; <\/em><\/p>\n","protected":false},"excerpt":{"rendered":"<p>Tec\u00e1mac, M\u00e9x., Cuatro heridos y siete detenidos fue el saldo de un enfrentamiento entre un grupo de franeleros, limpiaparabrisas y dulceros con la polic\u00eda municipal de Tec\u00e1mac, cuando los primeros realizaban un bloqueo vial para exigir que fueran liberados varios de sus compa\u00f1eros detenidos un d\u00eda antes. La tarde de este martes, poco antes de [&hellip;]<\/p>\n","protected":false},"author":4,"featured_media":0,"comment_status":"open","ping_status":"closed","sticky":false,"template":"","format":"standard","meta":{"om_disable_all_campaigns":false,"jnews-multi-image_gallery":[],"jnews_single_post":[],"jnews_primary_category":[],"jnews_social_meta":[],"footnotes":""},"categories":[41],"tags":[],"class_list":["post-89864","post","type-post","status-publish","format-standard","hentry","category-cruceros"],"_links":{"self":[{"href":"https:\/\/dimensionturistica.com\/es\/wp-json\/wp\/v2\/posts\/89864","targetHints":{"allow":["GET"]}}],"collection":[{"href":"https:\/\/dimensionturistica.com\/es\/wp-json\/wp\/v2\/posts"}],"about":[{"href":"https:\/\/dimensionturistica.com\/es\/wp-json\/wp\/v2\/types\/post"}],"author":[{"embeddable":true,"href":"https:\/\/dimensionturistica.com\/es\/wp-json\/wp\/v2\/users\/4"}],"replies":[{"embeddable":true,"href":"https:\/\/dimensionturistica.com\/es\/wp-json\/wp\/v2\/comments?post=89864"}],"version-history":[{"count":0,"href":"https:\/\/dimensionturistica.com\/es\/wp-json\/wp\/v2\/posts\/89864\/revisions"}],"wp:attachment":[{"href":"https:\/\/dimensionturistica.com\/es\/wp-json\/wp\/v2\/media?parent=89864"}],"wp:term":[{"taxonomy":"category","embeddable":true,"href":"https:\/\/dimensionturistica.com\/es\/wp-json\/wp\/v2\/categories?post=89864"},{"taxonomy":"post_tag","embeddable":true,"href":"https:\/\/dimensionturistica.com\/es\/wp-json\/wp\/v2\/tags?post=89864"}],"curies":[{"name":"wp","href":"https:\/\/api.w.org\/{rel}","templated":true}]}}