{"id":897250,"date":"2024-12-27T11:07:31","date_gmt":"2024-12-27T11:07:31","guid":{"rendered":"https:\/\/dimensionturistica.com\/es\/?p=897250"},"modified":"2024-12-27T11:07:31","modified_gmt":"2024-12-27T11:07:31","slug":"precios-de-verano-2025-bebidas-maiz-alquiler-de-carrito-y-mas","status":"publish","type":"post","link":"https:\/\/dimensionturistica.com\/es\/precios-de-verano-2025-bebidas-maiz-alquiler-de-carrito-y-mas\/","title":{"rendered":"Precios de verano 2025: Bebidas, ma\u00edz, alquiler de carrito y m\u00e1s"},"content":{"rendered":"<p><strong>Descubriendo el Para\u00edso Brasile\u00f1o: Playas, Aventura y Sabores en el Verano de 2025<\/strong><\/p>\n<p>El Brasil de verano se presenta como un destino irresistible para aquellos que buscan un c\u00f3ctel de aventura, relajaci\u00f3n y una experiencia cultural vibrante. Con el sol brillando intensamente y una brisa marina que invita a dejarse llevar, las playas brasile\u00f1as se preparan para recibir a los turistas con los brazos abiertos en la temporada estival de 2025.<\/p>\n<p>Uno de los grandes atractivos de este pa\u00eds sudamericano son sus impresionantes playas. Desde las renombradas y concurridas arenas de Copacabana hasta las tranquilas y paradis\u00edacas costas de Jericoacoara, cada rinc\u00f3n ofrece una experiencia \u00fanica. Las aguas c\u00e1lidas y transparentes son el tel\u00f3n de fondo perfecto para disfrutar de actividades acu\u00e1ticas como el surf, el kiteboarding y el snorkel. Adem\u00e1s, la posibilidad de alquilar un buggy para recorrer las dunas y descubrir calas ocultas a\u00f1ade un toque de aventura al viaje.<\/p>\n<p>No se puede hablar de Brasil sin mencionar su rica tradici\u00f3n culinaria. Con cada bocado, es posible saborear la esencia del pa\u00eds. Desde el ic\u00f3nico &quot;choclo&quot; a la parrilla que acompa\u00f1a las tardes en la playa, hasta la refrescante cerveza artesanal que se sirve bien fr\u00eda, los sabores brasile\u00f1os son una invitaci\u00f3n a explorar. Cada lugar tiene su propio sello culinario, donde el marisco fresco y las frutas tropicales son los protagonistas indiscutidos de la mesa.<\/p>\n<p>A medida que el sol se pone, el ambiente se transforma. La m\u00fasica en vivo, los bares al aire libre y las animadas fiestas en la playa crean una atm\u00f3sfera festiva que invita a bailar y disfrutar de la vida nocturna brasile\u00f1a. La calidez de su gente y la diversidad cultural se traducen en encuentros inolvidables, donde las risas y la buena onda son el lenguaje universal.<\/p>\n<p>Sin embargo, a medida que se planean unas vacaciones en Brasil, es crucial tener en cuenta las tarifas y costos que se presentan en esta temporada. Se anticipa un claro aumento en los precios, en particular por el incremento en la demanda, especialmente en las zonas m\u00e1s populares. Reservar con antelaci\u00f3n puede ser una estrategia inteligente para asegurar opciones de alojamiento y experiencias a precios razonables.<\/p>\n<p>Explorar Brasil es sumergirse en un frenes\u00ed de colores, ritmos y sabores que dejan una huella duradera. Ya sea disfrutando de un platillo t\u00edpico en un quiosco de playa, paseando por los vibrantes mercados locales, o simplemente respirando el aroma del oc\u00e9ano mientras se observa la puesta de sol, cada momento en este pa\u00eds es una celebraci\u00f3n de la vida.<\/p>\n<p>Para aquellos que buscan escapar de la rutina y recargar energ\u00edas, las playas brasile\u00f1as se presentan como un destino ideal. Con su mezcla de naturaleza, cultura y diversi\u00f3n, el verano de 2025 promete ser una experiencia repleta de recuerdos inolvidables que permanecer\u00e1n en el coraz\u00f3n de cada viajero. \u00a1Prep\u00e1rate para vivir el Brasil en su m\u00e1xima expresi\u00f3n!<\/p>\n<p><em> &#8221; Sources www.clarin.com &#8221; <\/em><\/p>\n<p><em> &#8221; Fuentes www.clarin.com &#8221; <\/em><\/p>\n","protected":false},"excerpt":{"rendered":"<p>Descubriendo el Para\u00edso Brasile\u00f1o: Playas, Aventura y Sabores en el Verano de 2025 El Brasil de verano se presenta como un destino irresistible para aquellos que buscan un c\u00f3ctel de aventura, relajaci\u00f3n y una experiencia cultural vibrante. Con el sol brillando intensamente y una brisa marina que invita a dejarse llevar, las playas brasile\u00f1as se [&hellip;]<\/p>\n","protected":false},"author":4,"featured_media":897251,"comment_status":"open","ping_status":"closed","sticky":false,"template":"","format":"standard","meta":{"om_disable_all_campaigns":false,"jnews-multi-image_gallery":[],"jnews_single_post":[],"jnews_primary_category":[],"jnews_social_meta":[],"footnotes":""},"categories":[39],"tags":[22978,199939,7481,199938,199940,544,116229],"class_list":["post-897250","post","type-post","status-publish","format-standard","has-post-thumbnail","hentry","category-viajes","tag-actividades-al-aire-libre","tag-alquiler-de-buggy","tag-cerveza","tag-choclo","tag-precios-de-verano","tag-turismo","tag-verano-2025"],"_links":{"self":[{"href":"https:\/\/dimensionturistica.com\/es\/wp-json\/wp\/v2\/posts\/897250","targetHints":{"allow":["GET"]}}],"collection":[{"href":"https:\/\/dimensionturistica.com\/es\/wp-json\/wp\/v2\/posts"}],"about":[{"href":"https:\/\/dimensionturistica.com\/es\/wp-json\/wp\/v2\/types\/post"}],"author":[{"embeddable":true,"href":"https:\/\/dimensionturistica.com\/es\/wp-json\/wp\/v2\/users\/4"}],"replies":[{"embeddable":true,"href":"https:\/\/dimensionturistica.com\/es\/wp-json\/wp\/v2\/comments?post=897250"}],"version-history":[{"count":0,"href":"https:\/\/dimensionturistica.com\/es\/wp-json\/wp\/v2\/posts\/897250\/revisions"}],"wp:featuredmedia":[{"embeddable":true,"href":"https:\/\/dimensionturistica.com\/es\/wp-json\/wp\/v2\/media\/897251"}],"wp:attachment":[{"href":"https:\/\/dimensionturistica.com\/es\/wp-json\/wp\/v2\/media?parent=897250"}],"wp:term":[{"taxonomy":"category","embeddable":true,"href":"https:\/\/dimensionturistica.com\/es\/wp-json\/wp\/v2\/categories?post=897250"},{"taxonomy":"post_tag","embeddable":true,"href":"https:\/\/dimensionturistica.com\/es\/wp-json\/wp\/v2\/tags?post=897250"}],"curies":[{"name":"wp","href":"https:\/\/api.w.org\/{rel}","templated":true}]}}