{"id":89601,"date":"2021-03-03T04:18:34","date_gmt":"2021-03-03T04:18:34","guid":{"rendered":"https:\/\/dimensionturistica.com\/es\/?p=89601"},"modified":"2021-03-03T04:18:35","modified_gmt":"2021-03-03T04:18:35","slug":"trailero-intenta-escapar-con-caja-de-camion-que-le-habia-sido-retenida","status":"publish","type":"post","link":"https:\/\/dimensionturistica.com\/es\/trailero-intenta-escapar-con-caja-de-camion-que-le-habia-sido-retenida\/","title":{"rendered":"Trailero intenta escapar con caja de cami\u00f3n que le hab\u00eda sido retenida"},"content":{"rendered":"<p> <br \/>\n<\/p>\n<div>\n<p>FRESNILLO. Al puro estilo de un gui\u00f3n de pel\u00edcula, el conductor de un tr\u00e1iler protagoniz\u00f3 una persecuci\u00f3n por tres vialidades de esta ciudad para finalmente ser detenido por las autoridades de seguridad.<\/p>\n<p>La persecuci\u00f3n ocurri\u00f3 alrededor de las 20:00 horas; estuvieron involucrados las autoridades estatales de vialidad, Metropol y elementos de la Guardia Nacional (GN).<\/p>\n<p>Todo comenz\u00f3 en el lugar donde se localizaba la caja del cami\u00f3n, concretamente en el corral\u00f3n de unas gr\u00faas de esta ciudad ubicada en la carretera a plateros, frente a la presidencia municipal.<\/p>\n<p>En ese lugar el chofer del quinta rueda lleg\u00f3 manejando un tractor shade azul, al que sigilosamente enganch\u00f3 la caja de su propiedad que un d\u00eda antes hab\u00eda sido retenida, para despu\u00e9s encender su cami\u00f3n y darse a la fuga del lugar con rumbo al crucero de la avenida Plateros y Paseo del Mineral.<\/p>\n<p>En instantes, private de las gr\u00faas se percataron de que la caja que estaba en su custodia se la hab\u00edan llevado y fue cuando dieron aviso al 911 para reportar el hecho.<\/p>\n<p>Minutos despu\u00e9s, en el crucero antes referido, patrullas de la Polic\u00eda de Seguridad Vial y Metropol quisieron cerrar el paso, a lo que el intr\u00e9pido conductor esquiv\u00f3 el despliegue policial y emprendi\u00f3 la huida por la lateral del Paseo del Mineral, ignorando las luces en shade rojo de los sem\u00e1foros. Afortunadamente no se registraron personas atropelladas ni accidentes por la huida del trailero.<\/p>\n<p>Luego de varios minutos de escape, ya en la salida a Durango, a la altura de la Plaza Portal, unidades de la Guardia Nacional se integraron a la caravana policial y metros adelante lograron darle alcance y retener al conductor.<\/p>\n<p>Fuentes oficiales informaron que el joven conductor fue puesto a disposici\u00f3n del Agente del Ministerio P\u00fablico por el robo de la caja que, aunque fuera de su propiedad, estaba retenida en las gr\u00faas; el cami\u00f3n finalmente fue llevarlo de nueva cuenta hasta ese espacio para ser asegurado. <\/p>\n<figure><img decoding=\"async\" src=\"https:\/\/dimensionturistica.com\/es\/wp-content\/uploads\/2021\/03\/Trailero-intenta-escapar-con-caja-de-camion-que-le-habia.jpg\" class=\"alignnone\"\/><\/figure>\n<figure><img decoding=\"async\" src=\"https:\/\/dimensionturistica.com\/es\/wp-content\/uploads\/2021\/03\/1614745113_78_Trailero-intenta-escapar-con-caja-de-camion-que-le-habia.jpg\" class=\"alignnone\"\/><\/figure>\n<figure><img decoding=\"async\" src=\"https:\/\/dimensionturistica.com\/es\/wp-content\/uploads\/2021\/03\/1614745114_912_Trailero-intenta-escapar-con-caja-de-camion-que-le-habia.jpg\" class=\"alignnone\"\/><\/figure>\n<\/div>\n\n<p><em> &#8221; Fuentes ntrzacatecas.com &#8221; <\/em><\/p>\n","protected":false},"excerpt":{"rendered":"<p>FRESNILLO. Al puro estilo de un gui\u00f3n de pel\u00edcula, el conductor de un tr\u00e1iler protagoniz\u00f3 una persecuci\u00f3n por tres vialidades de esta ciudad para finalmente ser detenido por las autoridades de seguridad. La persecuci\u00f3n ocurri\u00f3 alrededor de las 20:00 horas; estuvieron involucrados las autoridades estatales de vialidad, Metropol y elementos de la Guardia Nacional (GN). [&hellip;]<\/p>\n","protected":false},"author":4,"featured_media":89602,"comment_status":"open","ping_status":"closed","sticky":false,"template":"","format":"standard","meta":{"om_disable_all_campaigns":false,"jnews-multi-image_gallery":[],"jnews_single_post":[],"jnews_primary_category":[],"jnews_social_meta":[],"footnotes":""},"categories":[41],"tags":[],"class_list":["post-89601","post","type-post","status-publish","format-standard","has-post-thumbnail","hentry","category-cruceros"],"_links":{"self":[{"href":"https:\/\/dimensionturistica.com\/es\/wp-json\/wp\/v2\/posts\/89601","targetHints":{"allow":["GET"]}}],"collection":[{"href":"https:\/\/dimensionturistica.com\/es\/wp-json\/wp\/v2\/posts"}],"about":[{"href":"https:\/\/dimensionturistica.com\/es\/wp-json\/wp\/v2\/types\/post"}],"author":[{"embeddable":true,"href":"https:\/\/dimensionturistica.com\/es\/wp-json\/wp\/v2\/users\/4"}],"replies":[{"embeddable":true,"href":"https:\/\/dimensionturistica.com\/es\/wp-json\/wp\/v2\/comments?post=89601"}],"version-history":[{"count":0,"href":"https:\/\/dimensionturistica.com\/es\/wp-json\/wp\/v2\/posts\/89601\/revisions"}],"wp:featuredmedia":[{"embeddable":true,"href":"https:\/\/dimensionturistica.com\/es\/wp-json\/wp\/v2\/media\/89602"}],"wp:attachment":[{"href":"https:\/\/dimensionturistica.com\/es\/wp-json\/wp\/v2\/media?parent=89601"}],"wp:term":[{"taxonomy":"category","embeddable":true,"href":"https:\/\/dimensionturistica.com\/es\/wp-json\/wp\/v2\/categories?post=89601"},{"taxonomy":"post_tag","embeddable":true,"href":"https:\/\/dimensionturistica.com\/es\/wp-json\/wp\/v2\/tags?post=89601"}],"curies":[{"name":"wp","href":"https:\/\/api.w.org\/{rel}","templated":true}]}}