{"id":89511,"date":"2021-03-02T23:18:17","date_gmt":"2021-03-02T23:18:17","guid":{"rendered":"https:\/\/dimensionturistica.com\/es\/?p=89511"},"modified":"2021-03-02T23:18:17","modified_gmt":"2021-03-02T23:18:17","slug":"ernesto-ya-no-puede-lavar-carros-y-necesita-pedir-monedas-para-comer","status":"publish","type":"post","link":"https:\/\/dimensionturistica.com\/es\/ernesto-ya-no-puede-lavar-carros-y-necesita-pedir-monedas-para-comer\/","title":{"rendered":"Ernesto ya no puede lavar carros y necesita pedir monedas para comer"},"content":{"rendered":"<p> <br \/>\n<\/p>\n<div id=\"post-294791\">\n<input type=\"hidden\" id=\"postID\" value=\"294791\"\/><\/p>\n<hr class=\"d-none d-sm-block\"\/>\n<div class=\"post-thumbnail\">\n<img decoding=\"async\" loading=\"lazy\" width=\"1280\" height=\"853\" src=\"data:image\/svg+xml,%3Csvg%20xmlns=\" http:=\"\" class=\"attachment-post-thumbnail size-post-thumbnail wp-post-image\" alt=\"\" data-lazy- data-lazy- data-lazy-src=\"https:\/\/dimensionturistica.com\/es\/wp-content\/uploads\/2021\/03\/Ernesto-ya-no-puede-lavar-carros-y-necesita-pedir-monedas.jpeg\"\/><noscript><img decoding=\"async\" width=\"1280\" height=\"853\" src=\"https:\/\/dimensionturistica.com\/es\/wp-content\/uploads\/2021\/03\/Ernesto-ya-no-puede-lavar-carros-y-necesita-pedir-monedas.jpeg\" class=\"attachment-post-thumbnail size-post-thumbnail wp-post-image\" alt=\"\"  \/><\/noscript>Grecia Boj\u00f3rquez EXPRESO<\/div>\n<div class=\"entry-content\">\n<p><strong>HERMOSILLO, SON<\/strong>.- Con esperanza en un mejor porvenir, Ernesto Palma dej\u00f3 su natal Ciudad Obreg\u00f3n para buscar trabajo dejando a su familia. C<strong>on 62 a\u00f1os emprendi\u00f3 un viaje en donde no ten\u00eda un destino espec\u00edfico, simplemente la consigna period encontrar trabajo.<\/strong><\/p>\n<p>No fue hasta llegar a la capital sonorense donde logr\u00f3 encontrar trabajo como \u201clavacarros\u201d, lo cual le obten\u00eda lo suficiente para comprar comida y poder ahorrar para tener un lugar donde vivir.<\/p>\n<p>Pero su vida cambi\u00f3 por completo al sufrir un accidente mientras se encontraba trabajando, sufri\u00f3 un atropellamiento donde se lastim\u00f3 la cintura y dej\u00e1ndolo sin posibilidad de poder caminar.<\/p>\n<blockquote>\n<p><strong><span style=\"color: #008000;\">\u201cCuando me sucedi\u00f3 eso del accidente, cre\u00ed que ya me iba a morir. Gracias a dios no sucedi\u00f3, aunque no pueda caminar agradezco mucho a dios por no haber muerto en ese accidente\u201d<\/span><\/strong>, dijo.<\/p>\n<\/blockquote>\n<p>Despu\u00e9s de su tr\u00e1gico accidente, Ernesto tuvo que dejar de lavar autos, ahora solamente se dedica a pedir apoyo en los diferentes cruceros a la altura del bulevar Kino de la capital sonorense.<\/p>\n<p>Mencion\u00f3 que se siente agradecido con su amigo, Roberto, quien vive en la calle<strong>, que lo apoyara a mover a Ernesto debido a que hay ocasiones que no tiene la suficiente fuerza para subir las rampas para transitar por la banqueta.<\/strong><\/p>\n<p>Inclusive, mencion\u00f3 que la gente lo ha podido apoyar con comida tanto para Ernesto y su amigo, sin embargo se encuentran en situaci\u00f3n de ayuda ya que no cuentan con un lugar donde vivir, ocasionando buscar un lugar lo suficientemente liveable para los dos.<\/p>\n<\/div>\n<\/div>\n\n<p><em> &#8221; Fuentes www.expreso.com.mx &#8221; <\/em><\/p>\n","protected":false},"excerpt":{"rendered":"<p>Grecia Boj\u00f3rquez EXPRESO HERMOSILLO, SON.- Con esperanza en un mejor porvenir, Ernesto Palma dej\u00f3 su natal Ciudad Obreg\u00f3n para buscar trabajo dejando a su familia. Con 62 a\u00f1os emprendi\u00f3 un viaje en donde no ten\u00eda un destino espec\u00edfico, simplemente la consigna period encontrar trabajo. No fue hasta llegar a la capital sonorense donde logr\u00f3 encontrar [&hellip;]<\/p>\n","protected":false},"author":4,"featured_media":89512,"comment_status":"open","ping_status":"closed","sticky":false,"template":"","format":"standard","meta":{"om_disable_all_campaigns":false,"jnews-multi-image_gallery":[],"jnews_single_post":[],"jnews_primary_category":[],"jnews_social_meta":[],"footnotes":""},"categories":[41],"tags":[],"class_list":["post-89511","post","type-post","status-publish","format-standard","has-post-thumbnail","hentry","category-cruceros"],"_links":{"self":[{"href":"https:\/\/dimensionturistica.com\/es\/wp-json\/wp\/v2\/posts\/89511","targetHints":{"allow":["GET"]}}],"collection":[{"href":"https:\/\/dimensionturistica.com\/es\/wp-json\/wp\/v2\/posts"}],"about":[{"href":"https:\/\/dimensionturistica.com\/es\/wp-json\/wp\/v2\/types\/post"}],"author":[{"embeddable":true,"href":"https:\/\/dimensionturistica.com\/es\/wp-json\/wp\/v2\/users\/4"}],"replies":[{"embeddable":true,"href":"https:\/\/dimensionturistica.com\/es\/wp-json\/wp\/v2\/comments?post=89511"}],"version-history":[{"count":0,"href":"https:\/\/dimensionturistica.com\/es\/wp-json\/wp\/v2\/posts\/89511\/revisions"}],"wp:featuredmedia":[{"embeddable":true,"href":"https:\/\/dimensionturistica.com\/es\/wp-json\/wp\/v2\/media\/89512"}],"wp:attachment":[{"href":"https:\/\/dimensionturistica.com\/es\/wp-json\/wp\/v2\/media?parent=89511"}],"wp:term":[{"taxonomy":"category","embeddable":true,"href":"https:\/\/dimensionturistica.com\/es\/wp-json\/wp\/v2\/categories?post=89511"},{"taxonomy":"post_tag","embeddable":true,"href":"https:\/\/dimensionturistica.com\/es\/wp-json\/wp\/v2\/tags?post=89511"}],"curies":[{"name":"wp","href":"https:\/\/api.w.org\/{rel}","templated":true}]}}