{"id":89505,"date":"2021-03-02T23:14:06","date_gmt":"2021-03-02T23:14:06","guid":{"rendered":"https:\/\/dimensionturistica.com\/es\/?p=89505"},"modified":"2021-03-02T23:14:06","modified_gmt":"2021-03-02T23:14:06","slug":"castilla-y-leon-menorca-y-pais-vasco-se-presentan-a-los-agentes-de-viajes","status":"publish","type":"post","link":"https:\/\/dimensionturistica.com\/es\/castilla-y-leon-menorca-y-pais-vasco-se-presentan-a-los-agentes-de-viajes\/","title":{"rendered":"Castilla y Le\u00f3n, Menorca y Pa\u00eds Vasco se presentan a los agentes de viajes"},"content":{"rendered":"<p> <br \/>\n<\/p>\n<div>\n<p>El <strong>mi\u00e9rcoles d\u00eda 10 tendr\u00e1 lugar on-line a partir de las 10:00 de la ma\u00f1ana<\/strong> la Jornada de <a rel=\"nofollow noopener\" target=\"_blank\" href=\"https:\/\/www.hosteltur.com\/evento\/destinos-nacionales-2021-para-el-aavv\">destinos nacionales para agentes de viajes<\/a>, en la que participar\u00e1n <strong>16 destinos nacionales<\/strong> en varias mesas, para presentar a los agentes de viajes su oferta y objetivos promocionales. Los destinos participantes son <strong>Tenerife, Ibiza, Benidorm, Mallorca, Menorca, Catalunya, Asturias, Lanzarote, Euskadi, Castilla y Le\u00f3n, M\u00e1laga, Le\u00f3n ciudad, Palma, Formentera, Santa Eul\u00e0ria (Ibiza) y Gran Canaria<\/strong>. Las mesas se dividir\u00e1n por productos: urbano, cultural y gastron\u00f3mico, activo y rural, sol y playa y acquainted. Aqu\u00ed puede consultar el <a rel=\"nofollow noopener\" target=\"_blank\" href=\"https:\/\/www.hosteltur.com\/evento\/destinos-nacionales-2021-para-el-aavv#schedule\">programa de la jornada<\/a>, que contar\u00e1, por la tarde, con presentaciones individuales de cada destino.<\/p>\n<\/div>\n<div>\n<h2>Castilla y Le\u00f3n, presencia en todos los canales<\/h2>\n<p>Buena parte de los turistas nacionales e internacionales que visitan <a rel=\"nofollow noopener\" target=\"_blank\" href=\"https:\/\/www.hosteltur.com\/tag\/castilla-y-leon\">Castilla y Le\u00f3n<\/a> lo hacen motivados por la oferta cultural y gastron\u00f3mica del destino, y por su <strong>riqu\u00edsimo patrimonio hist\u00f3rico y art\u00edstico<\/strong>. &#8220;Trabajamos por mantener esa imagen y ese inter\u00e9s, ya sea en los mercados de cercan\u00eda, empezando por el propio residente en nuestra Comunidad y siguiendo por los mercados prioritarios como pueda ser la Comunidad de Madrid&#8221;, aseguran desde el destino.<\/p>\n<p>La promoci\u00f3n de Castilla y Le\u00f3n se hace en todos los \u00e1mbitos posibles: &#8220;<strong>Intentamos alternar y combinar las formas tradicionales de redes sociales<\/strong>, publicaciones en papel, presencia en nuestra web\u2026 con otro tipo de acciones que la situaci\u00f3n actual nos ha llevado a considerar. Por ejemplo, las presentaciones virtuales&#8221;, aseguran los responsables del destino.<\/p>\n<blockquote>\n<p>A d\u00eda de hoy &#8220;estamos en todos los mercados en los cuales vemos posibilidades de negocio, tambi\u00e9n gracias a la colaboraci\u00f3n que tenemos afianzada a trav\u00e9s de los a\u00f1os, con las oficinas de turismo de Espa\u00f1a en el extranjero, con asociaciones como ETOA, o con algunos turoperadores con presencia en mercados nacionales e internacionales&#8221;<\/p>\n<\/blockquote>\n<p>Para el destino, <strong>los agentes de viajes son un elemento elementary<\/strong> de la cadena, sus principales aliados: &#8220;Alternamos nuestra promoci\u00f3n dirigida al cliente final con aquellas dirigidas a los profesionales del sector, y en este caso, los intermediarios tur\u00edsticos, y principalmente los agentes de viaje. Ellos son los principales aliados que tenemos para poder llegar al turista, y m\u00e1s en mercados lejanos&#8221;.<\/p>\n<h2>Menorca, la apuesta por el <em>huge information<\/em><\/h2>\n<p>Aunque el principal reclamo del visitante para pasar sus vacaciones en <a rel=\"nofollow noopener\" target=\"_blank\" href=\"https:\/\/www.hosteltur.com\/tag\/menorca\">Menorca<\/a> es el <strong>sol y playa<\/strong>, en los \u00faltimos a\u00f1os la isla se ha dado a conocer tambi\u00e9n por otro tipo de oferta, destacando, por orden de preferencia del visitante, <strong>el turismo activo, el cultural, el pure y el gastron\u00f3mico<\/strong>.<\/p>\n<p>Las preferencias cambian de orden seg\u00fan los mercados, pero desde la Fundaci\u00f3 Foment del Turisme de Menorca destacan que la oferta gastron\u00f3mica haya escalado hasta el tercer lugar en importancia para el mercado brit\u00e1nico, el principal mercado internacional de la isla. El <strong>turismo activo<\/strong> es el segundo en las preferencias del mercado franc\u00e9s y del alem\u00e1n, seguido por el cultural y el gastron\u00f3mico.<\/p>\n<p>La isla es la <strong>Regi\u00f3n Europea de la Gastronom\u00eda en 2022<\/strong>, un compromiso con el legado culinario de la isla y su difusi\u00f3n entre los visitantes, igual que nunca ha dejado de promocionar su legado hist\u00f3rico y especialmente, megal\u00edtico. La promoci\u00f3n prevista para este 2021 se centrar\u00e1 en tres pilares:<br \/>-La promoci\u00f3n digital<br \/>-Colaboraci\u00f3n con compa\u00f1\u00edas a\u00e9reas<br \/>-Colaboraciones con turoperadores<\/p>\n<p>En los \u00faltimos a\u00f1os, Menorca ha apostado por el <em>huge information<\/em> con la estrecha colaboraci\u00f3n de una empresa insular de proyecci\u00f3n internacional, <a rel=\"nofollow noopener\" target=\"_blank\" href=\"https:\/\/www.hosteltur.com\/tag\/mabrian-technologies\">Mabrian Technologies<\/a>, &#8220;captando los intereses de los visitantes en los diferentes productos que ofrece la Isla, para luego nosotros poder realizar las acciones pertinentes en promoci\u00f3n por mercado y segmento espec\u00edfico&#8221;, explican.<\/p>\n<blockquote>\n<p>&#8220;Tambi\u00e9n analizamos los picos de demanda en la b\u00fasqueda de vuelo, pudiendo saber en qu\u00e9 momento espec\u00edfico lanzar la campa\u00f1a promocional y en qu\u00e9 ciudad hacerlo&#8221; para garantizar el \u00e9xito<\/p>\n<\/blockquote>\n<h2>Pa\u00eds Vasco, buena mesa<\/h2>\n<p><a rel=\"nofollow noopener\" target=\"_blank\" href=\"https:\/\/www.hosteltur.com\/tag\/euskadi\">Euskadi<\/a> es decir gastronom\u00eda, as\u00ed que <strong>la buena mesa &#8220;y el vino<\/strong> son claves e influyen en todas las decisiones de viaje y afectan, en mayor o menor medida, a todos los turistas independientemente de su lugar de origen&#8221;, aseguran desde Basquetour.<\/p>\n<p>Entre los turistas nacionales, quienes proceden de Andaluc\u00eda, Catalu\u00f1a y Madrid comparten los tres principales factores de atracci\u00f3n de Euskadi como destino tur\u00edstico, esto es, <strong>gastronom\u00eda y vinos, turismo en la ciudad y turismo costero<\/strong>, explican desde el destino. Los turistas internos tambi\u00e9n coinciden con estas motivaciones, &#8220;pero las clasifican en distinto orden de importancia, siendo el turismo de ciudad el m\u00e1s atrayente seguido de la gastronom\u00eda y el turismo costero&#8221;. Gastronom\u00eda, vino y disfrute de las ciudades son las tres patas principales del destino y las tres motivaciones de sus visitantes.<\/p>\n<p>El mercado internacional comparte con el nacional e interno el atractivo por la gastronom\u00eda y vino y el turismo de ciudad, &#8220;pero en algunos casos -turistas procedentes de <strong>Italia, EEUU<\/strong> y resto de pa\u00edses extranjeros-, conceden mayor importancia al turismo cultural que al turismo costero&#8221;, explican. Este \u00faltimo, el turismo costero, est\u00e1 m\u00e1s presente como issue de atracci\u00f3n entre las personas residentes en Francia, Reino Unido, Alemania y Benelux.<\/p>\n<blockquote>\n<p>La gastronom\u00eda es la base sobre la que pivota el posicionamiento de la marca de destino Euskadi Basque Nation. Es el valor diferencial que nos posiciona a nivel internacional y con el que ya se nos reconoce a nivel nacional. En todas las presentaciones a agentes y medios ofrecemos una degustaci\u00f3n de producto y recetas t\u00edpicas para transportarles a nuestro destino<\/p>\n<\/blockquote>\n<p>La promoci\u00f3n para este a\u00f1o depender\u00e1 de la evoluci\u00f3n de la pandemia, principalmente por las restricciones de movilidad el mercado interno (vasco) y nacional. &#8220;A medio plazo, la promoci\u00f3n se dirigir\u00e1 al sur de Francia y a Portugal, y a largo plazo al Reino Unido, Alemania, Italia y B\u00e9lgica&#8221;.<\/p>\n<div class=\"wysiwyg-photo\"><img decoding=\"async\" title=\"\" src=\"https:\/\/static.hosteltur.com\/app\/public\/uploads\/img\/articles\/2021\/03\/02\/L_101421_foto-evento-destinos.jpg\" alt=\"\" data-id=\"224170\"\/>  <\/div>\n<\/div>\n\n<p><em> &#8221; Fuentes www.hosteltur.com &#8221; <\/em><\/p>\n","protected":false},"excerpt":{"rendered":"<p>El mi\u00e9rcoles d\u00eda 10 tendr\u00e1 lugar on-line a partir de las 10:00 de la ma\u00f1ana la Jornada de destinos nacionales para agentes de viajes, en la que participar\u00e1n 16 destinos nacionales en varias mesas, para presentar a los agentes de viajes su oferta y objetivos promocionales. Los destinos participantes son Tenerife, Ibiza, Benidorm, Mallorca, Menorca, [&hellip;]<\/p>\n","protected":false},"author":4,"featured_media":89506,"comment_status":"open","ping_status":"closed","sticky":false,"template":"","format":"standard","meta":{"om_disable_all_campaigns":false,"jnews-multi-image_gallery":[],"jnews_single_post":[],"jnews_primary_category":[],"jnews_social_meta":[],"footnotes":""},"categories":[40],"tags":[2026,715,6029,3766,17685,6737,5107,14298,18775,18776],"class_list":["post-89505","post","type-post","status-publish","format-standard","has-post-thumbnail","hentry","category-industria","tag-castilla-y-leon","tag-economia","tag-euskadi","tag-jornadas-hosteltur","tag-mabrian-technologies","tag-menorca","tag-pais-vasco","tag-turismo-cultural","tag-turismo-cultural-patrimonial","tag-turismo-gastronomico"],"_links":{"self":[{"href":"https:\/\/dimensionturistica.com\/es\/wp-json\/wp\/v2\/posts\/89505","targetHints":{"allow":["GET"]}}],"collection":[{"href":"https:\/\/dimensionturistica.com\/es\/wp-json\/wp\/v2\/posts"}],"about":[{"href":"https:\/\/dimensionturistica.com\/es\/wp-json\/wp\/v2\/types\/post"}],"author":[{"embeddable":true,"href":"https:\/\/dimensionturistica.com\/es\/wp-json\/wp\/v2\/users\/4"}],"replies":[{"embeddable":true,"href":"https:\/\/dimensionturistica.com\/es\/wp-json\/wp\/v2\/comments?post=89505"}],"version-history":[{"count":0,"href":"https:\/\/dimensionturistica.com\/es\/wp-json\/wp\/v2\/posts\/89505\/revisions"}],"wp:featuredmedia":[{"embeddable":true,"href":"https:\/\/dimensionturistica.com\/es\/wp-json\/wp\/v2\/media\/89506"}],"wp:attachment":[{"href":"https:\/\/dimensionturistica.com\/es\/wp-json\/wp\/v2\/media?parent=89505"}],"wp:term":[{"taxonomy":"category","embeddable":true,"href":"https:\/\/dimensionturistica.com\/es\/wp-json\/wp\/v2\/categories?post=89505"},{"taxonomy":"post_tag","embeddable":true,"href":"https:\/\/dimensionturistica.com\/es\/wp-json\/wp\/v2\/tags?post=89505"}],"curies":[{"name":"wp","href":"https:\/\/api.w.org\/{rel}","templated":true}]}}