{"id":89398,"date":"2021-03-02T19:06:52","date_gmt":"2021-03-02T19:06:52","guid":{"rendered":"https:\/\/dimensionturistica.com\/es\/?p=89398"},"modified":"2021-03-02T19:06:52","modified_gmt":"2021-03-02T19:06:52","slug":"el-chaco-sera-declarado-pueblo-magico-de-ecuador","status":"publish","type":"post","link":"https:\/\/dimensionturistica.com\/es\/el-chaco-sera-declarado-pueblo-magico-de-ecuador\/","title":{"rendered":"El Chaco ser\u00e1 declarado Pueblo M\u00e1gico de Ecuador"},"content":{"rendered":"<p> <br \/>\n<\/p>\n<div style=\"margin-top:0px;\">\n<p><span id=\"more-88060\"\/><strong>Por Redacci\u00f3n PortalCruceros.cl<\/strong><\/p>\n<p><strong>@PortalCruceros<\/strong><\/p>\n<hr\/>\n<p style=\"text-align: justify;\">La gran diversidad pure y cultural del <strong>cant\u00f3n El Chaco<\/strong> permiti\u00f3 que este destino sea declarado <strong>Pueblo M\u00e1gico de Ecuador<\/strong>, el primero en la provincia de Napo.<\/p>\n<p style=\"text-align: justify;\"><img decoding=\"async\" loading=\"lazy\" class=\"alignright wp-image-88061\" src=\"https:\/\/dimensionturistica.com\/es\/wp-content\/uploads\/2021\/03\/El-Chaco-sera-declarado-Pueblo-Magico-de-Ecuador.jpg\" alt=\"\" width=\"387\" height=\"290\"\/>Esta nominaci\u00f3n se obtiene como resultado del trabajo articulado entre el Ministerio de Turismo y el GAD Municipal.<\/p>\n<p style=\"text-align: justify;\">Este destino tur\u00edstico obtiene la nominaci\u00f3n una vez que el GAD cumpli\u00f3 con todos los requisitos que exige el Programa de Desarrollo de Localidades <strong>\u201cPueblos M\u00e1gicos Ecuador \u2013 4 Mundos\u201d,<\/strong> ejecutado por el Ministerio de Turismo.<\/p>\n<p style=\"text-align: justify;\">El cant\u00f3n El Chaco est\u00e1 ubicado a 2 horas de la ciudad de Quito, cuenta con un acceso vial de primer orden. El 87 % de su territorio est\u00e1 compuesto por \u00e1reas naturales protegidas como la Reserva Ecol\u00f3gica Cayambe Coca, Parque Nacional Sumaco Napo Galeras, Bosque Protector La Cascada, y Reserva de Bi\u00f3sfera Sumaco.<\/p>\n<p style=\"text-align: justify;\">Desde la ciudad El Chaco se puede acceder a los referentes tur\u00edsticos naturales, entre ellos la Cascada M\u00e1gica del R\u00edo Malo, que tiene una ca\u00edda de agua de 50 metros de altura, a la cual se puede ingresar mediante un sendero de 250 metros, aproximadamente.<\/p>\n<p style=\"text-align: justify;\">El destino cuenta con los recursos para la pr\u00e1ctica de modalidades tur\u00edsticas de aventura; es as\u00ed que en compa\u00f1\u00eda de un gu\u00eda especializado se puede practicar senderismo, ciclismo, o descender por el r\u00edo Quijos mientras se practica kayak, tubbing o rafting. Este r\u00edo tiene su origen en los deshielos del Antisana, su agua es cristalina y se forman r\u00e1pidos de nivel +4 ideales para los amantes de los deportes extremos.<\/p>\n<p style=\"text-align: justify;\">Las manifestaciones culturales conforman tambi\u00e9n parte de los principales atractivos tur\u00edsticos del cant\u00f3n. Registros de restos arqueol\u00f3gicos en las parroquias de Linares, Sardinas y Oyacachi se convierten en oportunidades para la pr\u00e1ctica de turismo cultural.<\/p>\n<hr\/>\n<p>\t\t <!-- banner --><br \/>\n<!--\t \n\n<div style=\"margin-top: 15px;\"><\/div>\n\n\n<a rel=\"nofollow noopener\" target=\"_blank\" href=\"https:\/\/www.linkedin.com\/company\/portalcruceros-cl\/\">\n\t<img decoding=\"async\" src=\"https:\/\/dimensionturistica.com\/es\/wp-content\/uploads\/2020\/09\/Knud-E-Hansen-disena-nuevo-crucero-de-expedicion-rompehielos.gif\" \/>\n\t<\/a> --><\/p>\n<p>\t<!-- banner end --><\/p>\n<p>\t\t <!-- notas relacionadas --><\/p>\n<hr\/>\n<p>\t\t   <!-- fin notas relacionadas --><\/p><\/div>\n\n<p><em> &#8221; Fuentes portalcruceros.cl &#8221; <\/em><\/p>\n","protected":false},"excerpt":{"rendered":"<p>Por Redacci\u00f3n PortalCruceros.cl @PortalCruceros La gran diversidad pure y cultural del cant\u00f3n El Chaco permiti\u00f3 que este destino sea declarado Pueblo M\u00e1gico de Ecuador, el primero en la provincia de Napo. Esta nominaci\u00f3n se obtiene como resultado del trabajo articulado entre el Ministerio de Turismo y el GAD Municipal. Este destino tur\u00edstico obtiene la nominaci\u00f3n [&hellip;]<\/p>\n","protected":false},"author":4,"featured_media":89399,"comment_status":"open","ping_status":"closed","sticky":false,"template":"","format":"standard","meta":{"om_disable_all_campaigns":false,"jnews-multi-image_gallery":[],"jnews_single_post":[],"jnews_primary_category":[],"jnews_social_meta":[],"footnotes":""},"categories":[41],"tags":[],"class_list":["post-89398","post","type-post","status-publish","format-standard","has-post-thumbnail","hentry","category-cruceros"],"_links":{"self":[{"href":"https:\/\/dimensionturistica.com\/es\/wp-json\/wp\/v2\/posts\/89398","targetHints":{"allow":["GET"]}}],"collection":[{"href":"https:\/\/dimensionturistica.com\/es\/wp-json\/wp\/v2\/posts"}],"about":[{"href":"https:\/\/dimensionturistica.com\/es\/wp-json\/wp\/v2\/types\/post"}],"author":[{"embeddable":true,"href":"https:\/\/dimensionturistica.com\/es\/wp-json\/wp\/v2\/users\/4"}],"replies":[{"embeddable":true,"href":"https:\/\/dimensionturistica.com\/es\/wp-json\/wp\/v2\/comments?post=89398"}],"version-history":[{"count":0,"href":"https:\/\/dimensionturistica.com\/es\/wp-json\/wp\/v2\/posts\/89398\/revisions"}],"wp:featuredmedia":[{"embeddable":true,"href":"https:\/\/dimensionturistica.com\/es\/wp-json\/wp\/v2\/media\/89399"}],"wp:attachment":[{"href":"https:\/\/dimensionturistica.com\/es\/wp-json\/wp\/v2\/media?parent=89398"}],"wp:term":[{"taxonomy":"category","embeddable":true,"href":"https:\/\/dimensionturistica.com\/es\/wp-json\/wp\/v2\/categories?post=89398"},{"taxonomy":"post_tag","embeddable":true,"href":"https:\/\/dimensionturistica.com\/es\/wp-json\/wp\/v2\/tags?post=89398"}],"curies":[{"name":"wp","href":"https:\/\/api.w.org\/{rel}","templated":true}]}}