{"id":89359,"date":"2021-03-02T17:13:34","date_gmt":"2021-03-02T17:13:34","guid":{"rendered":"https:\/\/dimensionturistica.com\/es\/?p=89359"},"modified":"2021-03-02T17:13:34","modified_gmt":"2021-03-02T17:13:34","slug":"llega-el-motor-skyactiv-x-con-186-cv","status":"publish","type":"post","link":"https:\/\/dimensionturistica.com\/es\/llega-el-motor-skyactiv-x-con-186-cv\/","title":{"rendered":"Llega el motor SKYACTIV-X con 186 CV"},"content":{"rendered":"<p> <br \/>\n<\/p>\n<div>\n<p><strong>Desde hace unos d\u00edas es posible adquirir en el mercado espa\u00f1ol la gama 2021 del Mazda3<\/strong> que destaca por a\u00f1adir motores m\u00e1s eficientes y respetuosos con el medio ambiente. Mantiene las dos carrocer\u00edas ya conocidas y la excelente dotaci\u00f3n est\u00e1ndar en todos los acabados.<\/p>\n<p>Los interesados en el Mazda3 podr\u00e1n optar por el<strong> bloque 2.0 SKYACTIV-G con 122 CV<\/strong> y sistema de hibridaci\u00f3n ligero con cambio handbook de seis velocidades o bien con una caja autom\u00e1tica. El tope es el renovado<strong> 2.0 SKYACTIV-X con 186 CV<\/strong> que se oferta con cambio handbook o autom\u00e1tico pero abandona la opci\u00f3n de la tracci\u00f3n whole.<\/p>\n<p><a rel=\"nofollow noopener\" target=\"_blank\" href=\"https:\/\/www.autonocion.com\/imagenes-del-mazda3-my2019\/mazda321\/\"><img decoding=\"async\" class=\"alignnone size-full wp-image-372939\" src=\"data:image\/svg+xml,%3Csvg%20xmlns=\" http:=\"\" alt=\"\" width=\"1200\" height=\"800\" data-lazy- data-lazy- data-lazy-src=\"https:\/\/dimensionturistica.com\/es\/wp-content\/uploads\/2021\/03\/Llega-el-motor-SKYACTIV-X-con-186-CV.jpg\"\/><noscript><img decoding=\"async\" class=\"alignnone size-full wp-image-372939\" src=\"https:\/\/dimensionturistica.com\/es\/wp-content\/uploads\/2021\/03\/Llega-el-motor-SKYACTIV-X-con-186-CV.jpg\" alt=\"\" width=\"1200\" height=\"800\"  \/><\/noscript><\/a><\/p>\n<p>Los niveles de terminaci\u00f3n<strong> se denominan Origin, Evolution y Zenith<\/strong>. De serie en el m\u00e1s sencillo son los faros LED, management de crucero de crucero adaptativo, aviso pre-colisi\u00f3n, frenada autom\u00e1tica en ciudad, lector de se\u00f1ales, SmartBeam, detector de objetos en \u00e1ngulo muerto y alerta con asistente de cambio de carril.<\/p>\n<p>Tambi\u00e9n de serie son el climatizador autom\u00e1tico, <strong>sensor de lluvia, sensor de parking trasero, navegador con pantalla t\u00e1ctil de 8,8 pulgadas, Apple CarPlay, Android Auto<\/strong>, bluetooth, USB, radio DAB, cuatro elevalunas el\u00e9ctricos, espejos t\u00e9rmicos, acceso sin llave y arranque por bot\u00f3n.<\/p>\n<p><a rel=\"nofollow noopener\" target=\"_blank\" href=\"https:\/\/www.autonocion.com\/imagenes-del-mazda3-my2019\/mazda311\/\"><img decoding=\"async\" class=\"alignnone size-full wp-image-372929\" src=\"data:image\/svg+xml,%3Csvg%20xmlns=\" http:=\"\" alt=\"\" width=\"1200\" height=\"800\" data-lazy- data-lazy- data-lazy-src=\"https:\/\/dimensionturistica.com\/es\/wp-content\/uploads\/2021\/03\/1614705212_748_Llega-el-motor-SKYACTIV-X-con-186-CV.jpg\"\/><noscript><img decoding=\"async\" class=\"alignnone size-full wp-image-372929\" src=\"https:\/\/dimensionturistica.com\/es\/wp-content\/uploads\/2021\/03\/1614705212_748_Llega-el-motor-SKYACTIV-X-con-186-CV.jpg\" alt=\"\" width=\"1200\" height=\"800\"  \/><\/noscript><\/a><\/p>\n<p>Completa la dotaci\u00f3n del acabado m\u00e1s sencillo las<strong> llantas de aleaci\u00f3n de 16 pulgadas, volante multifunci\u00f3n forrado en piel, apoyabrazos central delantero, alarma antirrobo, Head Up Show<\/strong>, retrovisores plegables, ordenador de viaje y asiento posterior abatible.<\/p>\n<p>En los m\u00e1s completos pueden incluir asientos calefactables, luces diurnas por LEDs, <strong>tapizado en piel, faros LED adaptativos, sensores de aparcamiento delanteros, sistema de visi\u00f3n 360\u00ba<\/strong>,\u00a0 paquete cromado, espejo inside fotosensible, sistema de sonido Bose, pilar B en negro brillante, and many others.<\/p>\n<p><a rel=\"nofollow noopener\" target=\"_blank\" href=\"https:\/\/www.autonocion.com\/ventas-octubre-2019-australia-las-firmas-japonesas-siguen-dominando\/mazda3_sedan_806\/\"><img decoding=\"async\" class=\"alignnone size-full wp-image-426591\" src=\"data:image\/svg+xml,%3Csvg%20xmlns=\" http:=\"\" alt=\"\" width=\"1700\" height=\"896\" data-lazy- data-lazy- data-lazy-src=\"https:\/\/dimensionturistica.com\/es\/wp-content\/uploads\/2021\/03\/Llega-el-motor-SKYACTIV-X-con-186-CV.jpeg\"\/><noscript><img decoding=\"async\" class=\"alignnone size-full wp-image-426591\" src=\"https:\/\/dimensionturistica.com\/es\/wp-content\/uploads\/2021\/03\/Llega-el-motor-SKYACTIV-X-con-186-CV.jpeg\" alt=\"\" width=\"1700\" height=\"896\"  \/><\/noscript><\/a><\/p>\n<p><strong>Los precios recomendados sin descuentos arrancan en los 25.145 \u20ac del Mazda3 2.0 SKYACTIV-G 122 CV 6MT Origin<\/strong> y alcanzan los 36.145 \u20ac del Mazda3 Sportsed\u00e1n 2.0 SKYACTIV-X 186 CV 6AT Zenith con el tapizado en piel de coloration claro y el paquete de seguridad Security.<\/p>\n<\/div>\n\n<p><em> &#8221; Fuentes www.autonocion.com &#8221; <\/em><\/p>\n","protected":false},"excerpt":{"rendered":"<p>Desde hace unos d\u00edas es posible adquirir en el mercado espa\u00f1ol la gama 2021 del Mazda3 que destaca por a\u00f1adir motores m\u00e1s eficientes y respetuosos con el medio ambiente. Mantiene las dos carrocer\u00edas ya conocidas y la excelente dotaci\u00f3n est\u00e1ndar en todos los acabados. Los interesados en el Mazda3 podr\u00e1n optar por el bloque 2.0 [&hellip;]<\/p>\n","protected":false},"author":4,"featured_media":89360,"comment_status":"open","ping_status":"closed","sticky":false,"template":"","format":"standard","meta":{"om_disable_all_campaigns":false,"jnews-multi-image_gallery":[],"jnews_single_post":[],"jnews_primary_category":[],"jnews_social_meta":[],"footnotes":""},"categories":[41],"tags":[],"class_list":["post-89359","post","type-post","status-publish","format-standard","has-post-thumbnail","hentry","category-cruceros"],"_links":{"self":[{"href":"https:\/\/dimensionturistica.com\/es\/wp-json\/wp\/v2\/posts\/89359","targetHints":{"allow":["GET"]}}],"collection":[{"href":"https:\/\/dimensionturistica.com\/es\/wp-json\/wp\/v2\/posts"}],"about":[{"href":"https:\/\/dimensionturistica.com\/es\/wp-json\/wp\/v2\/types\/post"}],"author":[{"embeddable":true,"href":"https:\/\/dimensionturistica.com\/es\/wp-json\/wp\/v2\/users\/4"}],"replies":[{"embeddable":true,"href":"https:\/\/dimensionturistica.com\/es\/wp-json\/wp\/v2\/comments?post=89359"}],"version-history":[{"count":0,"href":"https:\/\/dimensionturistica.com\/es\/wp-json\/wp\/v2\/posts\/89359\/revisions"}],"wp:featuredmedia":[{"embeddable":true,"href":"https:\/\/dimensionturistica.com\/es\/wp-json\/wp\/v2\/media\/89360"}],"wp:attachment":[{"href":"https:\/\/dimensionturistica.com\/es\/wp-json\/wp\/v2\/media?parent=89359"}],"wp:term":[{"taxonomy":"category","embeddable":true,"href":"https:\/\/dimensionturistica.com\/es\/wp-json\/wp\/v2\/categories?post=89359"},{"taxonomy":"post_tag","embeddable":true,"href":"https:\/\/dimensionturistica.com\/es\/wp-json\/wp\/v2\/tags?post=89359"}],"curies":[{"name":"wp","href":"https:\/\/api.w.org\/{rel}","templated":true}]}}