{"id":893556,"date":"2024-12-20T16:13:31","date_gmt":"2024-12-20T16:13:31","guid":{"rendered":"https:\/\/dimensionturistica.com\/es\/?p=893556"},"modified":"2024-12-20T16:13:31","modified_gmt":"2024-12-20T16:13:31","slug":"tres-tendencias-de-moda-primavera-2025-que-puedes-comprar-y-usar-hoy-mismo","status":"publish","type":"post","link":"https:\/\/dimensionturistica.com\/es\/tres-tendencias-de-moda-primavera-2025-que-puedes-comprar-y-usar-hoy-mismo\/","title":{"rendered":"Tres Tendencias de Moda Primavera 2025 que Puedes Comprar y Usar Hoy Mismo"},"content":{"rendered":"<p><strong>La Conexi\u00f3n entre Moda y Destinos: Tendencias Primaverales que Inspiran Viajes<\/strong><\/p>\n<p>La llegada de la primavera no solo trae consigo la alegr\u00eda de d\u00edas m\u00e1s c\u00e1lidos y coloridos, sino que tambi\u00e9n despierta una fascinaci\u00f3n nueva en el mundo de la moda. Cada temporada, las pasarelas y los contextos culturales se entrelazan, influyendo en las elecciones de viaje de los aficionados al estilo. Si est\u00e1s buscando escapadas que no solo estimulen tu esp\u00edritu aventurero sino tambi\u00e9n tu sentido del estilo, este art\u00edculo es para ti.<\/p>\n<p><strong>Colores que Inspiran Viajes<\/strong><\/p>\n<p>Este a\u00f1o, los tonos vibrantes dominan la escena. Las paletas de colores inspiradas en la naturaleza, como el verde esmeralda y el amarillo brillante, evocan paisajes naturales que son tanto un fest\u00edn visual como un refugio apacible. Imagina pasear por los campos de girasoles en la regi\u00f3n de Provence, Francia, o explorar los exuberantes jardines de Keukenhof en los Pa\u00edses Bajos. Estos lugares no solo son perfectos para lucir tu atuendo primaveral, sino que la mezcla de cultura y naturaleza te permitir\u00e1 sentirte parte de una obra de arte viva.<\/p>\n<p><strong>Siluetas Aireadas y Comfort en Movimiento<\/strong><\/p>\n<p>La comodidad se convierte en una prioridad en las tendencias de moda de esta temporada. Las siluetas sueltas y fluidas invitan a viajar sin restricciones. Piensa en un vestido maxi o una blusa de lino que te acompa\u00f1e mientras exploras las calles empedradas de Lisboa o disfrutas de una tarde en una terraza en Barcelona. La versatilidad de estas piezas te permite adaptarlas a diferentes entornos, desde un almuerzo elegante hasta una vista casual en la playa.<\/p>\n<p><strong>Texturas Naturales: La Sostenibilidad en el Mapa<\/strong><\/p>\n<p>La moda sostenible sigue ganando relevancia, y esto se traduce en un enfoque hacia texturas naturales y materiales eco-amigables. Los tejidos de algod\u00f3n org\u00e1nico y las fibras de bamb\u00fa no solo son c\u00f3modos y transpirables, sino que tambi\u00e9n son una declaraci\u00f3n de tu compromiso con el medio ambiente. Este enfoque se puede alinearse con destinos que priorizan la sostenibilidad, como Costa Rica, donde la ecolog\u00eda es parte del atractivo de sus hermosos paisajes.<\/p>\n<p><strong>Accesorios que Cuentan Historias<\/strong><\/p>\n<p>Los accesorios juegan un papel crucial en la moda primaveral de este a\u00f1o. Desde bolsos de paja que evocan escapadas a la playa mediterr\u00e1nea hasta joyas artesanales que cuentan una historia, estos detalles pueden transformar un atuendo simple en algo excepcional. Destinos como Marruecos, famoso por su rica cultura artesanal, ofrecen experiencias \u00fanicas donde puedes adquirir aut\u00e9nticas piezas que llevar\u00e1s como recuerdos de viaje.<\/p>\n<p><strong>Inspiraciones en Todo el Mundo<\/strong><\/p>\n<p>El cruce de culturas se refleja en dise\u00f1os que a menudo contienen elementos ex\u00f3ticos. Imagina una chaqueta de estilo asi\u00e1tico que puedas llevar en un paseo por los templos de Tailandia o una prenda con estampados africanos mientras exploras los safaris en Sud\u00e1frica. Viajar no solo abre tus horizontes, sino que tambi\u00e9n te permite mezclar y combinar estilos globales en tu guardarropa.<\/p>\n<p><strong>Conclusi\u00f3n: Moda como Viaje y Viaje como Moda<\/strong><\/p>\n<p>Este verano, alista tu equipaje no solo con ropa elegante, sino con la mentalidad de un explorador. Cada destino tiene el potencial de enriquecer tu estilo personal mientras te sumerges en nuevas culturas. La moda de primavera no solo se lleva puesta; se vive en los viajes y las experiencias. Con cada prenda, cada accesorio, y cada lugar visitado, est\u00e1s no solo creando un look, sino una narrativa personal que cuenta tu historia a trav\u00e9s de la moda y el descubrimiento. As\u00ed que, \u00bfcu\u00e1l ser\u00e1 tu pr\u00f3ximo destino? \u00a1La primavera est\u00e1 llamando y la aventura aguarda!<\/p>\n<p><em> &#8221; Sources www.vogue.com &#8221; <\/em><\/p>\n<p><em> &#8221; Fuentes www.vogue.com &#8221; <\/em><\/p>\n","protected":false},"excerpt":{"rendered":"<p>La Conexi\u00f3n entre Moda y Destinos: Tendencias Primaverales que Inspiran Viajes La llegada de la primavera no solo trae consigo la alegr\u00eda de d\u00edas m\u00e1s c\u00e1lidos y coloridos, sino que tambi\u00e9n despierta una fascinaci\u00f3n nueva en el mundo de la moda. Cada temporada, las pasarelas y los contextos culturales se entrelazan, influyendo en las elecciones [&hellip;]<\/p>\n","protected":false},"author":4,"featured_media":893557,"comment_status":"open","ping_status":"closed","sticky":false,"template":"","format":"standard","meta":{"om_disable_all_campaigns":false,"jnews-multi-image_gallery":[],"jnews_single_post":[],"jnews_primary_category":[],"jnews_social_meta":[],"footnotes":""},"categories":[144872],"tags":[198537,198594,198536,198535,199110,130092,166,199114,198542,198499,198516,202,199111,199113,198500,199112,373],"class_list":["post-893556","post","type-post","status-publish","format-standard","has-post-thumbnail","hentry","category-fashion","tag-_commerce","tag-_sensitivecontent","tag-_seo","tag-_syndication_noshow","tag-affiliate-disclaimer-disable","tag-apparel","tag-fashion","tag-fashion-forecast","tag-fashion-trends","tag-onecolumn","tag-seasonal-trends","tag-shopping","tag-spring-2025","tag-style-tips","tag-textabovecenterfullbleed","tag-wearable-fashion","tag-web"],"_links":{"self":[{"href":"https:\/\/dimensionturistica.com\/es\/wp-json\/wp\/v2\/posts\/893556","targetHints":{"allow":["GET"]}}],"collection":[{"href":"https:\/\/dimensionturistica.com\/es\/wp-json\/wp\/v2\/posts"}],"about":[{"href":"https:\/\/dimensionturistica.com\/es\/wp-json\/wp\/v2\/types\/post"}],"author":[{"embeddable":true,"href":"https:\/\/dimensionturistica.com\/es\/wp-json\/wp\/v2\/users\/4"}],"replies":[{"embeddable":true,"href":"https:\/\/dimensionturistica.com\/es\/wp-json\/wp\/v2\/comments?post=893556"}],"version-history":[{"count":0,"href":"https:\/\/dimensionturistica.com\/es\/wp-json\/wp\/v2\/posts\/893556\/revisions"}],"wp:featuredmedia":[{"embeddable":true,"href":"https:\/\/dimensionturistica.com\/es\/wp-json\/wp\/v2\/media\/893557"}],"wp:attachment":[{"href":"https:\/\/dimensionturistica.com\/es\/wp-json\/wp\/v2\/media?parent=893556"}],"wp:term":[{"taxonomy":"category","embeddable":true,"href":"https:\/\/dimensionturistica.com\/es\/wp-json\/wp\/v2\/categories?post=893556"},{"taxonomy":"post_tag","embeddable":true,"href":"https:\/\/dimensionturistica.com\/es\/wp-json\/wp\/v2\/tags?post=893556"}],"curies":[{"name":"wp","href":"https:\/\/api.w.org\/{rel}","templated":true}]}}