{"id":89347,"date":"2021-03-02T16:57:13","date_gmt":"2021-03-02T16:57:13","guid":{"rendered":"https:\/\/dimensionturistica.com\/es\/?p=89347"},"modified":"2021-03-02T16:57:13","modified_gmt":"2021-03-02T16:57:13","slug":"anuncia-mega-corte-de-agua-siapa-en-zmg-guadalajara","status":"publish","type":"post","link":"https:\/\/dimensionturistica.com\/es\/anuncia-mega-corte-de-agua-siapa-en-zmg-guadalajara\/","title":{"rendered":"Anuncia mega corte de agua SIAPA en ZMG | Guadalajara"},"content":{"rendered":"<p> <br \/>\n<\/p>\n<div itemprop=\"articleBody\">\n<p><strong>Por: Redacci\u00f3n W Radio<\/strong><\/p>\n<p>Ante el cierre de la Presa Calder\u00f3n, el Sistema Intermunicipal de los Servicios de Agua Potable y Alcantarillado (Siapa) en coordinaci\u00f3n con los ayuntamientos del \u00c1rea Metropolitana de Guadalajara, anunci\u00f3 la implementaci\u00f3n de un plan de redistribuci\u00f3n de agua potable con el fin de garantizar su abastecimiento, lo que afectar\u00e1 el servicio en diversas colonias principalmente de la zona norte y oriente de la ciudad.<\/p>\n<p>El organismo explic\u00f3 que <em>&#8220;el temporal de lluvias del a\u00f1o pasado no fue lo suficientemente vasto para mantener el volumen necesario de dicha presa, que es una de las principales fuentes que abastece agua&#8221;.<\/em> As\u00ed mismo ante el aumento de las temperaturas se prev\u00e9 una mayor demanda del l\u00edquido, por lo que piden a la ciudadan\u00eda cuidar su uso <em>&#8220;ya que se prev\u00e9n bajas presiones y niveles en los tanques de distribuci\u00f3n, lo que podr\u00eda provocar la suspensi\u00f3n del servicio durante algunas horas del d\u00eda durante los pr\u00f3ximos meses&#8221; .<\/em><\/p>\n<p>El SIAPA agreg\u00f3 que para hacer frente a la situaci\u00f3n, se ofrecer\u00e1n pipas gratuitas al 3336682482 para que los usuarios afectados puedan cargar sus cisternas y aljibes, adem\u00e1s de que se priorizar\u00e1 la atenci\u00f3n en hospitales, asilos y albergues, para evitar que se afecte el servicio en estos lugares. Son m\u00e1s de 200 las colonias afectadas enseguida las enlistamos:<\/p>\n<p><strong>-Zonas de Influencia de la Presa Calder\u00f3n (verde)<\/strong><br \/><strong>Zapopan:<\/strong><br \/>Agraria<br \/>Agua Fr\u00eda<br \/>Alamedas de Tesistan<br \/>Alc\u00e1zar Oriente<br \/>Altamira<br \/>Arroyo Hondo<br \/>Arboledas<br \/>Atlas Colomos<br \/>Auditorio<br \/>Balcones de La Cantera<br \/>Belenes Norte<br \/>Benito Ju\u00e1rez<br \/>Bosque Escondido<br \/>Caba\u00f1itas<br \/>Cantera Morada<br \/>Canteros<br \/>Colinas de Tabachines<br \/>Conjunto Patria<br \/>Constituci\u00f3n<br \/>Constituyentes<br \/>Crucero de La Mesa<br \/>Crucero de La Azalea<br \/>Crucero de Los Novelistas<br \/>Crucero de Divisi\u00f3n del Norte<br \/>Ecol\u00f3gica<br \/>Seattle<br \/>El Capullo<br \/>El Para\u00edso<br \/>El Prado<br \/>El Vig\u00eda<br \/>Emiliano Zapata<br \/>Fovissste<br \/>Guadalajarita<br \/>Gusa<br \/>Hacienda de Las Lomas<br \/>Ind\u00edgena de Mezquit\u00e1n<br \/>Industrial Los Belenes<br \/>Jacarandas<br \/>Jardines de La Esperanza<br \/>Jardines de La Patria<br \/>Jardines de Los Belenes<br \/>Jardines de Tabachines<br \/>Jardines del Auditorio<br \/>Jardines del Porvenir<br \/>Jardines del Vig\u00eda<br \/>Jardines Seattle<br \/>Jardines Universidad<br \/>Jardines Vallarta<br \/>Juan Manuel Vallarta<br \/>Junta de Los Ocotes<br \/>La Aurora<br \/>La Coronilla<br \/>La Experiencia<br \/>La Higuera<br \/>La Martinica<br \/>Lagos del Nation<br \/>Las Palmas<br \/>Laureles<br \/>Lindavista<br \/>Loma Blanca<br \/>Loma Actual<br \/>Lomas de Tabachines<br \/>Lomas del Bosque<br \/>Lomas del Pedregal<br \/>Lomas del Refugio<br \/>Lomas del Valle<br \/>Lomas del Vergel<br \/>Los Frailes<br \/>Los Maestros<br \/>Los Naranjos<br \/>Mesa Colorada Poniente<br \/>Mesa de Los Ocotes<br \/>Miguel Hidalgo<br \/>Mirador Escondido<br \/>Molino del Salvador<br \/>Nueva Espa\u00f1a<br \/>Nuevo Vergel<br \/>Patria Universidad<br \/>Pino Su\u00e1rez<br \/>Pontevedra<br \/>Puerta Aqua<br \/>Puerta de Plata<br \/>Puerta de Hierro<br \/>Puerta del Bosque<br \/>Puerta del Roble<br \/>Quintas del Federalismo<br \/>Rinconada del Auditorio<br \/>Actual del Bosque<br \/>Rep\u00fablica<br \/>Royal Nation<br \/>San Bernardo<br \/>San Francisco<br \/>San Isidro Ejidal<br \/>San Jos\u00e9 del Baj\u00edo<br \/>San Miguel De La Colina<br \/>Santa Fe<br \/>Santa Isabel<br \/>Santa Margarita 1ra. Secci\u00f3n<br \/>Seattle<br \/>Tabachines<br \/>Tepeyac<br \/>UAG<br \/>Unidad Jos\u00e9 Luis L\u00f3pez Portillo<br \/>Vallarta Universidad<br \/>Valle de Atemajac<br \/>V\u00edctor Hugo<br \/>Vigusa<br \/>Villa Coral<br \/>Villa de Guadalupe<br \/>Villa Magna<br \/>Villa Universitaria<br \/>Villas Belenes<br \/>Villas del M\u00e1rquez<br \/>Villas San Ignacio<br \/>Vista Hermosa<br \/>Zapopan Centro<br \/>Zoquipan<br \/>Zoto Grande Residencial<\/p>\n<p><strong>Guadalajara<\/strong>:<br \/>Alcalde Barranquitas<br \/>Autocinema<br \/>Balcones de Huentit\u00e1n<br \/>Centro<br \/>Centro Barranquitas<br \/>Colinas de Huentit\u00e1n<br \/>Colinas de San Javier<br \/>Colinas Residencial<br \/>Colomos<br \/>Colomos Providencia<br \/>Nation Membership<br \/>Divisi\u00f3n del Norte<br \/>El Jag\u00fcey<br \/>El Retiro<br \/>Fovissste Estadio<br \/>Huentit\u00e1n El Bajo<br \/>Independencia<br \/>Infonavit Estadio<br \/>Infonavit Independencia<br \/>La Regular<br \/>Lomas de Independencia<br \/>Lomas del Para\u00edso I<br \/>Lomas del Para\u00edso II<br \/>Lomas del Para\u00edso III<br \/>Mezquit\u00e1n<br \/>Panor\u00e1mica de Huentit\u00e1n<br \/>Fashionable N. 9<br \/>Rancho Nuevo<br \/>Ricardo Flores Mag\u00f3n<br \/>San El\u00edas<br \/>San Patricio<br \/>Santa Elena de La Cruz<\/p>\n<p><strong>Tonal\u00e1<\/strong>:<br \/>Jalisco III Secci\u00f3n<br \/>Jalisco IV Secci\u00f3n<br \/>Lomas del Laurel I<\/p>\n<p><strong>-Zonas Vulnerables (partes altas, amarillo)<\/strong><br \/><strong>Zapopan:<\/strong><br \/>12 de diciembre<br \/>Arrayanes H\u00e1bitat<br \/>Balcones del Sol<br \/>Ciudad Granja<br \/>Coto Estancia del Bosque<br \/>El Tizate<br \/>Fracc. Luna del Bosque<br \/>La Granja<br \/>Lomas de La Primavera<br \/>Oyamel<br \/>Puerta del Bosque<br \/>Puerta de Hierro<br \/>Villa Primavera<br \/>Fraccionamiento Reserva Actual<br \/>Fraccionamiento Oracle<br \/>Fraccionamiento Novaterra<\/p>\n<p><strong>Guadalajara:<\/strong><br \/>Blanco Y Cuellar<br \/>Margarita Maza de Ju\u00e1rez<\/p>\n<p><strong>Tonal\u00e1:<\/strong><br \/>Alamedas de Zalatit\u00e1n<br \/>Cd. Aztl\u00e1n<br \/>Fidel Vel\u00e1zquez<br \/>La Jalisco 2da. Secci\u00f3n<br \/>La Mesa<br \/>Las Lomas<br \/>Loma Dorada<br \/>Los Pocitos<br \/>Mirador I y II<br \/>Pinar de Las Palomas<br \/>Privada de La Reyna<br \/>Rey X\u00f3lotl<br \/>Tonantz\u00edn<br \/>Valenciana<br \/>Vistas del Rey<br \/>Xocox\u00f3chilt<br \/>Zalatit\u00e1n<\/p>\n<p><strong>Tlaquepaque<\/strong>:<br \/>Alberos<br \/>Artesanos<br \/>Altus Tlaquepaque<br \/>Arrayanes<br \/>Balcones Santa Mar\u00eda<br \/>Campesino<br \/>Cantera Colorada<br \/>Colorines<br \/>El Jag\u00fcey<br \/>El Vergel<br \/>Fovissste Miravalle<br \/>Jardines de San Mart\u00edn<br \/>La Floresta<br \/>Las Lomas Residencial<br \/>Lomas del Cuatro<br \/>Miravalle<br \/>Nueva Espa\u00f1a<br \/>Nueva Santa Mar\u00eda<br \/>\u00d3rgano<br \/>Santa Cruz de Las Huertas<br \/>Vergelito<br \/>Villas del Tapat\u00edo<\/p>\n<p><strong>-Zona no incorporada (rojo)<\/strong><br \/><strong>Zapopan<\/strong><br \/>Lomas de Tabachines<br \/>Lomas del Vergel<br \/>Lomas del Centinela<\/p>\n<\/div>\n<p><script>\n  !function(f,b,e,v,n,t,s)\n  {if(f.fbq)return;n=f.fbq=function(){n.callMethod?\n  n.callMethod.apply(n,arguments):n.queue.push(arguments)};\n  if(!f._fbq)f._fbq=n;n.push=n;n.loaded=!0;n.version='2.0';\n  n.queue=[];t=b.createElement(e);t.async=!0;\n  t.src=v;s=b.getElementsByTagName(e)[0];\n  s.parentNode.insertBefore(t,s)}(window, document,'script',\n  'https:\/\/connect.facebook.net\/en_US\/fbevents.js');\n  fbq('init', '2267805830124172');\n  fbq('track', 'PageView');\n<\/script><script>\t\t\n\t\t(function(d, s, id) {\n  \t\t\tvar js, fjs = d.getElementsByTagName(s)[0];\n  \t\t\tif (d.getElementById(id)) return;\n  \t\t\tjs = d.createElement(s); js.id = id;\n  \t\t\tjs.src = \"https:\/\/connect.facebook.net\/es_ES\/all.js#xfbml=1&appId=XXXXX\";\n  \t\t\tfjs.parentNode.insertBefore(js, fjs);\n\t\t}(document, 'script', 'facebook-jssdk'));<\/script><script>\n                window.fbAsyncInit = function() {\n\t\t\t\t\tFB.init({\n\t\t\t\t\t\txfbml      : true,\n\t\t\t\t\t\tversion    : 'v2.12'\n\t\t\t\t\t});\n\t\t\t\t};\n                (function(d, s, id){\n\t\t\t\t\tvar js, fjs = d.getElementsByTagName(s)[0];\n\t\t\t\t\tif (d.getElementById(id)) {return;}\n\t\t\t\t\tjs = d.createElement(s); js.id = id;\n\t\t\t\t\tjs.src = \"https:\/\/connect.facebook.net\/en_US\/sdk.js\";\n\t\t\t\t\tfjs.parentNode.insertBefore(js, fjs);\n\t\t\t\t}(document, 'script', 'facebook-jssdk'));\n\t\t\t<\/script><script>\n\twindow.fbAsyncInit = function() {\n\t\tFB.init({\n\t\t\txfbml      : true,\n\t\t\tversion    : 'v2.12'\n\t\t});\n\t};\n\t(function(d, s, id){\n\t\tvar js, fjs = d.getElementsByTagName(s)[0];\n\t\tif (d.getElementById(id)) {return;}\n\t\tjs = d.createElement(s); js.id = id;\n\t\tjs.src = \"https:\/\/connect.facebook.net\/en_US\/sdk.js\";\n\t\tfjs.parentNode.insertBefore(js, fjs);\n\t}(document, 'script', 'facebook-jssdk'));\n<\/script><br \/>\n<br \/><\/p>\n<p><em> &#8221; Fuentes wradio.com.mx &#8221; <\/em><\/p>\n","protected":false},"excerpt":{"rendered":"<p>Por: Redacci\u00f3n W Radio Ante el cierre de la Presa Calder\u00f3n, el Sistema Intermunicipal de los Servicios de Agua Potable y Alcantarillado (Siapa) en coordinaci\u00f3n con los ayuntamientos del \u00c1rea Metropolitana de Guadalajara, anunci\u00f3 la implementaci\u00f3n de un plan de redistribuci\u00f3n de agua potable con el fin de garantizar su abastecimiento, lo que afectar\u00e1 el [&hellip;]<\/p>\n","protected":false},"author":4,"featured_media":89348,"comment_status":"open","ping_status":"closed","sticky":false,"template":"","format":"standard","meta":{"om_disable_all_campaigns":false,"jnews-multi-image_gallery":[],"jnews_single_post":[],"jnews_primary_category":[],"jnews_social_meta":[],"footnotes":""},"categories":[41],"tags":[],"class_list":["post-89347","post","type-post","status-publish","format-standard","has-post-thumbnail","hentry","category-cruceros"],"_links":{"self":[{"href":"https:\/\/dimensionturistica.com\/es\/wp-json\/wp\/v2\/posts\/89347","targetHints":{"allow":["GET"]}}],"collection":[{"href":"https:\/\/dimensionturistica.com\/es\/wp-json\/wp\/v2\/posts"}],"about":[{"href":"https:\/\/dimensionturistica.com\/es\/wp-json\/wp\/v2\/types\/post"}],"author":[{"embeddable":true,"href":"https:\/\/dimensionturistica.com\/es\/wp-json\/wp\/v2\/users\/4"}],"replies":[{"embeddable":true,"href":"https:\/\/dimensionturistica.com\/es\/wp-json\/wp\/v2\/comments?post=89347"}],"version-history":[{"count":0,"href":"https:\/\/dimensionturistica.com\/es\/wp-json\/wp\/v2\/posts\/89347\/revisions"}],"wp:featuredmedia":[{"embeddable":true,"href":"https:\/\/dimensionturistica.com\/es\/wp-json\/wp\/v2\/media\/89348"}],"wp:attachment":[{"href":"https:\/\/dimensionturistica.com\/es\/wp-json\/wp\/v2\/media?parent=89347"}],"wp:term":[{"taxonomy":"category","embeddable":true,"href":"https:\/\/dimensionturistica.com\/es\/wp-json\/wp\/v2\/categories?post=89347"},{"taxonomy":"post_tag","embeddable":true,"href":"https:\/\/dimensionturistica.com\/es\/wp-json\/wp\/v2\/tags?post=89347"}],"curies":[{"name":"wp","href":"https:\/\/api.w.org\/{rel}","templated":true}]}}