{"id":89257,"date":"2021-03-02T13:35:26","date_gmt":"2021-03-02T13:35:26","guid":{"rendered":"https:\/\/dimensionturistica.com\/es\/?p=89257"},"modified":"2021-03-02T13:35:26","modified_gmt":"2021-03-02T13:35:26","slug":"msc-insiste-en-la-necesidad-de-que-los-puertos-espanoles-vuelvan-a-abrir-los-cruceros","status":"publish","type":"post","link":"https:\/\/dimensionturistica.com\/es\/msc-insiste-en-la-necesidad-de-que-los-puertos-espanoles-vuelvan-a-abrir-los-cruceros\/","title":{"rendered":"MSC insiste en la necesidad de que los puertos espa\u00f1oles vuelvan a abrir los cruceros"},"content":{"rendered":"<p> <br \/>\n<\/p>\n<div id=\"penci-post-entry-inner\">\n<p>MSC Cruceros ha anunciado que uno de sus barcos m\u00e1s innovadores, MSC SEASIDE, estar\u00e1 por primera vez en Europa desde su lanzamiento en 2017, uni\u00e9ndose al buque insignia de la compa\u00f1\u00eda MSC GRANDIOSA en el Mediterr\u00e1neo, a partir del 1 de mayo.<\/p>\n<p>Al respecto, Fernando Pacheco, director normal de MSC Cruceros en Espa\u00f1a, ha declarado que: \u201cSi bien como compa\u00f1\u00eda estamos felices de ver un segundo barco de MSC Cruceros navegando por el Mediterr\u00e1neo, como l\u00edderes de mercado en Espa\u00f1a, lamentamos no poder hacer que nuestros barcos hagan escala en los puertos espa\u00f1oles ya que estos permanecen cerrados.<\/p>\n<p>Pacheco a\u00f1ade que \u201desperamos poder hacer escala en Espa\u00f1a en un futuro muy cercano y estamos ansiosos de hacerlo. Con este fin, como industria, estamos trabajando en estrecha colaboraci\u00f3n con las autoridades locales y nacionales para garantizar que los puertos espa\u00f1oles vuelvan a abrir a los cruceros cuando sea el momento adecuado para Espa\u00f1a y somos optimistas de que ser\u00e1 m\u00e1s pronto que tarde\u201d.<\/p>\n<p><strong>Itinerario complementario al MSC GRANDIOSA<\/strong><\/p>\n<p>MSC SEASIDE realizar\u00e1 un itinerario completamente nuevo, que ser\u00e1 complementario al ofrecido por MSC GRANDIOSA, con cruceros de 7 noches con escala en G\u00e9nova, La Valeta en Malta y Civitavecchia o N\u00e1poles con dos nuevos puertos de escala por primera vez: Siracusa en Sicilia y Taranto en Puglia. El embarque estar\u00e1 disponible en todos los puertos italianos.<\/p>\n<p>MSC SEASIDE implementar\u00e1 su protocolo de sanidad e higiene pionero en la industria de MSC Cruceros, el cual se lleva implementando desde agosto de 2020, para la protecci\u00f3n de sus pasajeros y tripulaci\u00f3n. Las medidas incluyen pruebas universales en el embarque, as\u00ed como check a mitad del crucero y pruebas semanales a la tripulaci\u00f3n, distanciamiento social, uso de mascarillas en zonas p\u00fablicas, excursiones en tierra protegidas, as\u00ed como una higiene profunda mejorada y procedimientos de limpieza continuos.<\/p>\n<p>El itinerario precise de MSC GRANDIOSA se extender\u00e1 hasta el 30 de mayo con el barco haciendo escala en los puertos italianos de G\u00e9nova, Civitavecchia, N\u00e1poles, Palermo y La Valeta en Malta. MSC Grandiosa ha recibido a pasajeros desde agosto del a\u00f1o pasado y desde entonces ha transportado de manera segura y responsable a m\u00e1s de 40.000 personas mientras disfrutaban de sus vacaciones en el mar. Los itinerarios de MSC SEASIDE y MSC GRANDIOSA est\u00e1n actualmente disponibles para residentes de pa\u00edses Schengen y Bulgaria, Croacia y Ruman\u00eda.<\/p>\n<p><strong>Rutas actualizadas<\/strong><\/p>\n<p>MSC Cruceros tambi\u00e9n ha actualizado los itinerarios para el inicio de su temporada de verano como resultado del retraso en el regreso a la disponibilidad de ciertos puertos en toda Europa y est\u00e1 cancelando todos los dem\u00e1s itinerarios en el Mediterr\u00e1neo Occidental para abril y mayo. Los cruceros se reanudar\u00e1n a partir de junio como se plane\u00f3.<\/p>\n<p>Por otro lado, se han cancelado los cruceros por el Mediterr\u00e1neo Oriental del mes de abril y volver\u00e1n a realizarse a partir de mayo, como estaba planeado. En el Norte de Europa, todos los itinerarios de abril han sido cancelados. Adem\u00e1s, en el Caribe se han cancelado los cruceros hasta el 31 de mayo.<\/p>\n<p>Los pasajeros afectados por estos cambios podr\u00e1n volver a reservar en otro crucero \u2013 incluyendo MSC SEASIDE y MSC GRANDIOSA en el Mediterr\u00e1neo \u2013 y deber\u00e1n ponerse en contacto con su agente de viajes para actualizaciones de su barco.<\/p>\n<\/div>\n\n<p><em> &#8221; Fuentes www.naucher.com &#8221; <\/em><\/p>\n","protected":false},"excerpt":{"rendered":"<p>MSC Cruceros ha anunciado que uno de sus barcos m\u00e1s innovadores, MSC SEASIDE, estar\u00e1 por primera vez en Europa desde su lanzamiento en 2017, uni\u00e9ndose al buque insignia de la compa\u00f1\u00eda MSC GRANDIOSA en el Mediterr\u00e1neo, a partir del 1 de mayo. Al respecto, Fernando Pacheco, director normal de MSC Cruceros en Espa\u00f1a, ha declarado [&hellip;]<\/p>\n","protected":false},"author":4,"featured_media":89258,"comment_status":"open","ping_status":"closed","sticky":false,"template":"","format":"standard","meta":{"om_disable_all_campaigns":false,"jnews-multi-image_gallery":[],"jnews_single_post":[],"jnews_primary_category":[],"jnews_social_meta":[],"footnotes":""},"categories":[41],"tags":[],"class_list":["post-89257","post","type-post","status-publish","format-standard","has-post-thumbnail","hentry","category-cruceros"],"_links":{"self":[{"href":"https:\/\/dimensionturistica.com\/es\/wp-json\/wp\/v2\/posts\/89257","targetHints":{"allow":["GET"]}}],"collection":[{"href":"https:\/\/dimensionturistica.com\/es\/wp-json\/wp\/v2\/posts"}],"about":[{"href":"https:\/\/dimensionturistica.com\/es\/wp-json\/wp\/v2\/types\/post"}],"author":[{"embeddable":true,"href":"https:\/\/dimensionturistica.com\/es\/wp-json\/wp\/v2\/users\/4"}],"replies":[{"embeddable":true,"href":"https:\/\/dimensionturistica.com\/es\/wp-json\/wp\/v2\/comments?post=89257"}],"version-history":[{"count":0,"href":"https:\/\/dimensionturistica.com\/es\/wp-json\/wp\/v2\/posts\/89257\/revisions"}],"wp:featuredmedia":[{"embeddable":true,"href":"https:\/\/dimensionturistica.com\/es\/wp-json\/wp\/v2\/media\/89258"}],"wp:attachment":[{"href":"https:\/\/dimensionturistica.com\/es\/wp-json\/wp\/v2\/media?parent=89257"}],"wp:term":[{"taxonomy":"category","embeddable":true,"href":"https:\/\/dimensionturistica.com\/es\/wp-json\/wp\/v2\/categories?post=89257"},{"taxonomy":"post_tag","embeddable":true,"href":"https:\/\/dimensionturistica.com\/es\/wp-json\/wp\/v2\/tags?post=89257"}],"curies":[{"name":"wp","href":"https:\/\/api.w.org\/{rel}","templated":true}]}}