{"id":89222,"date":"2021-03-02T12:20:03","date_gmt":"2021-03-02T12:20:03","guid":{"rendered":"https:\/\/dimensionturistica.com\/es\/?p=89222"},"modified":"2021-03-02T12:20:03","modified_gmt":"2021-03-02T12:20:03","slug":"con-estrictos-protocolos-de-bioseguridad-se-reinician-viajes-en-chimbote-noticias","status":"publish","type":"post","link":"https:\/\/dimensionturistica.com\/es\/con-estrictos-protocolos-de-bioseguridad-se-reinician-viajes-en-chimbote-noticias\/","title":{"rendered":"Con estrictos protocolos de bioseguridad, se reinician viajes en Chimbote | Noticias"},"content":{"rendered":"<p> <br \/>\n<\/p>\n<p style=\"display: inline;\">\n                        Tras el levantamiento de la cuarentena, el terminal terrestre de la municipalidad provincial del Santa (MPS) reabri\u00f3 hoy sus puertas al p\u00fablico usuario para reiniciar el servicio de transporte interprovincial en Chimbote, que se hizo bajo estrictos protocolos de bioseguridad para contener la propagaci\u00f3n del covid-19.<\/p>\n<div>\n<p>Desde tempranas horas, decenas de pasajeros llegaron hasta el terrapuerto chimbotano para comprar pasajes y poder viajar a diversas partes del pa\u00eds.<\/p>\n<p>\u201c<strong>Hemos iniciado el servicio cumpliendo con el protocolo de bioseguridad<\/strong>, es decir, se est\u00e1 tomando la temperatura, lavado de manos, se exige el distanciamiento f\u00edsico, adem\u00e1s del uso obligatorio de mascarillas y caretas faciales, para evitar contagio del virus\u201d, detall\u00f3 el administrador del terrapuerto, \u00d3scar Valderrama Reyes.<\/p>\n<p><img decoding=\"async\" alt=\"Desde tempranas horas, decenas de pasajeros llegaron hasta el terrapuerto chimbotano.\" title=\"Desde tempranas horas, decenas de pasajeros llegaron hasta el terrapuerto chimbotano.\" src=\"https:\/\/portal.andina.pe\/EDPFotografia3\/thumbnail\/2021\/03\/01\/000753537M.jpg\" width=\"580px\"\/><\/p>\n<p>Por ahora las empresas de transporte interprovincial operan en un 30 %. No obstante, precis\u00f3 que algunas han optado por no iniciar a\u00fan la atenci\u00f3n, debido al 50 % de aforo que deben cumplir dentro de las unidades cuando se trasladan en un recorrido de cinco horas, tal como exige el Ministerio de Transporte y Comunicaciones (MTC) y que es supervisado por la Sutran.<\/p>\n<div>\u201cNosotros contamos con un plan de vigilancia contra el <strong><a rel=\"nofollow noopener\" target=\"_blank\" href=\"https:\/\/www.gob.pe\/institucion\/minsa\/campa%C3%B1as\/699-conoce-que-es-el-coronavirus\" class=\"ApplyClass\">covid<\/a><\/strong> y como el estado de emergencia sanitaria se alarg\u00f3 estaremos verificando que todo se cumpla. Todos sabemos que la provincia del Santa ya no est\u00e1 en el nivel de riesgo extremo, sino muy alto por la cantidad de fallecidos y contagiados\u201d, puntualiz\u00f3.<\/div>\n<p>Valderrama Reyes record\u00f3 que <strong>la atenci\u00f3n se hace desde las 4:00 hasta las 21:00 horas; la partida del \u00faltimo \u00f3mnibus ser\u00e1 a las 20:45 horas.<\/strong> \u201cSe acatar\u00e1 el toque de queda y la inmovilizaci\u00f3n social obligatoria de los d\u00edas domingo\u201d, finaliz\u00f3.<\/p>\n<p><h3><strong>M\u00e1s en Andina:<\/strong><\/h3>\n<\/p>\n<\/div>\n\n<p><em> &#8221; Fuentes andina.pe &#8221; <\/em><\/p>\n","protected":false},"excerpt":{"rendered":"<p>Tras el levantamiento de la cuarentena, el terminal terrestre de la municipalidad provincial del Santa (MPS) reabri\u00f3 hoy sus puertas al p\u00fablico usuario para reiniciar el servicio de transporte interprovincial en Chimbote, que se hizo bajo estrictos protocolos de bioseguridad para contener la propagaci\u00f3n del covid-19. Desde tempranas horas, decenas de pasajeros llegaron hasta el [&hellip;]<\/p>\n","protected":false},"author":4,"featured_media":89223,"comment_status":"open","ping_status":"closed","sticky":false,"template":"","format":"standard","meta":{"om_disable_all_campaigns":false,"jnews-multi-image_gallery":[],"jnews_single_post":[],"jnews_primary_category":[],"jnews_social_meta":[],"footnotes":""},"categories":[39],"tags":[510,12368],"class_list":["post-89222","post","type-post","status-publish","format-standard","has-post-thumbnail","hentry","category-viajes","tag-covid-19","tag-viajes-interprovinciales"],"_links":{"self":[{"href":"https:\/\/dimensionturistica.com\/es\/wp-json\/wp\/v2\/posts\/89222","targetHints":{"allow":["GET"]}}],"collection":[{"href":"https:\/\/dimensionturistica.com\/es\/wp-json\/wp\/v2\/posts"}],"about":[{"href":"https:\/\/dimensionturistica.com\/es\/wp-json\/wp\/v2\/types\/post"}],"author":[{"embeddable":true,"href":"https:\/\/dimensionturistica.com\/es\/wp-json\/wp\/v2\/users\/4"}],"replies":[{"embeddable":true,"href":"https:\/\/dimensionturistica.com\/es\/wp-json\/wp\/v2\/comments?post=89222"}],"version-history":[{"count":0,"href":"https:\/\/dimensionturistica.com\/es\/wp-json\/wp\/v2\/posts\/89222\/revisions"}],"wp:featuredmedia":[{"embeddable":true,"href":"https:\/\/dimensionturistica.com\/es\/wp-json\/wp\/v2\/media\/89223"}],"wp:attachment":[{"href":"https:\/\/dimensionturistica.com\/es\/wp-json\/wp\/v2\/media?parent=89222"}],"wp:term":[{"taxonomy":"category","embeddable":true,"href":"https:\/\/dimensionturistica.com\/es\/wp-json\/wp\/v2\/categories?post=89222"},{"taxonomy":"post_tag","embeddable":true,"href":"https:\/\/dimensionturistica.com\/es\/wp-json\/wp\/v2\/tags?post=89222"}],"curies":[{"name":"wp","href":"https:\/\/api.w.org\/{rel}","templated":true}]}}