{"id":89012,"date":"2021-03-02T02:39:03","date_gmt":"2021-03-02T02:39:03","guid":{"rendered":"https:\/\/dimensionturistica.com\/es\/?p=89012"},"modified":"2021-03-02T02:39:03","modified_gmt":"2021-03-02T02:39:03","slug":"encuentran-a-jovenes-desaparecidas-en-edomex","status":"publish","type":"post","link":"https:\/\/dimensionturistica.com\/es\/encuentran-a-jovenes-desaparecidas-en-edomex\/","title":{"rendered":"Encuentran a j\u00f3venes desaparecidas en Edomex"},"content":{"rendered":"<p> <br \/>\n<\/p>\n<div id=\"crpler\">\n<p class=\"paragraph\"><strong>COACALCO<\/strong>. \u2013 <strong>Dulce Karen<\/strong>, una chica de 20 a\u00f1os de edad que desapareci\u00f3 el 24 de enero en el pueblo de <strong>San Pedro Nexapa<\/strong>, <strong>Amecameca<\/strong>, fue encontrada sepultada bajo un \u00e1rbol 33 d\u00edas despu\u00e9s, mientras que Esmeralda Citlalli de 16 a\u00f1os de edad fue reportada como extraviada el 22 de septiembre de 2020, cuando trabajaba con su padre que period &#8220;tragafuego&#8221; en un crucero, pero apareci\u00f3 con vida.<\/p>\n<p class=\"paragraph\">Estos son dos historias de <strong>j\u00f3venes desaparecidas<\/strong> y que fueron localizadas el mismo d\u00eda, el pasado 26 de febrero, pero con finales diferentes.\u00a0<\/p>\n<p class=\"paragraph\">Mientras que a <strong>Dulce Karen<\/strong> le lloraban en el pueblo de <strong>San Pedro Nexapa<\/strong> y sus familias exig\u00edan justicia, los padres de <strong>Esmeralda Citlalli <\/strong>no la pudieron ver ya que qued\u00f3 bajo la custodia de la Fiscal\u00eda Estatal, tras aparecer totalmente cambiada, con ropa de marca y sin aparente maltrato f\u00edsico.\u00a0<\/p>\n<p class=\"paragraph\">Adem\u00e1s, en la p\u00e1gina de <strong>Fb<\/strong> de Esmeralda Citlalli estaba una foto con la chica con un <strong><strong>arma de alto poder<\/strong>.<\/strong><\/p>\n<div class=\"banner m-b-10\" style=\"display: block!important;\"><img decoding=\"async\" src=\"https:\/\/dimensionturistica.com\/es\/wp-content\/uploads\/2021\/03\/Encuentran-a-jovenes-desaparecidas-en-Edomex.jpeg\"\/><\/div>\n<h3>DESDE UN PRINCIPIO, EL EX ESPOSO FUE\u00a0 SOSPECHOSO<\/h3>\n<p class=\"paragraph\">Durante 33 d\u00edas, familiares, polic\u00edas, la <strong>Guardia Nacional<\/strong>, militares y las autoridades municipales de <strong>Amecameca<\/strong> y de Ozumba buscaron en zonas boscosas de los volcanes Iztacc\u00edhuatl y Popocat\u00e9petl a\u00a0 <strong>Dulce Karen<\/strong>.\u00a0<\/p>\n<p class=\"paragraph\">Sin embargo, a las 17:00 horas del 26 de febrero, private de la <strong>Fiscal\u00eda Regional de <strong>Amecameca<\/strong> <\/strong>sac\u00f3 los restos de <strong>Dulce Karen<\/strong> de un terreno de labor que se ubica atr\u00e1s de la preparatoria anexa a la Regular de <strong>Amecameca<\/strong>, a unos kil\u00f3metros del lugar en que desapareci\u00f3.\u00a0<\/p>\n<p class=\"paragraph\">Horas antes la fiscal\u00eda detuvo a Javier &#8220;N&#8221;, exesposo de <strong>Dulce Karen<\/strong>, quien presuntamente confes\u00f3 su <strong>crimen<\/strong>.\u00a0<\/p>\n<div class=\"banner m-b-10\" style=\"display: block!important;\"><img decoding=\"async\" src=\"https:\/\/dimensionturistica.com\/es\/wp-content\/uploads\/2021\/03\/1614652742_468_Encuentran-a-jovenes-desaparecidas-en-Edomex.jpeg\"\/><\/div>\n<h3>IBAN COMPRAR UN PASTEL PARA SU HIJA<\/h3>\n<p class=\"paragraph\"><strong><strong>Dulce Karen<\/strong><\/strong> Conde P\u00e9rez, de 20 a\u00f1os de edad, se hab\u00eda citado con su ex pareja sentimental el 24 de enero para salir a comprar un pastel a <strong>Amecameca<\/strong> para el cumplea\u00f1os de su hija, de cuatro a\u00f1os de edad.\u00a0<\/p>\n<p class=\"paragraph\">Pero seg\u00fan el ex marido, <strong>Dulce Karen<\/strong> le cancel\u00f3 la salida con lo que evit\u00f3 que fuera detenido por la polic\u00eda de investigaci\u00f3n d\u00edas despu\u00e9s de que la chica fuera <strong>reportada como desaparecida<\/strong>.\u00a0<\/p>\n<p class=\"paragraph\"><img decoding=\"async\" alt=\"\" ph=\"1\" src=\"https:\/\/dimensionturistica.com\/es\/wp-content\/uploads\/2021\/03\/1614652742_736_Encuentran-a-jovenes-desaparecidas-en-Edomex.jpeg\" id=\"617682\"\/><\/p>\n<p class=\"paragraph\">Aunque la familia de la joven sosten\u00eda que el principal sospechoso period el <strong>exmarido<\/strong>, aunque no ten\u00edan prueba alguna m\u00e1s que el <strong>maltrato f\u00edsico <\/strong>a la que la somet\u00eda cuando viv\u00edan juntos.\u00a0<\/p>\n<h3>SURGE UNA EXTRA\u00d1A PISTA\u00a0<\/h3>\n<p class=\"paragraph\">El 7 de febrero, d\u00eda en que el<strong> alcalde de <strong>Amecameca<\/strong>,<\/strong> Miguel \u00c1ngel Salom\u00f3n Cort\u00e9s, organiz\u00f3 una b\u00fasqueda con la Guardia Nacional, militares, polic\u00edas y habitantes del pueblo de <strong>San Pedro Nexapa<\/strong>, surgi\u00f3 una extra\u00f1a pista.\u00a0<\/p>\n<p class=\"paragraph\">&#8220;Todos como pendejos buscando y el secreto me lo llev\u00f3 a la tumba&#8221; escribi\u00f3 el ex marido en su cuenta de <strong><strong>Fb<\/strong>,<\/strong> pero lo borr\u00f3 de manera inmediata.\u00a0<\/p>\n<p class=\"paragraph\">A\u00fan con esa evidencia, la Fiscal\u00eda Regional de <strong>Amecameca<\/strong> tard\u00f3 demasiado para detenerlo e interrogarlo.\u00a0<\/p>\n<div class=\"banner m-b-10\" style=\"display: block!important;\"><img decoding=\"async\" src=\"https:\/\/dimensionturistica.com\/es\/wp-content\/uploads\/2021\/03\/1614652742_731_Encuentran-a-jovenes-desaparecidas-en-Edomex.jpeg\"\/><\/div>\n<p class=\"paragraph\">Despu\u00e9s del siete de febrero, se organiz\u00f3 otra b\u00fasqueda con la ayuda del <strong><strong>alcalde de Ozumba<\/strong>,<\/strong> Valent\u00edn Mart\u00ednez y colaboradores.\u00a0<\/p>\n<p class=\"paragraph\">La Fiscal\u00eda Estatal se ha reservado hasta el momento dar a conocer la detenci\u00f3n de este <strong>presunto feminicida,<\/strong> ya que a\u00fan siguen las investigaciones.\u00a0<\/p>\n<h3>ACOMPA\u00d1ABA A SU PADRE A LOS CRUCEROS\u00a0<\/h3>\n<p class=\"paragraph\"><strong>Esmeralda Citlalli <\/strong>es una adolescente de 16 a\u00f1os de edad que desapareci\u00f3 el 22 de septiembre de 2020, cuando se encontraba trabajando con su padre Iv\u00e1n.\u00a0<\/p>\n<p class=\"paragraph\">\u00c9l period &#8220;<strong>tragafuegos<\/strong>&#8221; en los cruceros de <strong>Coacalco<\/strong> y Tultepec.\u00a0<\/p>\n<p class=\"paragraph\">Esmeralda Citlalli period la encargada de pasar a recoger las monedas que les daban los automovilistas.\u00a0<\/p>\n<p class=\"paragraph\">A las 22 horas del 22 de septiembre, estaban en el crucero de la<strong> <strong>avenida Tultepec<\/strong> <\/strong>y el Circuito Exterior Mexiquense cuando se le perdi\u00f3 de vista al se\u00f1or Iv\u00e1n.\u00a0<\/p>\n<p class=\"paragraph\">\u00c9l volteo por todos lados, alz\u00f3 la vista y nada. Pregunt\u00f3 con sus compa\u00f1eros y nadie se dio cuenta de su desaparici\u00f3n.\u00a0<\/p>\n<p class=\"paragraph\"><strong>Don Iv\u00e1n <\/strong>se subi\u00f3 a su bicicleta y la busc\u00f3 en los alrededores del crucero. Esmeralda Citlalli hab\u00eda desaparecido.\u00a0<\/p>\n<h3>LA VIERON JUNTO A UN AUTO NEGRO\u00a0<\/h3>\n<p class=\"paragraph\">De acuerdo la <strong>c\u00e1mara del C4 de <strong>Coacalco<\/strong>,<\/strong> Esmeralda Citlalli platicaba con el conductor de un auto negro minutos antes de su ausencia.\u00a0<\/p>\n<p class=\"paragraph\">Su padre no lo vio porque corri\u00f3 a la gasoliner\u00eda a comprar m\u00e1s di\u00e9sel para su acto de &#8220;<strong>tragafuego<\/strong>&#8220;.\u00a0<\/p>\n<p class=\"paragraph\">El se\u00f1or Iv\u00e1n se traslad\u00f3 al <strong>Ministerio P\u00fablico en <strong>Coacalco<\/strong><\/strong> en primera instancia, de ah\u00ed lo enviaron a la Fiscal\u00eda Especializada en Personas Desaparecidas en San Agust\u00edn, municipio de Ecatepec Donde se inici\u00f3 la investigaci\u00f3n.<\/p>\n<div class=\"banner m-b-10\" style=\"display: block!important;\"><img decoding=\"async\" src=\"https:\/\/dimensionturistica.com\/es\/wp-content\/uploads\/2021\/03\/1614652742_263_Encuentran-a-jovenes-desaparecidas-en-Edomex.jpeg\"\/><\/div>\n<p class=\"paragraph\">Al d\u00eda siguiente, el se\u00f1or Iv\u00e1n pidi\u00f3 le mostrar\u00e1n los movies de las <strong>c\u00e1maras del C4<\/strong> y solicitar\u00e1n los movies de las c\u00e1maras de los establecimientos aleda\u00f1os al crucero, sin embargo, le dijeron que esos movies no exist\u00edan o que no se ve\u00eda nada, cu\u00e1ndo un d\u00eda antes, \u00e9l y los polic\u00edas primeros respondientes, hab\u00edan visto a Esmeralda hablar con gente del carro negro.<\/p>\n<p class=\"paragraph\">La <strong>FGJEM<\/strong> levant\u00f3 una <strong><strong>alerta Amber<\/strong> <\/strong>para la localizaci\u00f3n de la menor de 16 a\u00f1os.\u00a0<\/p>\n<h3>SE FUE POR VOLUNTAD PROPIA\u00a0<\/h3>\n<p class=\"paragraph\">La Fiscal\u00eda Especializada para la Investigaci\u00f3n de<strong> Delitos en Materia de Desaparici\u00f3n Forzada de Personas <\/strong>y la Desaparici\u00f3n cometida por Particulares de la <strong>FGJEM<\/strong> inform\u00f3 que Esmeralda Citlalli hab\u00eda sido localizada e inform\u00f3 que se hab\u00eda ido por voluntad propia.\u00a0<\/p>\n<p class=\"paragraph\">Adem\u00e1s, antes la <strong><strong>FGJEM<\/strong><\/strong> estableci\u00f3 que no fue v\u00edctima de alg\u00fan delito en el tiempo de su ausencia.\u00a0<\/p>\n<p class=\"paragraph\">La<strong> menor de edad <\/strong>qued\u00f3 bajo cuidado de la misma fiscal\u00eda que contin\u00faa las investigaciones; adem\u00e1s, de acusar a su padre de supuesto abuso sexual.\u00a0<\/p>\n<p class=\"paragraph\"><img decoding=\"async\" alt=\"\" ph=\"1\" src=\"https:\/\/dimensionturistica.com\/es\/wp-content\/uploads\/2021\/03\/1614652742_179_Encuentran-a-jovenes-desaparecidas-en-Edomex.jpeg\" id=\"617686\"\/><\/p>\n<h3>NO SE LA DEJAN VER\u00a0<\/h3>\n<p class=\"paragraph\">Los padres de Esmeralda Citlalli no fueron informados de la <strong>aparici\u00f3n de su hija,<\/strong> se enteraron por una tercera persona y corrieron a verla a la <strong>FGJEM<\/strong>.\u00a0<\/p>\n<p class=\"paragraph\">Sin embargo, las autoridades no permitieron que entrar\u00e1n en contacto de manera inmediata. Tuvieron que esperar.\u00a0<\/p>\n<p class=\"paragraph\">Los<strong> pap\u00e1s <\/strong>al ver a la chica notaron que estaba diferente, con ropa de marca y sin ning\u00fan rasgo de abuso f\u00edsico, incluso, bien alimentada.\u00a0<\/p>\n<p class=\"paragraph\"><strong>Esmeralda Citlalli <\/strong>se neg\u00f3 a regresar a su casa y amenaz\u00f3 a sus padres de meterlos a la c\u00e1rcel por presunto abuso.\u00a0<\/p>\n<p class=\"paragraph\">Para los padres, su hija estaba bien asesorada, ya que se neg\u00f3 en todo momento decirle a la autoridad y a sus tutores en qu\u00e9 lugar estuvo durante su<strong> ausencia.<\/strong>\u00a0<\/p>\n<p class=\"paragraph\">Lo que extra\u00f1o es que, en la cuenta de<strong> Esmeralda Citlalli, <\/strong>ella posa con un <strong>arma de alto poder<\/strong> y todos sus contactos permanecen en privado.<\/p>\n<p class=\"paragraph\">(Sharira Abundez)<\/p>\n<p><!--COMENTARIOS--><!--COMENTARIOS--><\/div>\n<p><script async defer crossorigin=\"anonymous\" src=\"https:\/\/connect.facebook.net\/es_LA\/sdk.js#xfbml=1&#038;version=v3.3\"><\/script><br \/>\n<br \/><\/p>\n<p><em> &#8221; Fuentes lasillarota.com &#8221; <\/em><\/p>\n","protected":false},"excerpt":{"rendered":"<p>COACALCO. \u2013 Dulce Karen, una chica de 20 a\u00f1os de edad que desapareci\u00f3 el 24 de enero en el pueblo de San Pedro Nexapa, Amecameca, fue encontrada sepultada bajo un \u00e1rbol 33 d\u00edas despu\u00e9s, mientras que Esmeralda Citlalli de 16 a\u00f1os de edad fue reportada como extraviada el 22 de septiembre de 2020, cuando trabajaba [&hellip;]<\/p>\n","protected":false},"author":4,"featured_media":89013,"comment_status":"open","ping_status":"closed","sticky":false,"template":"","format":"standard","meta":{"om_disable_all_campaigns":false,"jnews-multi-image_gallery":[],"jnews_single_post":[],"jnews_primary_category":[],"jnews_social_meta":[],"footnotes":""},"categories":[41],"tags":[],"class_list":["post-89012","post","type-post","status-publish","format-standard","has-post-thumbnail","hentry","category-cruceros"],"_links":{"self":[{"href":"https:\/\/dimensionturistica.com\/es\/wp-json\/wp\/v2\/posts\/89012","targetHints":{"allow":["GET"]}}],"collection":[{"href":"https:\/\/dimensionturistica.com\/es\/wp-json\/wp\/v2\/posts"}],"about":[{"href":"https:\/\/dimensionturistica.com\/es\/wp-json\/wp\/v2\/types\/post"}],"author":[{"embeddable":true,"href":"https:\/\/dimensionturistica.com\/es\/wp-json\/wp\/v2\/users\/4"}],"replies":[{"embeddable":true,"href":"https:\/\/dimensionturistica.com\/es\/wp-json\/wp\/v2\/comments?post=89012"}],"version-history":[{"count":0,"href":"https:\/\/dimensionturistica.com\/es\/wp-json\/wp\/v2\/posts\/89012\/revisions"}],"wp:featuredmedia":[{"embeddable":true,"href":"https:\/\/dimensionturistica.com\/es\/wp-json\/wp\/v2\/media\/89013"}],"wp:attachment":[{"href":"https:\/\/dimensionturistica.com\/es\/wp-json\/wp\/v2\/media?parent=89012"}],"wp:term":[{"taxonomy":"category","embeddable":true,"href":"https:\/\/dimensionturistica.com\/es\/wp-json\/wp\/v2\/categories?post=89012"},{"taxonomy":"post_tag","embeddable":true,"href":"https:\/\/dimensionturistica.com\/es\/wp-json\/wp\/v2\/tags?post=89012"}],"curies":[{"name":"wp","href":"https:\/\/api.w.org\/{rel}","templated":true}]}}