{"id":88936,"date":"2021-03-01T23:30:56","date_gmt":"2021-03-01T23:30:56","guid":{"rendered":"https:\/\/dimensionturistica.com\/es\/?p=88936"},"modified":"2021-03-01T23:30:56","modified_gmt":"2021-03-01T23:30:56","slug":"coronavirus-en-peru-estos-son-los-nuevos-requisitos-para-viajar-en-bus-o-avion","status":"publish","type":"post","link":"https:\/\/dimensionturistica.com\/es\/coronavirus-en-peru-estos-son-los-nuevos-requisitos-para-viajar-en-bus-o-avion\/","title":{"rendered":"Coronavirus en Per\u00fa | Estos son los nuevos requisitos para viajar en bus o avi\u00f3n"},"content":{"rendered":"<p> <br \/>\n<\/p>\n<div id=\"article-body\">\n<p>     <!-- foto--><\/p>\n<p>El nuevo ministro de la Producci\u00f3n, <strong>Jos\u00e9 Luis Chicoma<\/strong>, inform\u00f3 que los veh\u00edculos del <strong>Sistema Integrado de Transporte de Lima y Callao<\/strong> (SIT) tendr\u00e1n un aforo del 100 % con pasajeros sentados, mientras que el resto de unidades de transporte p\u00fablico de ciudades clasificadas tambi\u00e9n con <a rel=\"nofollow noopener\" target=\"_blank\" href=\"https:\/\/rpp.pe\/ciencia\/mas-ciencia\/lo-que-los-politicos-y-la-sociedad-deberiamos-aprender-de-los-errores-de-la-pandemia-de-covid-19-noticia-1323601?ns_source=self&amp;ns_mchannel=articulo.body&amp;ns_campaign=content.rel\" data-mce-href=\"https:\/\/rpp.pe\/ciencia\/mas-ciencia\/lo-que-los-politicos-y-la-sociedad-deberiamos-aprender-de-los-errores-de-la-pandemia-de-covid-19-noticia-1323601?ns_source=self&amp;ns_mchannel=articulo.body&amp;ns_campaign=content.rel\">riesgo extremo frente a la <strong>COVID-19<\/strong><\/a>\u00a0un\u00a0capacidad del 50%.<\/p>\n<p>&#8220;En el resto de zonas que no se encuentran en el nivel de alerta extremo se prestar\u00e1 el servicio transportando \u00fanicamente a usuarios sentados con el aforo del 100%&#8221;, dijo en una conferencia de prensa.<\/p>\n<p>Con respecto al transporte interprovincial que se reactiva en todo el pa\u00eds a partir de este lunes, <strong>Jos\u00e9 Luis Chicoma <\/strong>dio a conocer\u00a0nuevas disposiciones de acuerdo con los niveles de alerta de las provincias frente a la pandemia de la <strong>COVID-19<\/strong>.\u00a0<\/p>\n<h3>Nivel de alerta extremo<\/h3>\n<p>En los <strong>viajes mayores a cinco horas que partan de provincias en nivel de alerta extremo<\/strong>, el aforo ser\u00e1 del 100% y los pasajeros deber\u00e1n presentar una prueba molecular o ant\u00edgeno con resultado negativo para COVID-19, obtenido como m\u00e1ximo 72 horas antes de embarcar.<\/p>\n<p><strong>En los viajes de hasta cinco horas<\/strong>, no se requerir\u00e1 la prueba molecular o ant\u00edgeno. Sin embargo, en este caso, <strong>el aforo ser\u00e1 del 50%<\/strong>, utilizando \u00fanicamente los asientos contiguos a las ventanas.<\/p>\n<h3>Nivel de alerta muy alto<\/h3>\n<p>En <strong>los viajes mayores a cinco horas que partan de provincias en nivel de alerta muy alto<\/strong>, el aforo ser\u00e1 del 50%; mientras que en los viajes de hasta cinco horas ser\u00e1 del 100%. En ambos casos <strong>los pasajeros no necesitan presentar la prueba molecular o ant\u00edgena<\/strong>.<\/p>\n<h3>\u00bfPara los viajes a\u00e9reos?<\/h3>\n<p>El Ejecutivo indic\u00f3 que los pasajeros que viajen dentro del pa\u00eds en aeropuertos ubicados en el nivel sanitario extremo se debe presentar una prueba molecular (PCR) o ant\u00edgena con resultado negativo. El resultado de la prueba debe tener un m\u00e1ximo de 72 horas.<\/p>\n<p><strong>NUESTROS PODCAST<\/strong><\/p>\n<p><strong>&#8220;Espacio vital&#8221;: Estudios en Sud\u00e1frica probaron que la vacuna contra la Covid-19 de Novavax no es eficaz contra la variante del virus descubierto en dicho pa\u00eds. \u00bfTodas las vacunas desarrolladas han presentado los mismos resultados?<\/strong><\/p>\n<p>\t        \t        <!-- aqui va el contenido medio de la nota -->\n\t    <\/div>\n\n<p><em> &#8221; Fuentes rpp.pe &#8221; <\/em><\/p>\n","protected":false},"excerpt":{"rendered":"<p>El nuevo ministro de la Producci\u00f3n, Jos\u00e9 Luis Chicoma, inform\u00f3 que los veh\u00edculos del Sistema Integrado de Transporte de Lima y Callao (SIT) tendr\u00e1n un aforo del 100 % con pasajeros sentados, mientras que el resto de unidades de transporte p\u00fablico de ciudades clasificadas tambi\u00e9n con riesgo extremo frente a la COVID-19\u00a0un\u00a0capacidad del 50%. &#8220;En [&hellip;]<\/p>\n","protected":false},"author":4,"featured_media":88937,"comment_status":"open","ping_status":"closed","sticky":false,"template":"","format":"standard","meta":{"om_disable_all_campaigns":false,"jnews-multi-image_gallery":[],"jnews_single_post":[],"jnews_primary_category":[],"jnews_social_meta":[],"footnotes":""},"categories":[39],"tags":[55,510,4291],"class_list":["post-88936","post","type-post","status-publish","format-standard","has-post-thumbnail","hentry","category-viajes","tag-coronavirus","tag-covid-19","tag-transporte-terrestre"],"_links":{"self":[{"href":"https:\/\/dimensionturistica.com\/es\/wp-json\/wp\/v2\/posts\/88936","targetHints":{"allow":["GET"]}}],"collection":[{"href":"https:\/\/dimensionturistica.com\/es\/wp-json\/wp\/v2\/posts"}],"about":[{"href":"https:\/\/dimensionturistica.com\/es\/wp-json\/wp\/v2\/types\/post"}],"author":[{"embeddable":true,"href":"https:\/\/dimensionturistica.com\/es\/wp-json\/wp\/v2\/users\/4"}],"replies":[{"embeddable":true,"href":"https:\/\/dimensionturistica.com\/es\/wp-json\/wp\/v2\/comments?post=88936"}],"version-history":[{"count":0,"href":"https:\/\/dimensionturistica.com\/es\/wp-json\/wp\/v2\/posts\/88936\/revisions"}],"wp:featuredmedia":[{"embeddable":true,"href":"https:\/\/dimensionturistica.com\/es\/wp-json\/wp\/v2\/media\/88937"}],"wp:attachment":[{"href":"https:\/\/dimensionturistica.com\/es\/wp-json\/wp\/v2\/media?parent=88936"}],"wp:term":[{"taxonomy":"category","embeddable":true,"href":"https:\/\/dimensionturistica.com\/es\/wp-json\/wp\/v2\/categories?post=88936"},{"taxonomy":"post_tag","embeddable":true,"href":"https:\/\/dimensionturistica.com\/es\/wp-json\/wp\/v2\/tags?post=88936"}],"curies":[{"name":"wp","href":"https:\/\/api.w.org\/{rel}","templated":true}]}}