{"id":88750,"date":"2021-03-01T16:35:49","date_gmt":"2021-03-01T16:35:49","guid":{"rendered":"https:\/\/dimensionturistica.com\/es\/?p=88750"},"modified":"2021-03-01T16:35:49","modified_gmt":"2021-03-01T16:35:49","slug":"obras-de-la-linea-4-iniciaran-este-2021-con-o-sin-apoyo-de-la-federacion-advierte-la-siop","status":"publish","type":"post","link":"https:\/\/dimensionturistica.com\/es\/obras-de-la-linea-4-iniciaran-este-2021-con-o-sin-apoyo-de-la-federacion-advierte-la-siop\/","title":{"rendered":"Obras de la L\u00ednea 4 iniciar\u00e1n este 2021, con o sin apoyo de la federaci\u00f3n, advierte la SIOP"},"content":{"rendered":"<p> <br \/>\n<\/p>\n<div>\n<p>Aunque se esperaba el inicio de las obras de la L\u00ednea 4 del Tren Ligero este mes, con la construcci\u00f3n de pasos a desnivel en los cruceros ferroviarios, la falta de recursos de la federaci\u00f3n oblig\u00f3 a reestructurar los tiempos de obra.<br \/>A decir del titular de la Secretar\u00eda de Infraestructura, David Zamora Bueno, no depender\u00e1n de los fondos federales y el proyecto se pondr\u00e1 en marcha este a\u00f1o con dinero estatal. Se\u00f1alan que la federaci\u00f3n ni siquiera entreg\u00f3 el dinero prometido para terminar los proyectos ejecutivos.<br \/>\u201cEstamos esperando, ellos se comprometieron a pagar parte de los proyectos ejecutivos, cosa que no se ha dado, pero nosotros los seguimos haciendo por administraci\u00f3n en la propia dependencia\u201d.<br \/>Sobre el Perib\u00fas, se\u00f1al\u00f3 que est\u00e1n usando una bolsa de 250 millones de pesos procedente del cr\u00e9dito de seis mil 200 millones aprobado el a\u00f1o pasado, porque tambi\u00e9n la federaci\u00f3n le neg\u00f3 recursos. En este momento los carriles centrales ya est\u00e1n finalizados, los laterales a forty five por ciento de avance y las estaciones a 30 por ciento. (Por H\u00e9ctor Escamilla Ram\u00edrez)<\/p>\n<p> <!--social share-->\n<\/div>\n<p><script async defer crossorigin=\"anonymous\" src=\"https:\/\/connect.facebook.net\/es_LA\/sdk.js#xfbml=1&#038;version=v7.0&#038;appId=143104535751409&#038;autoLogAppEvents=1\" nonce=\"5illxx41\"><\/script><br \/>\n<br \/><\/p>\n<p><em> &#8221; Fuentes www.notisistema.com &#8221; <\/em><\/p>\n","protected":false},"excerpt":{"rendered":"<p>Aunque se esperaba el inicio de las obras de la L\u00ednea 4 del Tren Ligero este mes, con la construcci\u00f3n de pasos a desnivel en los cruceros ferroviarios, la falta de recursos de la federaci\u00f3n oblig\u00f3 a reestructurar los tiempos de obra.A decir del titular de la Secretar\u00eda de Infraestructura, David Zamora Bueno, no depender\u00e1n [&hellip;]<\/p>\n","protected":false},"author":4,"featured_media":88751,"comment_status":"open","ping_status":"closed","sticky":false,"template":"","format":"standard","meta":{"om_disable_all_campaigns":false,"jnews-multi-image_gallery":[],"jnews_single_post":[],"jnews_primary_category":[],"jnews_social_meta":[],"footnotes":""},"categories":[41],"tags":[],"class_list":["post-88750","post","type-post","status-publish","format-standard","has-post-thumbnail","hentry","category-cruceros"],"_links":{"self":[{"href":"https:\/\/dimensionturistica.com\/es\/wp-json\/wp\/v2\/posts\/88750","targetHints":{"allow":["GET"]}}],"collection":[{"href":"https:\/\/dimensionturistica.com\/es\/wp-json\/wp\/v2\/posts"}],"about":[{"href":"https:\/\/dimensionturistica.com\/es\/wp-json\/wp\/v2\/types\/post"}],"author":[{"embeddable":true,"href":"https:\/\/dimensionturistica.com\/es\/wp-json\/wp\/v2\/users\/4"}],"replies":[{"embeddable":true,"href":"https:\/\/dimensionturistica.com\/es\/wp-json\/wp\/v2\/comments?post=88750"}],"version-history":[{"count":0,"href":"https:\/\/dimensionturistica.com\/es\/wp-json\/wp\/v2\/posts\/88750\/revisions"}],"wp:featuredmedia":[{"embeddable":true,"href":"https:\/\/dimensionturistica.com\/es\/wp-json\/wp\/v2\/media\/88751"}],"wp:attachment":[{"href":"https:\/\/dimensionturistica.com\/es\/wp-json\/wp\/v2\/media?parent=88750"}],"wp:term":[{"taxonomy":"category","embeddable":true,"href":"https:\/\/dimensionturistica.com\/es\/wp-json\/wp\/v2\/categories?post=88750"},{"taxonomy":"post_tag","embeddable":true,"href":"https:\/\/dimensionturistica.com\/es\/wp-json\/wp\/v2\/tags?post=88750"}],"curies":[{"name":"wp","href":"https:\/\/api.w.org\/{rel}","templated":true}]}}